{"id":105196,"date":"2022-10-11T16:55:59","date_gmt":"2022-10-11T14:55:59","guid":{"rendered":"https:\/\/www.freiburg-schwarzwald.de\/blog\/?p=105196"},"modified":"2022-10-11T22:07:29","modified_gmt":"2022-10-11T20:07:29","slug":"clare-daly-stop-ukrainekrieg","status":"publish","type":"post","link":"https:\/\/www.freiburg-schwarzwald.de\/blog\/clare-daly-stop-ukrainekrieg\/","title":{"rendered":"Clare Daly: Stop Ukrainekrieg!"},"content":{"rendered":"<p>Die irische Politikerin Clare Daly ist eine linke Abgeordnete des <a href=\"https:\/\/www.freiburg-schwarzwald.de\/blog\/global\/eu\/eu-zentralstaat\/\">Europaparlaments<\/a>. Im Gegensatz zu vielen &#8211; vor allem deutschen &#8211; <a href=\"https:\/\/www.freiburg-schwarzwald.de\/blog\/engagement\/zukunft\/demokratie\/linke\/\">Lifestyle-Linken<\/a> f\u00fchlt sie sich noch der Arbeiterklasse verbunden, also den sog. einfachen Menschen. Am 5.10.2022 hielt Clare Daly im EU-Parlament eine Rede, <!--more-->in der sie sich vehement gegen den <a href=\"https:\/\/www.freiburg-schwarzwald.de\/blog\/global\/ukraine\/ukraine-russland\/\">Ukrainekrieg<\/a> und gegen <a href=\"https:\/\/www.freiburg-schwarzwald.de\/blog\/global\/waffen\/\">Waffenlieferungen<\/a> aussprach. Und f\u00fcr <a href=\"https:\/\/www.freiburg-schwarzwald.de\/blog\/global\/ukraine\/ukraine-frieden\/\">Verhandlungen<\/a> bzw. <a href=\"https:\/\/www.freiburg-schwarzwald.de\/blog\/engagement\/zukunft\/frieden\/\">Friedensdiplomatie<\/a>. Denn: &#8222;Die Arbeiterklasse Europas hat in diesem Krieg nichts zu gewinnen und alles zu verlieren&#8220; Hier die deutsche \u00dcbersetzung der Rede, die Alexander Wallasch (siehe unten) besorgt hat:<\/p>\n<p><em>\u201eDer Krieg in der Ukraine eskaliert schnell zu einem noch umfassenderen Schrecken. Und wie ich sehe, tut praktisch niemand in diesem Saal (des EU-Parlaments) auch nur Geringste, um dieses zu verhindern.<\/em><br \/>\n<em>Tats\u00e4chlich scheinen die meisten Leute davon abzulenken, dass es eskaliert. Und genau in diesem Moment werden nat\u00fcrlich wie \u00fcblich die Stimmen, die sich dem Drang nach Krieg entgegenstellen, attackiert und zum Schweigen gebracht, als Verr\u00e4ter, Kumpane, Putin-Marionetten, Kreml-Handlanger, russische Agenten verleumdet. Ehrlich gesagt ist das erb\u00e4rmlich.<\/em><br \/>\n<em>Und ich ziehe diesen Vergleich nicht leichtfertig: Aber die Grobheit und der Zynismus dieser Beleidigungen, die von den Mainstream-EU-Parteien kommen, k\u00f6nnten genauso gut von Hermann G\u00f6ring stammen, der infamerweise sagte, dass die Menschen, obwohl sie niemals Krieg wollen, zum Krieg gebracht werden k\u00f6nnen mit Drohungen und Verleumdungen. Er sagte: Alles, was Sie tun m\u00fcssen, ist ihnen zu sagen, dass sie angegriffen werden, die Pazifisten wegen mangelnden Patriotismus denunzieren und dass sie ihr Land einer Gefahr aussetzen w\u00fcrden.<\/em><br \/>\n<em>Der gleiche Weg wird hier beschritten. Wo er hinf\u00fchrt, dorthin folgen Sie. Dieses Haus sollte sich f\u00fcr diese Debatte sch\u00e4men.<\/em><br \/>\n<em>Worte werden verdreht, also untergraben, und die Wahrheit wird auf den Kopf gestellt. Sich dem schrecklichen Wahnsinn des Krieges zu widersetzen,<br \/>\nist nicht antieurop\u00e4isch,<br \/>\nes ist nicht antiukrainisch.<br \/>\nEs ist nicht prorussisch.<br \/>\nEs ist gesunder Menschenverstand.<br \/>\nDie Arbeiterklasse Europas hat in diesem Krieg nichts zu gewinnen und alles zu verlieren. Und ich finde es l\u00e4cherlich, dass diejenigen, die nach Waffen f\u00fcr die Ukraine rufen, niemals Waffen f\u00fcr die Menschen in Pal\u00e4stina oder f\u00fcr die Menschen im Jemen fordern. Anders als Sie bin ich gegen jeden Krieg. Ich m\u00f6chte ihn stoppen. Daf\u00fcr entschuldige ich mich nicht. Und ich werde auch nicht zulassen, dass man mich zum S\u00fcndenbock macht \u2026\u201c<\/em><\/p>\n<p>Eine gro\u00dfartige Rede von der irischen Linken Clare Daly. Warum besch\u00e4ftigt sich die deutsche Linke lieber mit <a href=\"https:\/\/www.freiburg-schwarzwald.de\/blog\/engagement\/zukunft\/demokratie\/identitaetspolitik\/\">Identit\u00e4tspolitik<\/a> und innerparteilichen Querelen, anstatt sich im Sinne des linken <a href=\"https:\/\/www.freiburg-schwarzwald.de\/blog\/engagement\/zukunft\/frieden\/pazifismus\/\">Pazifismus<\/a> f\u00fcr einen sofortigen Waffenstillstand und <a href=\"https:\/\/www.freiburg-schwarzwald.de\/blog\/engagement\/zukunft\/frieden\/friedensbewegung\/\">Verhandlungen<\/a> im Ukrainekrieg einzusetzen? Friedensrhetorik mu\u00df auch in Deutschland die Kriegsrhetorik abl\u00f6sen.<br \/>\n11.10.2022<\/p>\n<p><strong>\u201eDie Arbeiterklasse Europas hat in diesem Krieg nichts zu gewinnen und alles zu verlieren\u201c<\/strong><br \/>\nDie irische Linke Clare Daly hat im Europarlament vorgef\u00fchrt, wie man zum Ukrainekrieg durchaus traditionelle linke pazifistische Positionen vertreten kann.<br \/>\n&#8230; Alles vom 10.10.2022 bitte lesen auf<br \/>\n<a href=\"https:\/\/www.alexander-wallasch.de\/politik\/die-arbeiterklasse-europas-hat-in-diesem-krieg-nichts-zu-gewinnen-und-alles-zu-verlieren\">https:\/\/www.alexander-wallasch.de\/politik\/die-arbeiterklasse-europas-hat-in-diesem-krieg-nichts-zu-gewinnen-und-alles-zu-verlieren<\/a><\/p>\n<p><a href=\"https:\/\/www.europarl.europa.eu\/meps\/de\/197731\/CLARE_DALY\/main-activities\/plenary-speeches\">https:\/\/www.europarl.europa.eu\/meps\/de\/197731\/CLARE_DALY\/main-activities\/plenary-speeches<\/a><\/p>\n<p>EU Politik verl\u00e4ngert den Krieg in der Ukrainer \/ Rede von Clare Daly im EU-Parlament am 11.4.2022:<br \/>\n<a href=\"https:\/\/youtu.be\/4q-NAyiDIIY\">https:\/\/youtu.be\/4q-NAyiDIIY<\/a><\/p>\n","protected":false},"excerpt":{"rendered":"<p>Die irische Politikerin Clare Daly ist eine linke Abgeordnete des Europaparlaments. Im Gegensatz zu vielen &#8211; vor allem deutschen &#8211; Lifestyle-Linken f\u00fchlt sie sich noch der Arbeiterklasse verbunden, also den sog. einfachen Menschen. Am 5.10.2022 hielt Clare Daly im EU-Parlament &hellip; <a href=\"https:\/\/www.freiburg-schwarzwald.de\/blog\/clare-daly-stop-ukrainekrieg\/\">Weiterlesen <span class=\"meta-nav\">&rarr;<\/span><\/a><\/p>\n","protected":false},"author":2,"featured_media":0,"comment_status":"open","ping_status":"closed","sticky":false,"template":"","format":"standard","meta":{"footnotes":""},"categories":[195,210,14],"tags":[520,667,525],"class_list":["post-105196","post","type-post","status-publish","format-standard","hentry","category-eu","category-gewalt","category-global","tag-frieden","tag-krieg","tag-politik"],"_links":{"self":[{"href":"https:\/\/www.freiburg-schwarzwald.de\/blog\/wp-json\/wp\/v2\/posts\/105196","targetHints":{"allow":["GET"]}}],"collection":[{"href":"https:\/\/www.freiburg-schwarzwald.de\/blog\/wp-json\/wp\/v2\/posts"}],"about":[{"href":"https:\/\/www.freiburg-schwarzwald.de\/blog\/wp-json\/wp\/v2\/types\/post"}],"author":[{"embeddable":true,"href":"https:\/\/www.freiburg-schwarzwald.de\/blog\/wp-json\/wp\/v2\/users\/2"}],"replies":[{"embeddable":true,"href":"https:\/\/www.freiburg-schwarzwald.de\/blog\/wp-json\/wp\/v2\/comments?post=105196"}],"version-history":[{"count":5,"href":"https:\/\/www.freiburg-schwarzwald.de\/blog\/wp-json\/wp\/v2\/posts\/105196\/revisions"}],"predecessor-version":[{"id":105225,"href":"https:\/\/www.freiburg-schwarzwald.de\/blog\/wp-json\/wp\/v2\/posts\/105196\/revisions\/105225"}],"wp:attachment":[{"href":"https:\/\/www.freiburg-schwarzwald.de\/blog\/wp-json\/wp\/v2\/media?parent=105196"}],"wp:term":[{"taxonomy":"category","embeddable":true,"href":"https:\/\/www.freiburg-schwarzwald.de\/blog\/wp-json\/wp\/v2\/categories?post=105196"},{"taxonomy":"post_tag","embeddable":true,"href":"https:\/\/www.freiburg-schwarzwald.de\/blog\/wp-json\/wp\/v2\/tags?post=105196"}],"curies":[{"name":"wp","href":"https:\/\/api.w.org\/{rel}","templated":true}]}}