{"id":105085,"date":"2022-10-08T20:19:14","date_gmt":"2022-10-08T18:19:14","guid":{"rendered":"https:\/\/www.freiburg-schwarzwald.de\/blog\/?p=105085"},"modified":"2022-10-08T20:19:14","modified_gmt":"2022-10-08T18:19:14","slug":"schalom-rechnungen-bezahlt","status":"publish","type":"post","link":"https:\/\/www.freiburg-schwarzwald.de\/blog\/schalom-rechnungen-bezahlt\/","title":{"rendered":"Schalom: Rechnungen bezahlt"},"content":{"rendered":"<p><a href=\"https:\/\/www.freiburg-schwarzwald.de\/blog\/engagement\/zukunft\/frieden\/\">Frieden<\/a> auf <a href=\"https:\/\/www.freiburg-schwarzwald.de\/blog\/religion\/juden\/\">hebr\u00e4isch<\/a> hei\u00dft Schalom und \u00fcbersetzt <em>&#8222;Alle Rechnungen sind bezahlt&#8220;<\/em> (s.u.). In Deutschland k\u00f6nnen heute Rechnungen immer \u00f6fters nicht beglichen werden. Ob die Wucht der Preissteigerungen die Gesellschaft <a href=\"https:\/\/www.freiburg-schwarzwald.de\/blog\/global\/deutschland\/buergerkrieg\/\">auseinanderrei\u00dfe<\/a>, fragt Anne Will die <a href=\"https:\/\/www.freiburg-schwarzwald.de\/blog\/business\/handel\/tafel\/\">Tafel<\/a>-Gr\u00fcnderin Sabine Werth am 2.10.2022. Diese antwortet: <em>&#8222;Es scheint der Fall zu sein.&#8220;<\/em><br \/>\n<!--more--><br \/>\n(1) Durch die staatlich verordneten <a href=\"https:\/\/www.freiburg-schwarzwald.de\/blog\/business\/gesund\/corona-virus\/lockdown-endlos\/\">Corona-Lockdowns<\/a> konnten viele Unternehmer ihre Rechnungen nicht mehr begleichen, die Insolvenz drohte, wenn der Staat nicht mit \u00dcberbr\u00fcckungszahlungen einsprang.<br \/>\n(2) Die <a href=\"https:\/\/www.freiburg-schwarzwald.de\/blog\/global\/migration\/kontrollierte-grenzen\/\">unkontrollierte Grenzen<\/a> locken weiterhin viele <a href=\"https:\/\/www.freiburg-schwarzwald.de\/blog\/global\/migration\/migration2021\/\">Migranten<\/a> ins Land, die ihre Rechnungen auf Jahre hinaus nicht bezahlen k\u00f6nnen &#8211; aber das Transfereinkommen kommt vom Staat.<br \/>\n(3) <a href=\"https:\/\/www.freiburg-schwarzwald.de\/blog\/business\/wirtschaft\/sanktionen\/\">Sanktionen<\/a> incl. <a href=\"https:\/\/www.freiburg-schwarzwald.de\/blog\/industriekollaps-ohne-gasimport\/\">Gas-Embargo<\/a> lassen die <a href=\"https:\/\/www.freiburg-schwarzwald.de\/blog\/energie\/energiekosten\/\">Energiekosten<\/a> steigen, so da\u00df viele Haushalte ihre Rechnungen nicht mehr bedienen k\u00f6nnen &#8211; Hilfspakete des Staates sind notwendig.<\/p>\n<p>Shalom hat bei allen drei Beispielen keine Chance, sie vollziehen sich zudem nach dem Muster &#8222;Der Brandstifter ruft die eigene Feuerwehr&#8220;:<br \/>\nMit ihrer <a href=\"https:\/\/www.freiburg-schwarzwald.de\/blog\/business\/gesund\/corona-virus\/\">Corona-<\/a>, <a href=\"https:\/\/www.freiburg-schwarzwald.de\/blog\/global\/migration\/migrationspolitik\/\">Migrations-<\/a> und <a href=\"https:\/\/www.freiburg-schwarzwald.de\/blog\/energie\/energiepolitik\/\">Energiepolitik<\/a> schafft die <a href=\"https:\/\/www.freiburg-schwarzwald.de\/blog\/engagement\/zukunft\/demokratie\/gruen-links\/\">linke<\/a> Regierung Probleme, deren Auswirkungen sie dann als vermeintliche Wohlt\u00e4terin durch das &#8222;Schn\u00fcren von Hilfspaketen&#8220; (<a href=\"https:\/\/www.freiburg-schwarzwald.de\/blog\/engagement\/zukunft\/demokratie\/ampel\/\">Olaf Scholz<\/a>) \u00fcber Geldzahlungen &#8211; allesamt durch Aufnahme zus\u00e4tzlicher Kredite finanziert &#8211; zu lindern versucht. Innerer Frieden auf Pump.<br \/>\nDer <a href=\"https:\/\/www.freiburg-schwarzwald.de\/blog\/rezession-innerer-friede\/\">innere Frieden<\/a> ist bedroht. Schalom!<br \/>\n8.10.2022<br \/>\n.<\/p>\n<p><strong>Schalom = Frieden: &#8222;Alle Rechnungen sind bezahlt&#8220;<\/strong><br \/>\n<strong>Frieden und Wohlstand geh\u00f6ren zusammen<\/strong><br \/>\nDie israelitische Weisheit des &#8222;Schalom&#8220; geh\u00f6rt auch zur christlichen Wahrheit: Ein Wohlstand, in dem Menschen und Staaten ihre Rechnungen bezahlen k\u00f6nnen, ist Gold wert, weil er dem irdischen Frieden dient.<br \/>\nDas hebr\u00e4ische Wort f\u00fcr \u201eFrieden\u201c hat einen erstaunlich finanziellen Wurzelgrund: \u201eSchalom\u201c kann mit \u201ealle Rechnungen sind bezahlt\u201c \u00fcbersetzt werden, denn die Wurzel des Begriffs \u201eSchalom\u201c h\u00e4ngt mit Vorg\u00e4ngen wie \u201ebezahlen\u201c, \u201ebegleichen\u201c und \u201ezur\u00fcckerstatten\u201c zusammen. \u201eFrieden\u201c ist ein Zustand, wo Rechnungen beglichen sind. \u201eSchalom\u201c kann darum auch mit <a href=\"https:\/\/www.freiburg-schwarzwald.de\/blog\/selbsthilfe\/soziales\/wohlstand\/\">\u201eWohlstand\u201c<\/a> \u00fcbersetzt werden.<\/p>\n<p>Aus dieser Perspektive ist es verst\u00e4ndlich, wenn im gegenw\u00e4rtigen Deutschland der Friede verlorengeht: Gr\u00f6\u00dfere Teile der Bev\u00f6lkerung haben Schwierigkeiten, ihre Strom- und Energierechnungen zu bezahlen. Zudem haben die unverh\u00e4ltnism\u00e4\u00dfigen Covid-Lockdowns dazu gef\u00fchrt, dass viele ohne staatliche Finanzhilfe am Ende gewesen w\u00e4ren. Und kann das dem Frieden dienen, wenn grenzenlos Migranten aufgenommen werden, von denen mehr als gewollt vielleicht \u00fcber Generationen hinweg ihre Rechnungen ohne Staatshilfe nicht bezahlen werden k\u00f6nnen?<br \/>\n&#8230; Alles vom 2.10.2022 von Achijah Zorn bitte lesen auf<br \/>\n<a href=\"https:\/\/www.tichyseinblick.de\/kolumnen\/vorwort-zum-sonntag\/schalom-frieden-wohlstand\/\">https:\/\/www.tichyseinblick.de\/kolumnen\/vorwort-zum-sonntag\/schalom-frieden-wohlstand\/<\/a><\/p>\n<p>Einige Kommentare:<br \/>\n\u201eFrieden und Wohlstand geh\u00f6ren zusammen\u201c.<br \/>\nIch wei\u00df nicht so recht. Wir hatten jetzt 70 \u201efette Jahre\u201c. Gut, die verbrachten wir in Frieden. Hier stimmt Ihre Behauptung, Herr Zorn. Wiederum, es hei\u00dft auch \u201eWenn\u2018s dem Esel zu wohl geht, geht er auf\u2018s Eis tanzen\u201c. So sieht es doch nun in Deutschland, in Europa, USA, Kanada aus: Wokeness, Gender-Gaga, LGBXY, Klima\/Energiekrise, Coronahysterie. Dazu jetzt auch noch Kriegsgeschrei (Ukraine-Ru\u00dfland).<br \/>\nMenschen scheint ein zu langes gutes Wohlleben nicht zu bekommen. Ein voller Bauch, blo\u00dfer Materialismus gen\u00fcgen nicht. \u201eDer Mensch lebt eben nicht nur vom Brot allein\u201c sagte Jesus. Und da Gott abgeschafft wurde, wurden Ideologien erschaffen, Ersatzreligionen; denn der Mensch kann im Nichts (Nihilismus) nicht existieren. Es ist wirklich ein Dilemma und sehr bedr\u00fcckend.<br \/>\n2.10.2022, Sid<\/p>\n<p>Auf den Zusammenhang diverser, religi\u00f6ser Ethiken \u2013 insbesondere der protestantischen Ethik \u2013 mit rational- kapitalistischen Wirtschaftsweisen hat der gro\u00dfe Religionssoziologe Max Weber in seinem epochalen Werk \u00fcber die \u201eprotestantische Ethik und den Geist des Kapitalismus\u201c hingewiesen.<br \/>\nSparsamkeit und Kapitalakkumulation als Basis f\u00fcr Wohlstand.<br \/>\nNat\u00fcrlich hat sich der Kapitalismus inzwischen doch sehr stark von seinen religi\u00f6sen Wurzeln emanzipiert.<br \/>\nAber Webers Werk sei allen zur Lekt\u00fcre empfohlen, insbesondere aber den einseitig links-orientierten Ideologen, zum Zwecke der Erweiterung ihres geistigen Horizonts!<br \/>\n2.10.2022, A.E.<br \/>\nEnde Kommentare<\/p>\n","protected":false},"excerpt":{"rendered":"<p>Frieden auf hebr\u00e4isch hei\u00dft Schalom und \u00fcbersetzt &#8222;Alle Rechnungen sind bezahlt&#8220; (s.u.). In Deutschland k\u00f6nnen heute Rechnungen immer \u00f6fters nicht beglichen werden. Ob die Wucht der Preissteigerungen die Gesellschaft auseinanderrei\u00dfe, fragt Anne Will die Tafel-Gr\u00fcnderin Sabine Werth am 2.10.2022. Diese &hellip; <a href=\"https:\/\/www.freiburg-schwarzwald.de\/blog\/schalom-rechnungen-bezahlt\/\">Weiterlesen <span class=\"meta-nav\">&rarr;<\/span><\/a><\/p>\n","protected":false},"author":2,"featured_media":0,"comment_status":"open","ping_status":"closed","sticky":false,"template":"","format":"standard","meta":{"footnotes":""},"categories":[4,5,172],"tags":[239,520,649,525,316,643],"class_list":["post-105085","post","type-post","status-publish","format-standard","hentry","category-branchen","category-energie","category-zukunft","tag-energiesparen","tag-frieden","tag-links","tag-politik","tag-schulden","tag-wohl"],"_links":{"self":[{"href":"https:\/\/www.freiburg-schwarzwald.de\/blog\/wp-json\/wp\/v2\/posts\/105085","targetHints":{"allow":["GET"]}}],"collection":[{"href":"https:\/\/www.freiburg-schwarzwald.de\/blog\/wp-json\/wp\/v2\/posts"}],"about":[{"href":"https:\/\/www.freiburg-schwarzwald.de\/blog\/wp-json\/wp\/v2\/types\/post"}],"author":[{"embeddable":true,"href":"https:\/\/www.freiburg-schwarzwald.de\/blog\/wp-json\/wp\/v2\/users\/2"}],"replies":[{"embeddable":true,"href":"https:\/\/www.freiburg-schwarzwald.de\/blog\/wp-json\/wp\/v2\/comments?post=105085"}],"version-history":[{"count":1,"href":"https:\/\/www.freiburg-schwarzwald.de\/blog\/wp-json\/wp\/v2\/posts\/105085\/revisions"}],"predecessor-version":[{"id":105086,"href":"https:\/\/www.freiburg-schwarzwald.de\/blog\/wp-json\/wp\/v2\/posts\/105085\/revisions\/105086"}],"wp:attachment":[{"href":"https:\/\/www.freiburg-schwarzwald.de\/blog\/wp-json\/wp\/v2\/media?parent=105085"}],"wp:term":[{"taxonomy":"category","embeddable":true,"href":"https:\/\/www.freiburg-schwarzwald.de\/blog\/wp-json\/wp\/v2\/categories?post=105085"},{"taxonomy":"post_tag","embeddable":true,"href":"https:\/\/www.freiburg-schwarzwald.de\/blog\/wp-json\/wp\/v2\/tags?post=105085"}],"curies":[{"name":"wp","href":"https:\/\/api.w.org\/{rel}","templated":true}]}}