{"id":105057,"date":"2022-10-07T20:07:14","date_gmt":"2022-10-07T18:07:14","guid":{"rendered":"https:\/\/www.freiburg-schwarzwald.de\/blog\/?p=105057"},"modified":"2022-10-07T20:09:45","modified_gmt":"2022-10-07T18:09:45","slug":"zollitsch-sexueller-missbrauch","status":"publish","type":"post","link":"https:\/\/www.freiburg-schwarzwald.de\/blog\/zollitsch-sexueller-missbrauch\/","title":{"rendered":"Zollitsch: Sexueller Missbrauch"},"content":{"rendered":"<p>Die streng hierarchische Struktur der <a href=\"https:\/\/www.freiburg-schwarzwald.de\/blog\/religion\/katholisch\/\">katholischen Kirche<\/a> beeinhaltet, da\u00df die &#8222;da oben&#8220; alle Macht haben und alles \u00fcber die <a href=\"https:\/\/www.freiburg-schwarzwald.de\/blog\/selbsthilfe\/krise\/sexuellermissbrauch\/\">sexualisierte Gewalt<\/a> derer &#8222;da unten&#8220; gewu\u00dft und geduldet haben. Wenn der fr\u00fchere Freiburger Erzbischof Robert Zollitsch in seinem nach 2018 zweiten &#8222;Mea culpa&#8220;-Video erkl\u00e4rt, <!--more-->er habe &#8222;das gro\u00dfe Ausma\u00df und vor allem die Folgen f\u00fcr die Betroffenen der Verbrechen sexualisierter Gewalt und des Missbrauchs nicht erfasst und der Wahrheit nicht in die Augen geschaut&#8220;, dann kann dies nicht stimmen. Schlie\u00dflich war er 20 Jahre lang &#8222;da oben&#8220; Personalchef im Erzbistum und die Priester waren das ihm unterstellte Personal.<br \/>\n.<br \/>\nWenn Robert Zollitsch in seiner Video-Erkl\u00e4rung die Schuld von sich &#8222;da oben&#8220; auf seine Untergebenen &#8222;da unten&#8220; verteilt bzw. schiebt, dann ist dies ein Widerspruch in sich, den man als L\u00fcge bezeichnen mu\u00df.<\/p>\n<p>Es ist traurig, wie tief die katholische <a href=\"https:\/\/www.freiburg-schwarzwald.de\/blog\/religion\/kirchen\/\">Kirche<\/a> gesunken ist &#8211; um die <a href=\"https:\/\/www.freiburg-schwarzwald.de\/blog\/religion\/evangelisch\/\">evangelische<\/a> steht es leider auch nicht besser. Nicht nur im Hinblick auf den <a href=\"https:\/\/www.freiburg-schwarzwald.de\/blog\/selbsthilfe\/frauen\/gender\/sexuell\/\">sexuellen<\/a> Mi\u00dfbrauch von <a href=\"https:\/\/www.freiburg-schwarzwald.de\/blog\/selbsthilfe\/kinder\/kinderschutz\/\">Kindern<\/a>, sondern aktuell bez\u00fcglich der kirchlichen Kriegsrhetorik &#8211; erschreckend, wie deutlich sich die christlichen Kirchen von der <a href=\"https:\/\/www.freiburg-schwarzwald.de\/blog\/engagement\/zukunft\/frieden\/friedensbewegung\/\">Friedensbewegung<\/a> abgesetzt haben.<br \/>\n.<br \/>\n<a href=\"https:\/\/www.freiburg-schwarzwald.de\/blog\/religion\/christen\/bibel\/\">Peter Hahne<\/a> hat in seiner Rede zu seiner <a href=\"https:\/\/www.freiburg-schwarzwald.de\/blog\/engagement\/zukunft\/demokratie\/politik\/politik-illusionen\/\">Verleihung der Ehrendoktorw\u00fcrde<\/a> der Theologischen Hochschule Basel am 1.10.2022 gesagt: &#8222;An der Fassade der Freiburger Universit\u00e4t prangt in Gold ausgemalt das Motto seit Gr\u00fcndung im Jahr 1457: Die Wahrheit wird euch frei machen. Ein w\u00f6rtliches Zitat von Jesus Christus aus dem Johannes-Evangelium. Darauf ruht deutsche Bildung! Wo wir Gott los werden, geht auch Bildung, Erziehung, Kultur und die Freiheit der Wissenschaft fl\u00f6ten. Wo die Wahrheit nicht mehr gesucht wird, findet man nur noch L\u00fcge! Unsere aktuelle Lage spricht B\u00e4nde!&#8220; F\u00fcr diese L\u00fcgensituation bietet das erb\u00e4rmliche Entschuldigungs-Video von Robert Zollitsch ein erschreckendes Beispiel.<\/p>\n<p><a href=\"https:\/\/www.freiburg-schwarzwald.de\/blog\/religion\/gott\/\">Peter Hahne<\/a> weiter: &#8222;Vor Jahren noch waren Katholische Kirche und Evangelikale Bewegung Hand in Hand H\u00fcter christlicher Prinzipien auf der politischen B\u00fchne. Heute st\u00fcrzt sich der Katholizismus in Lichtgeschwindigkeit <a href=\"https:\/\/www.freiburg-schwarzwald.de\/blog\/religion\/christen\/kirchenaustritt\/\">in den Selbstmord<\/a>. &#8230;<br \/>\n<em><strong>Wir Christen haben aus der Hoffnungsbotschaft des Evangeliums eine Angstreligion gemacht!<\/strong> <\/em>Erstmals in der Geschichte des Christentums! Fr\u00fcher war es das Markenzeichen der Kirchen und der Christen, Hoffnung in hoffnungsloser Zeit zu spenden, indem man die Leute sammelte, tr\u00f6stete, mit ihnen gemeinsam Gottesdienst feierte &#8230; Stattdessen \u00fcbertreffen wir heute die gottlose Welt mit panischer Angst&#8230;.<br \/>\nChristen sind Kreuz- und Querdenker. Keine vom Zeitgeist getriebenen Anpasser. &#8230;<br \/>\n<em><strong>Holt Gott zur\u00fcck in die Politik!<\/strong><\/em>&#8220;<\/p>\n<p>Dazu brauchen wir keine Kirche, die sexualisierte Gewalt verharmlost, dem <a href=\"https:\/\/www.freiburg-schwarzwald.de\/blog\/kultur\/kulturverlust\/woke\/\">woken<\/a> Zeitgeist hinterherl\u00e4uft und der Migrations-, Corona- wie <a href=\"https:\/\/www.freiburg-schwarzwald.de\/blog\/global\/eu\/europa\/nato\/\">Nato<\/a>-Politik der <a href=\"https:\/\/www.freiburg-schwarzwald.de\/blog\/engagement\/zukunft\/demokratie\/ampel\/\">Ampel<\/a>-Regierung applaudiert. Sondern eine Kirche, die <em><strong>Hoffnung anstelle von Angst<\/strong><\/em> bringt durch Verk\u00fcndigung des Evangeliums und die sich ganz schlicht sexder Seelsorge widmet.<br \/>\n7.10.2022<br \/>\n.<br \/>\nDen Text des Videos von Zollitsch finden Sie hier:<br \/>\n<a href=\"https:\/\/www.badische-zeitung.de\/freiburger-ex-erzbischof-zollitsch-bittet-missbrauchsbetroffene-um-verzeihung\">https:\/\/www.badische-zeitung.de\/freiburger-ex-erzbischof-zollitsch-bittet-missbrauchsbetroffene-um-verzeihung<\/a><br \/>\nDas Video (in Ausschnitten):<br \/>\n<a href=\"https:\/\/www.domradio.de\/video\/missbrauch-zollitsch-raeumt-fehler-ein\">https:\/\/www.domradio.de\/video\/missbrauch-zollitsch-raeumt-fehler-ein<\/a><br \/>\n<a href=\"https:\/\/www.robert-zollitsch.de\">https:\/\/www.robert-zollitsch.de<\/a><\/p>\n<p>&nbsp;<\/p>\n<p><strong>Freiburgs Ex-Erzbischof Zollitsch hat Lebensl\u00fcgen offen gelegt<\/strong><br \/>\nDer ehemalige Freiburger Erzbischof Robert Zollitsch hat sich zu seiner Schuld im Umgang mit den Opfern im Missbrauchsskandal bekannt. Die Verantwortung verteilt er dabei aber auch auf andere.<br \/>\nDer ehemalige Freiburger Erzbischof Robert Zollitsch hat sein Schweigen gebrochen. In einem Video bekennt er sich zu seiner Schuld, sexualisierte Gewalt durch Kleriker unter Verschluss gehalten zu haben und bittet Menschen, die Missbrauch erlitten haben, um Verzeihung. Es schmerze ihn, dass er Betroffenen nicht mit mehr Empathie begegnet sei, sagt Zollitsch und wirkt dabei durchaus glaubw\u00fcrdig.<br \/>\nDass er ohne jede Ank\u00fcndigung seine mediale Bombe platzen lie\u00df, zeigt aber, dass er heute keine Spur weiter ist. Eine Betroffene aus dem Erzbistum berichtet, dass sie beim Lesen der Nachricht eine Panikattacke erlitt und spricht von Retraumatisierung.<br \/>\nZollitsch bittet nur f\u00fcr sich selbst um Entschuldigung<br \/>\nZollitschs Klage, dass das Erzbistum ihm &#8222;Einblick in die Unterlagen der laufenden Untersuchung&#8220; verweigert habe, l\u00e4sst zweifeln, ob er die notwendige Unabh\u00e4ngigkeit von Gutachtern respektiert. Zollitsch versteht seine Erkl\u00e4rung ausdr\u00fccklich als Beitrag zur Aufkl\u00e4rung und Aufarbeitung. Das ist sie \u2013 aber wohl anders, als er es beabsichtigt hat. Sein Statement ist von dem Bem\u00fchen getragen, f\u00fcr sich selbst um Entschuldigung zu bitten, seinen eigenen Beitrag zur Aufkl\u00e4rung zu belegen und die Schuld auf weitere Verantwortliche im Erzbistum zu verteilen. Gerade damit legt er die verh\u00e4ngnisvollen Mechanismen des Katholizismus und die Lebensl\u00fcgen vieler verantwortlicher Kirchenm\u00e4nner offen.<br \/>\n&#8230; Alles vom 6.10.2022 von Sigrun Rehm bitte lesen auf<br \/>\n<a href=\"https:\/\/www.badische-zeitung.de\/freiburgs-ex-erzbischof-zollitsch-hat-lebensluegen-offen-gelegt--218476787.html\">https:\/\/www.badische-zeitung.de\/freiburgs-ex-erzbischof-zollitsch-hat-lebensluegen-offen-gelegt&#8211;218476787.html<\/a><\/p>\n<p>Kommentare:<br \/>\nZollitsch hat 2010 noch jede Verantwortung von sich geschoben<br \/>\nAuch wenn ich Zollitschs Erkl\u00e4rung begr\u00fc\u00dfe, kommt sie \u00fcber 12 Jahre zu sp\u00e4t. Die Missbrauchsf\u00e4lle in Oberharmersbach, die nun immer wieder zitiert werden, sind 2010 nach dem Ansto\u00df von Pater Mertes im Canisiuskolleg massiv zutage getreten, durch zahllose Betroffene, die daraufhin ihr Schweigen endlich brechen konnten. Doch der damalige Erzbischof Zollitsch hat 2010 noch jede Verantwortung von sich geschoben und eine Entschuldigung oder auch nur den Dialog vor Ort abgelehnt. Zu dieser Zeit war ich Pfarrgemeinderat in der Seelsorgeeinheit Zell am Harmersbach und habe den Umgang der hauptamtlichen Seelsorger:innen vor Ort und deren Bem\u00fchen um eine angemessene Aufarbeitung direkt miterlebt. Von daher kann ich zumindest von der Kirchenbasis her sagen (und das erstreckt sich meiner Wahrnehmung nach auf den allergr\u00f6\u00dften Teil der katholischen Kirche auch bis hin in die Leitungsebenen): im Erzbistum Freiburg sind wir gl\u00fccklicherweise schon l\u00e4ngst \u00fcber die Lippenbekenntnisse hinaus. Tragischerweise bleiben jedoch die Pr\u00e4vention, der Umgang mit F\u00e4llen, die angemessene Entsch\u00e4digung der Betroffenen und die Aufarbeitung von Missbrauch und der Strukturen, die ihn beg\u00fcnstigen, von nun feste Aufgabe (keinesfalls ausschlie\u00dflich) der Kirche und der entsprechenden Beh\u00f6rden.<br \/>\n6.10.2022, A.Sch.<\/p>\n<p>Die eine Hand &#8230; und die andere Hand<br \/>\n&#8222;Aus diesem Grund habe ich um Einblick in die Unterlagen der laufenden Untersuchung, um eine direkte Auseinandersetzung, sowie ein pers\u00f6nliches Gespr\u00e4ch mit den Verantwortlichen im Erzbistum Freiburg gebeten &#8211; leider allzu lange ohne Erfolg.&#8220;<br \/>\nHier liegt der Hund begraben &#8211; f\u00fcr die Verschiebung der Ver\u00f6ffentlichung des Missbrauchsgutachtens. Die eine Hand des ehemaligen Erzbischofs &#8222;entschuldigt&#8220; sich &#8211; die andere behindert Aufkl\u00e4rung und Aufarbeitung.<br \/>\n6.10.2022, A.M.<br \/>\nEnde Kommentare<\/p>\n","protected":false},"excerpt":{"rendered":"<p>Die streng hierarchische Struktur der katholischen Kirche beeinhaltet, da\u00df die &#8222;da oben&#8220; alle Macht haben und alles \u00fcber die sexualisierte Gewalt derer &#8222;da unten&#8220; gewu\u00dft und geduldet haben. Wenn der fr\u00fchere Freiburger Erzbischof Robert Zollitsch in seinem nach 2018 zweiten &hellip; <a href=\"https:\/\/www.freiburg-schwarzwald.de\/blog\/zollitsch-sexueller-missbrauch\/\">Weiterlesen <span class=\"meta-nav\">&rarr;<\/span><\/a><\/p>\n","protected":false},"author":2,"featured_media":0,"comment_status":"open","ping_status":"closed","sticky":false,"template":"","format":"standard","meta":{"footnotes":""},"categories":[210,60,261,61,89,19],"tags":[775,732,765,488,503,771,650],"class_list":["post-105057","post","type-post","status-publish","format-standard","hentry","category-gewalt","category-jugend","category-katholisch","category-kinder","category-kirchen","category-religion","tag-christ","tag-gewalt","tag-kath","tag-child","tag-church","tag-schuld","tag-sex"],"_links":{"self":[{"href":"https:\/\/www.freiburg-schwarzwald.de\/blog\/wp-json\/wp\/v2\/posts\/105057","targetHints":{"allow":["GET"]}}],"collection":[{"href":"https:\/\/www.freiburg-schwarzwald.de\/blog\/wp-json\/wp\/v2\/posts"}],"about":[{"href":"https:\/\/www.freiburg-schwarzwald.de\/blog\/wp-json\/wp\/v2\/types\/post"}],"author":[{"embeddable":true,"href":"https:\/\/www.freiburg-schwarzwald.de\/blog\/wp-json\/wp\/v2\/users\/2"}],"replies":[{"embeddable":true,"href":"https:\/\/www.freiburg-schwarzwald.de\/blog\/wp-json\/wp\/v2\/comments?post=105057"}],"version-history":[{"count":3,"href":"https:\/\/www.freiburg-schwarzwald.de\/blog\/wp-json\/wp\/v2\/posts\/105057\/revisions"}],"predecessor-version":[{"id":105060,"href":"https:\/\/www.freiburg-schwarzwald.de\/blog\/wp-json\/wp\/v2\/posts\/105057\/revisions\/105060"}],"wp:attachment":[{"href":"https:\/\/www.freiburg-schwarzwald.de\/blog\/wp-json\/wp\/v2\/media?parent=105057"}],"wp:term":[{"taxonomy":"category","embeddable":true,"href":"https:\/\/www.freiburg-schwarzwald.de\/blog\/wp-json\/wp\/v2\/categories?post=105057"},{"taxonomy":"post_tag","embeddable":true,"href":"https:\/\/www.freiburg-schwarzwald.de\/blog\/wp-json\/wp\/v2\/tags?post=105057"}],"curies":[{"name":"wp","href":"https:\/\/api.w.org\/{rel}","templated":true}]}}