{"id":105043,"date":"2022-10-06T20:58:57","date_gmt":"2022-10-06T18:58:57","guid":{"rendered":"https:\/\/www.freiburg-schwarzwald.de\/blog\/?p=105043"},"modified":"2022-10-06T20:58:57","modified_gmt":"2022-10-06T18:58:57","slug":"mutigmacher-org-oerr-reform","status":"publish","type":"post","link":"https:\/\/www.freiburg-schwarzwald.de\/blog\/mutigmacher-org-oerr-reform\/","title":{"rendered":"Mutigmacher.org: \u00d6RR-Reform"},"content":{"rendered":"<p>Der <a href=\"https:\/\/www.freiburg-schwarzwald.de\/blog\/kultur\/medien\/oerr\/\">\u00f6ffentlich-rechtliche Rundfunk (\u00d6RR)<\/a> in Deutschland ist der gr\u00f6\u00dfte und teuerste der Welt: <a href=\"https:\/\/www.freiburg-schwarzwald.de\/blog\/kultur\/medien\/wdr\/\">ARD<\/a>\/<a href=\"https:\/\/www.freiburg-schwarzwald.de\/blog\/kultur\/medien\/gez-medien\/zdf\/\">ZDF<\/a> hat 23 TV-Sender, 63 H\u00f6rfunksender, <a href=\"https:\/\/www.freiburg-schwarzwald.de\/blog\/kultur\/medien\/gez-medien\/\">Jahresbudget 8,3 Mrd Euro<\/a>, sinkende Marktanteile bei h\u00f6chsten Kosten\/Kopf, keine Reform in Sicht. Zum Vergleich: BBC hat 14 TV-Sender, 12 H\u00f6rfunksender, 20.000 Mitarbeiter, <!--more-->Jahresbudget 5 Mrd Euro, anerkannter Sender mit hohem Marktanteil, Reform im Gange.<br \/>\n.<br \/>\nSich h\u00e4ufende Unregelm\u00e4\u00dfigkeiten sowie Verletzungen des Staatsvertrags (ausgewogene Berichterstattung, Kontrolle der Regierung als <a href=\"https:\/\/www.freiburg-schwarzwald.de\/blog\/kultur\/medien\/vierte-gewalt\/\">&#8222;Vierte Gewalt&#8220;<\/a>) lassen Forderungen nach einer grundlegenden Reform des durch j\u00e4hrlich 18,37 Euro <a href=\"https:\/\/www.freiburg-schwarzwald.de\/blog\/kultur\/medien\/gez-medien\/\">GEZ<\/a>-Geb\u00fchr vom Steuerzahler finanzierten \u00d6RR <a href=\"https:\/\/www.freiburg-schwarzwald.de\/blog\/leuchtturmard-mahnwache\/\">immer lauter<\/a> werden.<\/p>\n<p>Unter den 30.000 Mitarbeitern d\u00fcrften viele <a href=\"https:\/\/www.freiburg-schwarzwald.de\/blog\/kultur\/medien\/journalismus\/\">Journalisten<\/a> mit der politisch links -orientierten Ausrichtung des \u00d6RR und dem damit verbundenen <a href=\"https:\/\/www.freiburg-schwarzwald.de\/blog\/kultur\/medien\/journalismus\/haltungsjournalismus\/\">Haltungsjournalismus<\/a> nicht einverstanden sind. Diese k\u00f6nnen sich \u00fcber <a href=\"https:\/\/www.mutigmacher.org\">https:\/\/www.mutigmacher.org<\/a> , die u.a. von den <a href=\"https:\/\/www.freiburg-schwarzwald.de\/blog\/martin-ruthenberg-swr-kritik\/\">ehemaligen SWR-Journalisten<\/a> Ole Skambraks und <a href=\"https:\/\/www.freiburg-schwarzwald.de\/blog\/kultur\/medien\/journalismus\/ruthenberg-medien\/\">Martin Ruthenberg<\/a> initiiert worden ist, Geh\u00f6r verschaffen und Unterst\u00fctzung finden.<\/p>\n<p>Die <a href=\"https:\/\/www.freiburg-schwarzwald.de\/blog\/engagement\/zukunft\/demokratie\/demokratie-verteidigen\/\">freiheitlich-demokratische Grundordnung<\/a> ist auf Medien angewiesen, die als &#8222;Vierte Gewalt&#8220; die <a href=\"https:\/\/www.freiburg-schwarzwald.de\/blog\/engagement\/zukunft\/demokratie\/gewaltenteilung\/\">Gewaltenteilung<\/a> mit Exekutive, Legislative und Judikative durch kritische journalistische Recherchearbeit im Auftrag des B\u00fcrgers kontrollieren. Dieser Aufgabe kommt der \u00d6RR in seiner jetzigen einseitigen Positionierung nicht mehr nach. Deshalb ist die Plattform <a href=\"https:\/\/www.mutigmacher.org\">https:\/\/www.mutigmacher.org<\/a> so wichtig.<br \/>\n6.10.2022<br \/>\n.<\/p>\n<p><strong>\u00d6ffentlich-rechtlicher Rundfunk: Kein Platz f\u00fcr mutige Journalisten?<\/strong><br \/>\nHeute ist es genau ein Jahr her, dass der ehemalige redaktionelle Mitarbeiter und Redakteur des \u00f6ffentlich-rechtlichen Rundfunks Ole Skambraks seinen offenen Brief \u201eIch kann nicht mehr\u201c beim Multipolar Magazin ver\u00f6ffentlichte<br \/>\n<a href=\"https:\/\/multipolar-magazin.de\/artikel\/ich-kann-nicht-mehr\">https:\/\/multipolar-magazin.de\/artikel\/ich-kann-nicht-mehr<\/a><br \/>\nund damit einen Stein ins Rollen brachte.<br \/>\nAnl\u00e4sslich dieses Jahrestages haben wir einen Kollegen von Ole Skambraks in einem Interview gefragt, wie viel Platz der Berufsethos der echten und ehrlichen Journalisten in den \u00f6ffentlich-rechtlichen Medien noch einnimmt bzw. einnehmen darf. Mutigmacher TV zeigt Dirk Pohlmann im Gespr\u00e4ch mit Martin Ruthenberg vom SWR: <a href=\"https:\/\/youtu.be\/MUYxo_jhm_Q\">https:\/\/youtu.be\/MUYxo_jhm_Q<\/a><br \/>\n.<br \/>\nDa wir wissen, dass es in den Redaktionen des \u00d6RR brodelt, halten wir es f\u00fcr sehr wichtig, dass die mutigen Journalisten und Mitarbeiter nicht nur mental unterst\u00fctzt werden, sondern eben auch finanziell, wenn diese aufgrund von Whistleblowing z.B. ihren Job verlieren. Bei vielen ist die Existenzangst das gr\u00f6\u00dfte Hemmnis, mutig nach au\u00dfen zu gehen. Daher haben wir einen Spendenfonds f\u00fcr mutige Journalisten ins Leben gerufen, denn: Mit der Arbeit der \u00f6ffentlich-rechtlichen Medien steht oder f\u00e4llt die sachliche und objektive Berichterstattung. Es darf keine Schere im Kopf<br \/>\n<a href=\"https:\/\/mutigmacher.org\/der-blick-in-die-zukunft-ohne-schere-im-kopf\">https:\/\/mutigmacher.org\/der-blick-in-die-zukunft-ohne-schere-im-kopf<\/a><br \/>\nin den Redaktionen des \u00d6RR geben, auch der Rundfunk-Staatsvertrag l\u00e4sst das nicht zu!<br \/>\n&#8230; Alles vom 5.10.2022 bitte lesen auf<br \/>\n<a href=\"https:\/\/mutigmacher.org\/offentlich-rechtlicher-rundfunk-kein-platz-fur-mutige-journalisten\/\">https:\/\/mutigmacher.org\/offentlich-rechtlicher-rundfunk-kein-platz-fur-mutige-journalisten\/<\/a><\/p>\n","protected":false},"excerpt":{"rendered":"<p>Der \u00f6ffentlich-rechtliche Rundfunk (\u00d6RR) in Deutschland ist der gr\u00f6\u00dfte und teuerste der Welt: ARD\/ZDF hat 23 TV-Sender, 63 H\u00f6rfunksender, Jahresbudget 8,3 Mrd Euro, sinkende Marktanteile bei h\u00f6chsten Kosten\/Kopf, keine Reform in Sicht. Zum Vergleich: BBC hat 14 TV-Sender, 12 H\u00f6rfunksender, &hellip; <a href=\"https:\/\/www.freiburg-schwarzwald.de\/blog\/mutigmacher-org-oerr-reform\/\">Weiterlesen <span class=\"meta-nav\">&rarr;<\/span><\/a><\/p>\n","protected":false},"author":2,"featured_media":0,"comment_status":"open","ping_status":"closed","sticky":false,"template":"","format":"standard","meta":{"footnotes":""},"categories":[18,355,21,162,80],"tags":[633,749,682,710,492,720,576],"class_list":["post-105043","post","type-post","status-publish","format-standard","hentry","category-bildung","category-buergerinitiativen","category-dienste","category-internet","category-medien","tag-demokratie","tag-diskussionskultur","tag-freiheit","tag-gez","tag-korrupt","tag-medien","tag-offentlich"],"_links":{"self":[{"href":"https:\/\/www.freiburg-schwarzwald.de\/blog\/wp-json\/wp\/v2\/posts\/105043","targetHints":{"allow":["GET"]}}],"collection":[{"href":"https:\/\/www.freiburg-schwarzwald.de\/blog\/wp-json\/wp\/v2\/posts"}],"about":[{"href":"https:\/\/www.freiburg-schwarzwald.de\/blog\/wp-json\/wp\/v2\/types\/post"}],"author":[{"embeddable":true,"href":"https:\/\/www.freiburg-schwarzwald.de\/blog\/wp-json\/wp\/v2\/users\/2"}],"replies":[{"embeddable":true,"href":"https:\/\/www.freiburg-schwarzwald.de\/blog\/wp-json\/wp\/v2\/comments?post=105043"}],"version-history":[{"count":1,"href":"https:\/\/www.freiburg-schwarzwald.de\/blog\/wp-json\/wp\/v2\/posts\/105043\/revisions"}],"predecessor-version":[{"id":105044,"href":"https:\/\/www.freiburg-schwarzwald.de\/blog\/wp-json\/wp\/v2\/posts\/105043\/revisions\/105044"}],"wp:attachment":[{"href":"https:\/\/www.freiburg-schwarzwald.de\/blog\/wp-json\/wp\/v2\/media?parent=105043"}],"wp:term":[{"taxonomy":"category","embeddable":true,"href":"https:\/\/www.freiburg-schwarzwald.de\/blog\/wp-json\/wp\/v2\/categories?post=105043"},{"taxonomy":"post_tag","embeddable":true,"href":"https:\/\/www.freiburg-schwarzwald.de\/blog\/wp-json\/wp\/v2\/tags?post=105043"}],"curies":[{"name":"wp","href":"https:\/\/api.w.org\/{rel}","templated":true}]}}