{"id":10494,"date":"2012-09-05T19:22:50","date_gmt":"2012-09-05T17:22:50","guid":{"rendered":"https:\/\/www.freiburg-schwarzwald.de\/blog\/?p=10494"},"modified":"2012-09-23T20:45:09","modified_gmt":"2012-09-23T18:45:09","slug":"erneuerbare-energien-in-fr-und-em-15-mrd-euro-und-verbrauch-halbieren","status":"publish","type":"post","link":"https:\/\/www.freiburg-schwarzwald.de\/blog\/erneuerbare-energien-in-fr-und-em-15-mrd-euro-und-verbrauch-halbieren\/","title":{"rendered":"Erneuerbare Energien in FR und EM &#8211; 15 Mrd Euro und Verbrauch halbieren"},"content":{"rendered":"<p>Um\u00a0Freiburg sowie die Landkreise Emmendingen und Breisgau-Hochschwarzwald komplett aus selbst erzeugten <a title=\"Energie\" href=\"https:\/\/www.freiburg-schwarzwald.de\/blog\/energie\/\">erneuerbaren Energien<\/a> zu versorgen, m\u00fcssen 15 Mrd Euro investiert und der Energieverbrauch <a title=\"Suffizienz\" href=\"https:\/\/www.freiburg-schwarzwald.de\/blog\/engagement\/zukunft\/suffizienz\/\">halbiert werden<\/a> &#8211; so eine\u00a0Studie der Energieagentur Regio Freiburg. Zw\u00f6lf Milliarden Euro m\u00fcssten die Immobilienbesitzer zur Sanierung ihrer 280.000 Wohnungen mit 25 Mio qm aufwenden, schlie\u00dflich sind 70 % der Geb\u00e4ude \u00fcber 30 Jahre alt. In neue Windanlagen sind\u00a0600 Mio Euro und in Fotovoltaik\u00a01,7 Mrd Euro zu investieren (<a title=\"Effizienz\" href=\"https:\/\/www.freiburg-schwarzwald.de\/blog\/engagement\/zukunft\/effizienz\/\">Effizienz<\/a>).<!--more--><br \/>\n<strong>Energiesparinsvestition immer besser als Habenzinsen kassieren<\/strong><br \/>\nBisher war es schon immer so, dass sich Investitionen langfristig deutlich besser lohnen, als das zu verwendende Bargeld gegenauf zurechnen und lieber den Guthabenzins zu kassieren. Egal welches Beispiel Sie nehmen, egal wie Sie es rechnen werden, die Investition wird immer besser sein.<br \/>\nNimmt man den Hauseigent\u00fcmer der die Immobilie als Kapitalanlage nutzt. Die Investition einer Modernisierung bringt dem Eigent\u00fcmer die M\u00f6glichkeit die Kaltmiete um 11 % der Modernisierungkosten (aufs Jahr gerechnet) zu erh\u00f6hen. Hat dieser auch noch die Kosten finanziert, kann er die zu bezahlenden Zinsen steuerlich in den Eink\u00fcnften aus Vermietung \u00a7 21 EStG als Ausgabe anrechnen lassen. Zudem hat der Wertzuwachs der Immobilie durch die Modernisierung auch noch sein Teil dazugetragen.<br \/>\nAls Eigent\u00fcmer einer Immobilie die selbst bewohnt wird, ist die Rechnung \u00e4hnlich. Investieren Sie ebenfalls in das eigene Haus z.B. in Form einer Heizung, kommen zwar erstmals hohe Kosten auf einen zu, die Einsparung wirkt sich jedoch im selben Atemzug aus. Eine Heizungsanlage &#8211; je nach Ausf\u00fchrung kann die Amotisierung bis zu 20 Jahren dauern (ist aber auch schon nach 5 &#8211; 7 Jahren m\u00f6glich). Hat man die Kosten dann erstmal eingefahren, spart man dadurch deutlich mehr. Sicherlich h\u00e4tte man gleichzeitig das Geld anlegen k\u00f6nnen (die kalk.Zinsen muss man nat\u00fcrlich in die Amotisierung einrechnen), jedoch ist es in der Vergangenheit nicht so, dass der Guthabenzins auf Banken deutlich h\u00f6her steigt, als die Preissteigerung des \u00d6l- bzw. Gaspreises.<br \/>\nHaben sich dann, wie eben erw\u00e4hnt, die Kosten der Modernisierung amotisiert, h\u00f6rt man ja nicht auf mit der Einsparung der Heizkosten (mal angenommen), sondern man verbraucht ja auch zuk\u00fcnftig weniger. H\u00e4tte man das Geld angelegt, w\u00fcrde man zwar auch weiterhin Zinsen und Zinseszins bekommen, der Sprung durch eingesparte Kosten wiederum ist deutlich h\u00f6her. Vergessen darf man aber nicht, das das Zinsniveau weitestgehend stabil (konstant) bleibt, w\u00e4hrend der \u00d6l- und Gaspreis sehr stark am Schwanken ist. Sehr deutlich wird die Amortisierungsrechnung z.B. hier erkl\u00e4rt: <a href=\"https:\/\/www.meineheizung.de\/ratgeber\/amortisationsrechnung\" target=\"_blank\">www.meineheizung.de\/ratgeber\/amortisationsrechnung<\/a>. Unterm Strich, so bin ich \u00fcberzeugt, das eine Investition in Modernisierungen sich normalerweise immer besser rechnet, als irgendwelche Zinsen zu kassieren, und im Gegenzug (z.B.) h\u00f6here Heizkosten dadurch zu bezahlen. Der positive Nebeneffekt dabei ist auch noch, dass man zeitgleich auch noch umweltbewusst handelt.<br \/>\nRobert Wendt, 5.9.2012<\/p>\n<p>Energieagentur Regio Freiburg &#8211; Energiestudie 8\/2012<br \/>\n<a href=\"https:\/\/www.freiburg.de\/energiestudie\">www.freiburg.de\/energiestudie<\/a><\/p>\n","protected":false},"excerpt":{"rendered":"<p>Um\u00a0Freiburg sowie die Landkreise Emmendingen und Breisgau-Hochschwarzwald komplett aus selbst erzeugten erneuerbaren Energien zu versorgen, m\u00fcssen 15 Mrd Euro investiert und der Energieverbrauch halbiert werden &#8211; so eine\u00a0Studie der Energieagentur Regio Freiburg. Zw\u00f6lf Milliarden Euro m\u00fcssten die Immobilienbesitzer zur Sanierung &hellip; <a href=\"https:\/\/www.freiburg-schwarzwald.de\/blog\/erneuerbare-energien-in-fr-und-em-15-mrd-euro-und-verbrauch-halbieren\/\">Weiterlesen <span class=\"meta-nav\">&rarr;<\/span><\/a><\/p>\n","protected":false},"author":4,"featured_media":0,"comment_status":"open","ping_status":"closed","sticky":false,"template":"","format":"standard","meta":{"footnotes":""},"categories":[5,11],"tags":[239,151],"class_list":["post-10494","post","type-post","status-publish","format-standard","hentry","category-energie","category-regio","tag-energiesparen","tag-erneuerbare-energien"],"_links":{"self":[{"href":"https:\/\/www.freiburg-schwarzwald.de\/blog\/wp-json\/wp\/v2\/posts\/10494","targetHints":{"allow":["GET"]}}],"collection":[{"href":"https:\/\/www.freiburg-schwarzwald.de\/blog\/wp-json\/wp\/v2\/posts"}],"about":[{"href":"https:\/\/www.freiburg-schwarzwald.de\/blog\/wp-json\/wp\/v2\/types\/post"}],"author":[{"embeddable":true,"href":"https:\/\/www.freiburg-schwarzwald.de\/blog\/wp-json\/wp\/v2\/users\/4"}],"replies":[{"embeddable":true,"href":"https:\/\/www.freiburg-schwarzwald.de\/blog\/wp-json\/wp\/v2\/comments?post=10494"}],"version-history":[{"count":0,"href":"https:\/\/www.freiburg-schwarzwald.de\/blog\/wp-json\/wp\/v2\/posts\/10494\/revisions"}],"wp:attachment":[{"href":"https:\/\/www.freiburg-schwarzwald.de\/blog\/wp-json\/wp\/v2\/media?parent=10494"}],"wp:term":[{"taxonomy":"category","embeddable":true,"href":"https:\/\/www.freiburg-schwarzwald.de\/blog\/wp-json\/wp\/v2\/categories?post=10494"},{"taxonomy":"post_tag","embeddable":true,"href":"https:\/\/www.freiburg-schwarzwald.de\/blog\/wp-json\/wp\/v2\/tags?post=10494"}],"curies":[{"name":"wp","href":"https:\/\/api.w.org\/{rel}","templated":true}]}}