{"id":104605,"date":"2022-09-20T19:21:04","date_gmt":"2022-09-20T17:21:04","guid":{"rendered":"https:\/\/www.freiburg-schwarzwald.de\/blog\/?p=104605"},"modified":"2025-10-02T19:51:36","modified_gmt":"2025-10-02T17:51:36","slug":"engagierte-kritische-alte-gesucht","status":"publish","type":"post","link":"https:\/\/www.freiburg-schwarzwald.de\/blog\/engagierte-kritische-alte-gesucht\/","title":{"rendered":"Engagierte kritische Alte gesucht"},"content":{"rendered":"<p><a href=\"https:\/\/www.freiburg-schwarzwald.de\/blog\/ein-drittel-versorgt-zwei-drittel\/\">Nur 33,9 % der Deutschen<\/a> geh\u00f6ren der Gruppe der arbeitenden Bev\u00f6lkerung an, die die anderen 66,1 % zu versorgen hat. F\u00fcr diese nettosteuerzahlenden Berufst\u00e4tigen ist der Existenzkampf real, tagein tagaus, insbesondere f\u00fcr Eltern mit Kindern. Da bleibt nur wenig <a href=\"https:\/\/www.freiburg-schwarzwald.de\/blog\/engagement\/zukunft\/zeit-2\/\">Zeit<\/a>, sich nach Feierabend \u00fcber das politische Geschehen kundig zu machen:<!--more--> Zeitungen lesen,<a href=\"https:\/\/www.freiburg-schwarzwald.de\/blog\/kultur\/medien\/talkshow\/\"> TV-talks<\/a> schauen und all die <a href=\"https:\/\/www.freiburg-schwarzwald.de\/blog\/kultur\/internet\/\">Websites<\/a>, Blogs, Plattformen, <a href=\"https:\/\/www.freiburg-schwarzwald.de\/blog\/kultur\/medien\/radio\/podcast\/\">Podcasts<\/a> und Foren mit einem Visit zu begl\u00fccken und zu posten. Vielleicht reicht es gerade noch zu den <a href=\"https:\/\/www.freiburg-schwarzwald.de\/blog\/kultur\/medien\/oerr\/\">Ard-Tagesthemen<\/a>, wobei deren oberlehrerhaftes <a href=\"https:\/\/www.freiburg-schwarzwald.de\/blog\/engagement\/zukunft\/demokratie\/nudging\/\">Nudging<\/a> gerade die Gruppe der 30-50j\u00e4hrigen immer seltener erreicht.<\/p>\n<p>Anders als die 33,9% Erwerbst\u00e4tigen haben die <a href=\"https:\/\/www.freiburg-schwarzwald.de\/blog\/selbsthilfe\/senioren\/\">Alten<\/a> als <a href=\"https:\/\/www.freiburg-schwarzwald.de\/blog\/selbsthilfe\/soziales\/arbeit\/rente\/\">Rentner<\/a> bzw. Pension\u00e4re <a href=\"https:\/\/www.freiburg-schwarzwald.de\/blog\/engagement\/zukunft\/zeit-2\/\">viel Zeit<\/a> f\u00fcr das m\u00fchsame Gesch\u00e4ft der eigenen Meinungsbildung. Und sie haben Zeit, ihre Meinung bzw. ihr Hintergrundwissen kund zu tun und sie in politischen Gruppierungen, Initiativen bzw. Parteien aktiv einzubringen. Ja, sie sind dazu eigentlich verpflichtet, schlie\u00dflich werden ihre Transfereinkommen von den <a href=\"https:\/\/www.freiburg-schwarzwald.de\/blog\/engagement\/zukunft\/generationenvertrag\/\">Generation<\/a> der 33,9 % Berufst\u00e4tigen erarbeitet.<br \/>\nLeider tun viele Alte das nicht. Aus Gewohnheit, aus Bequemlichkeit: &#8222;La\u00df mich in Ruhe&#8220;, &#8222;Ich kann das nicht mehr h\u00f6ren&#8220; oder &#8222;Ich kann eh nichts \u00e4ndern&#8220; sagen sie. Kein Wunder, wenn sie abf\u00e4llig als Angeh\u00f6rige der &#8222;Generation AUS&#8220; (Apotheke, Urlaub, Sucht) oder gar &#8222;Generation SAU&#8220; tituliert werden.<\/p>\n<p><a href=\"https:\/\/www.freiburg-schwarzwald.de\/blog\/wissen-ist-eine-holschuld\/\">Wissen ist eine Holschuld<\/a> &#8211; dies gilt f\u00fcr jung wie alt.<\/p>\n<p><em>Kritik \u00fcben erst nach der Pensionierung<\/em><br \/>\nNicht nur der Zeitmangel hindert viele, sich der eigenen Meinungsbildung mit Argument und Gegenargument zuzuwenden. auch die Sorge um Ausgrenzung, beruflichen Nachteil und Karriereknick hindert so manchen, die eigene abweichende Meinung zu artikulieren und der Umwelt preiszugeben. Aus diesem Grunde trauen sich zahlreiche B\u00fcrger erst nach ihrer Zurruhesetzung als Kritiker hervor. gerade sie sollte man nicht als Wendeh\u00e4lse verunglimpfen, sondern ermutigen zu weiterer konstruktiven Kritik, zum &#8222;Rat der Weisen&#8220;. Demokratie braucht Kritik, Zweifel und Skepsis.<\/p>\n<p><em>Repr\u00e4sentative Demokratie braucht &#8211; auch alte &#8211; Kritiker<\/em><br \/>\nSchon bei den alten Griechen war die <a href=\"https:\/\/www.freiburg-schwarzwald.de\/blog\/repraesentative-demokratie\/\">repr\u00e4sentative Demokratie<\/a> zuv\u00f6rderst ein geschicktes Mittel, um den Machterhalt der Eliten zu sichern. Schlie\u00dflich zeigte sich das einfache Volk \u00fcberfordert, Verantwortung zu \u00fcbernehmen.<br \/>\nDeshalb braucht es in unserer repr\u00e4sentativen Demokratie m\u00fcndige B\u00fcrger, die neugierig, skeptisch sowie kritisch sind und die hinterfragen und demonstrieren. Jeder <a href=\"https:\/\/www.freiburg-schwarzwald.de\/blog\/engagement\/buergerinitiativen\/demonstrationsrecht\/\">Demonstrant<\/a>, der sich f\u00fcr irgendeine Verbesserung der demokratischen Grundordnung einsetzt, m\u00fcsste von Seiten des Staates belohnt bzw. belobigt werden. Der B\u00fcrger ist der Souver\u00e4n und der Staat sein Schutzbefohlener.<br \/>\nIn der Wissenschaft f\u00fchrt die Gegenthese des forschenden Menschen zum Fortschritt. In der Demokratie ist es das Gegenargument des B\u00fcrgers. <a href=\"https:\/\/www.freiburg-schwarzwald.de\/blog\/global\/deutschland\/gesellschaft\/untertan\/\">Untertangeist<\/a> bringt die Demokratie zum Erliegen.<br \/>\nDemokratie ist ein normatives Ideal, ein Sollzustand, der in der Geschichte allenfalls in Teilen real ist. Demokratie setzt allgemeine Selbstgesetzgebungskompetenz bzw. <a href=\"https:\/\/www.freiburg-schwarzwald.de\/blog\/engagement\/zukunft\/demokratie\/volk\/\">Volkssouver\u00e4nit\u00e4t<\/a> voraus. Deshalb ist Aufkl\u00e4rung heute aktueller denn je. <a href=\"https:\/\/www.freiburg-schwarzwald.de\/blog\/kultur\/aufklaerung\/kant\/\">Emmanuel Kant<\/a> lesen: &#8222;Habe den Mut, dich deines eigenen Verstandes zu bedienen&#8220;<br \/>\n23.9.2022<\/p>\n<p>&nbsp;<\/p>\n","protected":false},"excerpt":{"rendered":"<p>Nur 33,9 % der Deutschen geh\u00f6ren der Gruppe der arbeitenden Bev\u00f6lkerung an, die die anderen 66,1 % zu versorgen hat. F\u00fcr diese nettosteuerzahlenden Berufst\u00e4tigen ist der Existenzkampf real, tagein tagaus, insbesondere f\u00fcr Eltern mit Kindern. Da bleibt nur wenig Zeit, &hellip; <a href=\"https:\/\/www.freiburg-schwarzwald.de\/blog\/engagierte-kritische-alte-gesucht\/\">Weiterlesen <span class=\"meta-nav\">&rarr;<\/span><\/a><\/p>\n","protected":false},"author":2,"featured_media":0,"comment_status":"open","ping_status":"closed","sticky":false,"template":"","format":"standard","meta":{"footnotes":""},"categories":[18,181,36,13,102,172],"tags":[190,766,749,686,170],"class_list":["post-104605","post","type-post","status-publish","format-standard","hentry","category-bildung","category-buergerbeteiligung","category-engagement","category-kultur","category-senioren","category-zukunft","tag-alter","tag-buerger","tag-diskussionskultur","tag-frei","tag-generationenvertrag"],"_links":{"self":[{"href":"https:\/\/www.freiburg-schwarzwald.de\/blog\/wp-json\/wp\/v2\/posts\/104605","targetHints":{"allow":["GET"]}}],"collection":[{"href":"https:\/\/www.freiburg-schwarzwald.de\/blog\/wp-json\/wp\/v2\/posts"}],"about":[{"href":"https:\/\/www.freiburg-schwarzwald.de\/blog\/wp-json\/wp\/v2\/types\/post"}],"author":[{"embeddable":true,"href":"https:\/\/www.freiburg-schwarzwald.de\/blog\/wp-json\/wp\/v2\/users\/2"}],"replies":[{"embeddable":true,"href":"https:\/\/www.freiburg-schwarzwald.de\/blog\/wp-json\/wp\/v2\/comments?post=104605"}],"version-history":[{"count":5,"href":"https:\/\/www.freiburg-schwarzwald.de\/blog\/wp-json\/wp\/v2\/posts\/104605\/revisions"}],"predecessor-version":[{"id":139688,"href":"https:\/\/www.freiburg-schwarzwald.de\/blog\/wp-json\/wp\/v2\/posts\/104605\/revisions\/139688"}],"wp:attachment":[{"href":"https:\/\/www.freiburg-schwarzwald.de\/blog\/wp-json\/wp\/v2\/media?parent=104605"}],"wp:term":[{"taxonomy":"category","embeddable":true,"href":"https:\/\/www.freiburg-schwarzwald.de\/blog\/wp-json\/wp\/v2\/categories?post=104605"},{"taxonomy":"post_tag","embeddable":true,"href":"https:\/\/www.freiburg-schwarzwald.de\/blog\/wp-json\/wp\/v2\/tags?post=104605"}],"curies":[{"name":"wp","href":"https:\/\/api.w.org\/{rel}","templated":true}]}}