{"id":104283,"date":"2022-09-13T16:49:13","date_gmt":"2022-09-13T14:49:13","guid":{"rendered":"https:\/\/www.freiburg-schwarzwald.de\/blog\/?p=104283"},"modified":"2022-09-15T11:11:47","modified_gmt":"2022-09-15T09:11:47","slug":"diese-regierung-verdienen-wir","status":"publish","type":"post","link":"https:\/\/www.freiburg-schwarzwald.de\/blog\/diese-regierung-verdienen-wir\/","title":{"rendered":"Diese Regierung verdienen wir"},"content":{"rendered":"<p>Bei der Bundestagswahl am <a href=\"https:\/\/www.freiburg-schwarzwald.de\/blog\/engagement\/zukunft\/demokratie\/wahlen2021\/\">21.9.2021<\/a> hat das deutsche <a href=\"https:\/\/www.freiburg-schwarzwald.de\/blog\/engagement\/zukunft\/demokratie\/wahlvolk\/\">Wahlvolk<\/a> so abgestimmt, da\u00df die rot-gr\u00fcn-gelb-Koalition die\u00a0 <a href=\"https:\/\/www.freiburg-schwarzwald.de\/blog\/engagement\/zukunft\/demokratie\/ampel\/\">Ampel-Regierung<\/a> bilden kann. Die Deutschen haben also die <a href=\"https:\/\/www.freiburg-schwarzwald.de\/blog\/business\/volkswirtschaft\/niedergang\/\">desastr\u00f6se<\/a> EU-, Energie-, Corona-, Klima- und <a href=\"https:\/\/www.freiburg-schwarzwald.de\/blog\/global\/deutschland\/deutschland-ukraine\/\">Ukrainepolitik<\/a>, die unter Kanzler Olaf Scholz gemacht wird, verdient.<br \/>\n<!--more-->Sie haben es verdient, da\u00df <a href=\"https:\/\/www.freiburg-schwarzwald.de\/blog\/egal-was-meine-waehler-denken\/\">Annalena Baerbock<\/a> unter dem Leitziel &#8222;<a href=\"https:\/\/www.freiburg-schwarzwald.de\/blog\/global\/russland\/russland-bashing\/\">Russland ruinieren<\/a>&#8220; eine Ukrainepolitik &#8222;egal was meine deutschen W\u00e4hler denken&#8220; verfolgt, die gegen die <a href=\"https:\/\/www.freiburg-schwarzwald.de\/blog\/global\/deutschland\/deutsche-interessen\/\">deutschen Interessen<\/a> gerichtet ist.<br \/>\nSie haben es verdient, da\u00df Robert Habeck drei der weltweit modernsten <a href=\"https:\/\/www.freiburg-schwarzwald.de\/blog\/energie\/akw\/kernkraft\/\">Kernkraftwerke<\/a> nicht ans Stromnetz l\u00e4\u00dft, obwohl im Winter ein <a href=\"https:\/\/www.freiburg-schwarzwald.de\/blog\/energie\/strom\/blackout\/\">Blackout<\/a> droht.<br \/>\n.<br \/>\nNach dem Diktum \u201eJedes Volk hat die Regierung, die es verdient\u201c von Joseph de Maistre hei\u00dft dies so viel wie &#8222;selber schuld&#8220;. Doch tr\u00e4gt die deutsche Bev\u00f6lkerung durch ihr Wahlverhalten (zur\u00fcckgehende Wahlbeteiligung, gr\u00fcn-linke Pr\u00e4ferenz) wirklich selbst die volle <a href=\"https:\/\/www.freiburg-schwarzwald.de\/blog\/engagement\/verantwortung\/\">Verantwortung<\/a> f\u00fcr die innen- wie au\u00dfenpolitische Misere zum bevorstehenden Herbst\/Winter 2022\/23?<br \/>\nNein, meint Tom-Oliver Regenauer in seinem Beitrag &#8222;Homo demens&#8220; (siehe (1) unten), da die <a href=\"https:\/\/www.freiburg-schwarzwald.de\/blog\/engagement\/buerger\/\">B\u00fcrger<\/a> durch <a href=\"https:\/\/www.freiburg-schwarzwald.de\/blog\/kultur\/medien\/mainstream\/\">Mainstreammedien<\/a>, <a href=\"https:\/\/www.freiburg-schwarzwald.de\/blog\/engagement\/zukunft\/demokratie\/staatsapparat\/\">Staatsapparat<\/a> (Politikelite, NGOs und Konzerne), <a href=\"https:\/\/www.freiburg-schwarzwald.de\/blog\/bildung\/bildungsmisere\/\">Bildungssystem<\/a> und <a href=\"https:\/\/www.freiburg-schwarzwald.de\/blog\/selbsthilfe\/soziales\/wohlstand\/\">Wohlstandsverw\u00f6hnung<\/a> derart <a href=\"https:\/\/www.freiburg-schwarzwald.de\/blog\/bildung\/verbloedung\/\">verbl\u00f6det<\/a> und damit entm\u00fcndigt sind, da\u00df sie in einem Gef\u00fchl der <a href=\"https:\/\/www.freiburg-schwarzwald.de\/blog\/engagement\/zukunft\/demokratie\/tabu\/alternativlos\/\">Alternativlosigkeit<\/a> (&#8222;ich kann mit meiner\u00a0 Wahl ja eh nichts \u00e4ndern&#8220;) entweder nicht zur Wahl gehen (bei der NRW-Wahl waren es \u00fcber 50%) oder in der Wahlkabine das Kreuzchen bei einer x-beliebigen Partei machen.<br \/>\nEine repr\u00e4sentative Demokratie ohne m\u00fcndige B\u00fcrger verkommt zur Fassadendemokratie. Warnsignale wie die pl\u00f6tzliche &#8222;Wir&#8220;-Rhetorik von Politikern (siehe (2)) werden nicht geh\u00f6rt:<br \/>\nBegriffe wie Volk, Nation bzw. Patriotismus waren bislang bei Gr\u00fcn-rot eher verp\u00f6nt. &#8222;Wir&#8220; bezog sich eher auf die EU oder die ganze Welt. Nun hat Olaf Scholz in seiner Bundestagsrede 37mal das &#8222;wir&#8220; bem\u00fcht: Bei Einschr\u00e4nkungsmahnungen &#8222;Wir m\u00fcssen sparen&#8220; und bei Prophezeiungen &#8222;Wir kommen wohl gut durch diesen Winter&#8220;. Eine Frechheit, schlie\u00dflich hat Scholz (SPD) mit den Arbeitnehmern, die nicht mehr wissen, wie sie die Gasrechnung bezahlen soll, nichts mehr gemein: Das Kanzleramt bleibt pudelwarm beheizt. Die EU-B\u00fcrokratie hat sich soeben einen Inflationsausgleich von 8.9% genehmigt und die deutschen Politik wird sicher bald nachziehen.<br \/>\n13.9.2022<br \/>\n.<\/p>\n<p><strong>(1) Homo demens<\/strong><br \/>\nDigitalisierung und Propaganda haben bei den meisten einen Zustand passiver Dumpfheit erzeugt, der sie au\u00dferstande setzt, selbstst\u00e4ndige Entscheidungen zu treffen.<br \/>\n&#8230;.<br \/>\nWeiterhin impliziert diese \u201eSelbst-schuld-Rhetorik\u201c, dass die B\u00fcrger beim Urnengang ihrem freien Willen gefolgt sind. Dass sie als Souver\u00e4n mit informierter Partizipation ihr Schicksal selbst gestalten, Autonomie leben. Und damit, zu guter Letzt, dass den Menschen alle relevanten Werkzeuge, Prozesse und Informationen zur Verf\u00fcgung gestellt werden, die zur objektiven wie kritischen politischen Willensbildung beitragen, weil diese das Fundament jeder freiheitlich organisierten Zivilgesellschaft bildet.<\/p>\n<p>Doch ist dem so? Legen die monopolistischen Strukturen der Medienlandschaft, die korporatistische Verwobenheit von Staat, Konzernkartellen und Nichtregierungsorganisationen (NGOs) sowie die Entwicklung des Bildungssystems in den zur\u00fcckliegenden Dekaden nicht eher das Gegenteil nahe? N\u00e4mlich dass sich eine Deutungselite etabliert hat, die sich mit allen Mitteln Lufthoheit \u00fcber dem Debattenraum verschafft? Dass Staatsapparat, Konzerne, Digitalwirtschaft und fragw\u00fcrdig finanzierte NGOs sich bem\u00fchen, relevante wie brisante Informationen zur\u00fcckzuhalten? Dass der \u00f6ffentliche Diskurs usurpiert, kontrolliert, kuratiert und massiv zensiert ist? Dass der Wissenschaftsbetrieb l\u00e4ngst derart von F\u00f6rdermitteln durchsetzt, unterwandert und abh\u00e4ngig geworden ist, dass er dadurch de facto zur Regierungswissenschaft verkam?<\/p>\n<p>Und dass man Kinder im staatlichen Schul- und Bildungssystem schon lange nicht mehr darauf vorbereitet, eine selbstbestimmte Existenz zu gestalten, die ihren pers\u00f6nlichen F\u00e4higkeiten und Pr\u00e4ferenzen Rechnung tr\u00e4gt? Dass man sie nicht dazu ermutigt und bef\u00e4higt, Verantwortung f\u00fcr sich selbst, ihre Ideen und ihr Handeln zu \u00fcbernehmen?<br \/>\nAls Ideal werden dem Nachwuchs moderne Leibeigenschaft bei einem Gro\u00dfkonzern, wirtschaftliche Sicherheit sowie soziale Akzeptanz gepredigt, sprich Konformismus und Abh\u00e4ngigkeit. So werden aus Kindern keine kreativen, informierten, motivierten, charakterstarken, mutigen Demokraten und Entrepreneure, sondern eingesch\u00fcchterte, unselbstst\u00e4ndige und horizontlose Mitl\u00e4ufer.<\/p>\n<p>In Konsequenz dieser Umst\u00e4nde ist der moderne Mensch unter Umst\u00e4nden gar nicht mehr in der Lage, sein Schicksal selbst in die Hand zu nehmen und informierte, demokratische Partizipation zu leben. Denn aufgrund systeminh\u00e4renter Devolutionsprozesse ist der Homo consumens l\u00e4ngst in der unbewussten Unm\u00fcndigkeit angekommen. Fremdgesteuert. Ein Homo demens.<br \/>\n&#8230; Alles vom 10.9.2022 von Tom-Oliver Regenauer bitte lesen auf<br \/>\n<a href=\"https:\/\/www.rubikon.news\/artikel\/homo-demens\">https:\/\/www.rubikon.news\/artikel\/homo-demens<\/a><br \/>\n<a href=\"https:\/\/www.regenauer.press\/\">https:\/\/www.regenauer.press\/<\/a><br \/>\n.<\/p>\n<p><strong>(2) Angekommen in der Kakistokratie<\/strong><br \/>\nDass der Staat schon lange nur noch eine Fassade ist, der Inhalt aber l\u00e4ngst ein anderer, f\u00fchrt immer wieder zu Anachronismen. Bekanntestes Beispiel: Die Nation ist tot. Doch der Reflex des \u201egro\u00dfen Wir\u201c in den politischen Forderungen besteht weiter fort. \u201eWir\u201c m\u00fcssen sparen, \u201ewir\u201c m\u00fcssen Verantwortung \u00fcbernehmen, \u201ewir\u201c sind zu etwas aufgerufen. Deutschland erscheint immer noch als anthropomorphe Figur der Germania wie im 19. Jahrhundert, deren K\u00f6rper das Volk formt. Der Anachronismus des Volksaufrufs besteht fort, obwohl dieselbe Politik den Nationalstaat und die mit ihm zusammenh\u00e4ngenden Gef\u00fchle, Ideen und Mechanismen begraben hat.<br \/>\nEs bleibt der Aufruf an die amorphe \u201eGesellschaft\u201c oder \u201edie Menschen im Land\u201c. Es ist eine blo\u00dfe Haut ohne Fleisch und Knochen, denn w\u00e4hrend Gott, Kaiser oder Vaterland Ideale waren, f\u00fcr die man noch in den Krieg zog, steckt hinter der Beschw\u00f6rung von \u201edemokratischen Werten\u201c kein Esprit. Von allen diesen Werten hat die Freiheit die Menschen noch am meisten begeistert. Die Motivation, warum sich viele Europ\u00e4er f\u00fcr solche Formeln nicht mehr begeistern k\u00f6nnen, liegt an der mangelnden Identifikation mit einem politischen System, das mittlerweile keinen einzigen Wert mehr wahrt, von dem es beteuert, ihn zu vertreten.<br \/>\n&#8230;.<br \/>\nDer fehlenden M\u00f6glichkeit, einen m\u00e4chtigen Politiker elegant loszuwerden; fehlende Mechanismen, die einen Politiker f\u00fcr seine Amtszeit zur Rechenschaft ziehen; die Entwicklung des Berufspolitikertums; das komplette Versagen der Presse als Kontrollinstanz; das alles hat dazu beigetragen, dass nicht nur in der Politik, sondern auch in der Verwaltung und anderen bedeutsamen gesellschaftlichen Positionen Leute Fu\u00df fassen konnten, die nie f\u00fcr solche Positionen geeignet gewesen w\u00e4ren. Tocqueville hat bereits vor anderthalb Jahrhunderten vorausgesagt,<\/p>\n<blockquote class=\"wp-embedded-content\" data-secret=\"5XyaElXtfr\"><p><a href=\"https:\/\/www.tichyseinblick.de\/meinungen\/eine-presse-ohne-regierungskritik-ist-wertlos\/\">Eine Presse ohne Regierungskritik ist wertlos<\/a><\/p><\/blockquote>\n<p><iframe loading=\"lazy\" class=\"wp-embedded-content\" sandbox=\"allow-scripts\" security=\"restricted\" style=\"position: absolute; clip: rect(1px, 1px, 1px, 1px);\" title=\"&#8222;Eine Presse ohne Regierungskritik ist wertlos&#8220; &#8212; Tichys Einblick\" src=\"https:\/\/www.tichyseinblick.de\/meinungen\/eine-presse-ohne-regierungskritik-ist-wertlos\/embed\/#?secret=5XyaElXtfr\" data-secret=\"5XyaElXtfr\" width=\"600\" height=\"338\" frameborder=\"0\" marginwidth=\"0\" marginheight=\"0\" scrolling=\"no\"><\/iframe><br \/>\ndass die Demokratie ohne freie und unabh\u00e4ngige Presse in die Tyrannei m\u00fcndet.<br \/>\n&#8230; Alles vom 29.8.2022 von Marco Gallina bitte lesen auf <a href=\"https:\/\/www.tichyseinblick.de\/feuilleton\/angekommen-in-der-kakistokratie\/\">https:\/\/www.tichyseinblick.de\/feuilleton\/angekommen-in-der-kakistokratie\/<\/a><\/p>\n<p>Einige Kommentare:<br \/>\nDer grossartige Richter des Bundesverfassungsgerichts, Herr Ernst-Wolfgang B\u00f6ckenf\u00f6rde, hat dazu bereits 1964 in seinem Diktum alles gesagt: \u201eDer freiheitliche, s\u00e4kularisierte Staat lebt dabei von Voraussetzungen, die er selbst nicht garantieren kann. \u201c<br \/>\nEr sieht als Voraussetzung ein gemeinsames Ethos, einen gewissen Gemeinsinn der B\u00fcrger. Dazu geh\u00f6rt m.E. auch, staatstragende Medien zu f\u00f6rdern und Gegenteilige zu meiden. Und mit staatstragend meine ich nicht den Schutz der Regierung, sondern den Schutz der Verfassung VOR der Regierung. Ein Gericht wie das Bundesverfassungsgericht kann das nicht, alleine schon wegen der Notwendigkeit von Ricchterernennungen durch die Politik.<br \/>\nEs bleibt nur das Volk als Souver\u00e4n, das seine Souver\u00e4nit\u00e4t auch nutzen wollen muss. Daran krankt es ganz massiv. Sch\u00f6n zu sehen an der Zahl der Klicks dieser Website im Vergleich zu Katzenvideos, Fussballtoren und Musikidolen.<br \/>\n29.8.2022, W.R.<\/p>\n<p>Eine Zustandsbeschreibungen des Staates, wie sie schonungsloser nicht sein kann. Und sie ist leider komplett richtig. Wenn Deutschland jetzt angegriffen w\u00fcrde, von wem auch immer, was soll man dann verteidigen? Gibt es etwas, was uns noch eint, ein Ideal, ein Gef\u00fchl der Gemeinsamkeit? F\u00fcr was sollten wir unser Leben riskieren? Oder f\u00fcr wen? Da ist nichts und niemand\u2026..<br \/>\n29.8.022, Gla<\/p>\n<p>Auch von mir Dank f\u00fcr diese nachdenkenswerten Ausf\u00fchrungen! Die antike Staatsphilosophie kannte f\u00fcr jede Staatsform je eine Verfallsform: F\u00fcr die Monarchie die Tyrannis, f\u00fcr die Aristokratie die Oligarchie, und f\u00fcr die Demokratie die Ochlokratie (die Herrschaft des P\u00f6bels).In diesem Stadium sind wir angekommen. Der Ausleseprozess f\u00fcr das politische Personal, der ausschlie\u00dflich in den Parteien passiert, ist offensichtlich dysfunktional geworden. Die Gewaltenteilung existiert nicht mehr. Und vor allem: Die Grundlagen jeder Gesellschaft, Ehre und Anstand, sind rapide am Schwinden. Ein Kanzler, der sich an Gespr\u00e4che, in denen es um Milliarden ging, nicht mehr erinnert, eine Au\u00dfenministerin, die in ihrem Lebenslauf gelogen hat, eine Hauptstadtb\u00fcrgermeisterin, die eine plagiierte Doktorarbeit abgegeben hat \u2013 alles kein Problem. Wer m\u00f6chte schon in solcher Gesellschaft sein? In solchen F\u00e4llen verlorener Ehre w\u00e4re in machen Gesellschaften der Selbstmord die Konsequenz gewesen, heute t\u00e4te es ein R\u00fccktritt auch, was aber das Mindeste w\u00e4re.<br \/>\n289-8-2\u00df22, The<br \/>\n<strong>(3) &#8222;Wir&#8220; da oben: Lindner&#8217;s Prunkhochzeit<\/strong><br \/>\nZwischen &#8222;Unten&#8220; und &#8222;Oben&#8220; tut sich eine Kluft auf. W\u00e4hrend f\u00fcr immer mehr B\u00fcrger das Haushaltsgeld schon vor dem Monatsende &#8222;alle&#8220; ist, feiert Finanzminister Lindner ostentativ mit Protz und Prunk seine Hochzeit auf Sylt. Was Rang und Namen hat von Regierung, Opposition bzw. Prominenz kam &#8211; gerne auch mit Dienstwagen oder Flugzeug, wie z.B. CDU-Chef Merz.<br \/>\nUnd am Tag danach haben die da &#8222;Oben&#8220; wieder die Frechheit, im Namen von &#8222;Wir&#8220; zu fordern: &#8222;Wir m\u00fcssen sparen&#8220;. Nachdem die Ampel durch ihre Wirtschafts- (Inflation) und Energiepolitik (Gas) und die \u00f6konomische Talfahrt verursacht hat, besitzt sie die Dreistigkeit, die B\u00fcrger zum Sparen (Lebensmittel, Heizung) sowie zum Unterlassen von Protesten (Nancy Faeser) anzumahmen.<br \/>\n30.7.2022<\/p>\n<p><strong>Zur Fingierung einer kirchlichen Hochzeit Lindner\/Lehfeldt<\/strong><br \/>\nDie Trauung zweier Nichtchristen in einem Gotteshaus ist ein Skandal, aber ein lehrreicher. Die Lektion lautet: Liberalismus bedeutet im Kern das sorglose Vernutzen \u00fcberlieferter Best\u00e4nde, die \u2013 falls dekorativ \u2013 gerne in Anspruch genommen werden, f\u00fcr deren Fortbestand man aber nichts zu tun willens ist.<br \/>\n&#8230; Alles vom 29.7.2022 bitte lesen in der JF 30\/22 , Seite 17<\/p>\n<p>Kommentare:<br \/>\nBietet die ideale B\u00fchne f\u00fcr die Trauung des Selbstdarstellers Christian Lindner<br \/>\nSicher hatte der Keitumer evangelische Pastor an Matth\u00e4us 11, 28 ( &#8222;\u2026kommt her zu mir, alle, die ihr m\u00fchselig und beladen seid, ich will euch erquicken&#8220;), gedacht, als er den FDP-Vorsitzenden Christian Lindner und seine Braut zur Hochzeit in die Keitumer Kirche St. Severin geladen hat. Die im romanischen Stil erbaute \u00e4lteste Kirche von Sylt steht auf einem der h\u00f6chsten Punkte der Insel und bietet damit die ideale B\u00fchne f\u00fcr die Trauung des Selbstdarstellers Christian Lindner. Es ist halt einfach romantischer und medienwirksamer, sich unter dem Brausen einer Orgel und begleitet von den Ritualen einer christlichen Trauung das Ja-Wort zu geben. Das gibt ein dr\u00f6ges Standesamt einfach nicht her! Lindner und seine Braut wurden, obwohl beide nicht Mitglied in einer christlichen Kirche sind, in einer evangelischen Kirche getraut, und das auch noch kostenlos. Das wird sicher alle jene evangelischen Christen besonders erfreuen, die ihre Kirchensteuer bezahlen. Die kostenlose Trauung eines konfessionslosen Paares sind Privilegien, welche die Kirchen Durchschnittsb\u00fcrgern nicht zuteilwerden lassen. Es ist schon erstaunlich, dass die Kirchen in Zeiten einer zunehmenden Distanzierung ihrer Mitglieder, kaum etwas auslassen, was die Kluft zwischen den Hirten und ihren Schafen vergr\u00f6\u00dfert. Nat\u00fcrlich waren das Trauungsambiente und die gesamte Hochzeitsshow f\u00fcr die vielen geladenen prominenten G\u00e4ste, die entweder im Privatflugzeug oder einem PS-Boliden angereist kamen, absolut standesgem\u00e4\u00df. Die bunten Bl\u00e4tter werden wochenlang mit dem Ereignis besch\u00e4ftigt sein. Dass zeitlich parallel zur Lindner-Hochzeit, die Politiker der beiden anderen Koalitionsparteien die bescheidener verdienende Bev\u00f6lkerung auf herunter gek\u00fchlte Wohnungen oder gar W\u00e4rmestuben und weitere drastische Energiesparma\u00dfnahmen im kommenden Winter einstimmen, ber\u00fchrten Lindner und seine G\u00e4ste nicht die Bohne.<br \/>\n20.7.2022, Bernd Rottenecker, Hohberg<\/p>\n<p>Das ist kein Sozialneid, sondern angebrachte Kritik am Fehlverhalten eines Regierungsmitglieds<br \/>\nIn Europa herrscht Krieg. Die Ukrainer k\u00e4mpfen um ihre Freiheit und um ihr Leben. Sie k\u00e4mpfen auch f\u00fcr unsere Demokratie. Herr Lindner als Mitglied der Regierung feiert seine Hochzeit \u00fcber drei Tage auf Sylt. Mit viel Prunk und nat\u00fcrlich mit dem eigenen Porsche als Gef\u00e4hrt. Das ist Neoliberalismus. So war es vor &#8222;langer, langer Zeit&#8220;, die Reichen haben gefeiert mit allem Prunk und ohne R\u00fccksicht. Die Armen haben in den Kohlebergwerken geschuftet. Und heute der Liberale, besser gesagt der Neoliberale Christian Lindner feiert auf Sylt nobel und mit allen Facetten der &#8222;High Society&#8220;. Man l\u00e4sst sich kirchlich trauen, obwohl nicht Kirchenmitglied. Gut, Herr Lindner wird den Geldbeutel gez\u00fcckt haben. Herr Merz reist mit dem eigenen Flugzeug an. Warum nicht. Das steht dem CDU-Vorsitzenden zu. Europa, unser Land, ist in einer nach dem Krieg noch nie dagewesenen prek\u00e4ren Situation, die sogenannten Eliten machen ihren Job nicht. Das gilt vor allem f\u00fcr Herrn Lindner. Das Einzige, was er zu bieten hat, ist &#8222;Einhaltung der Schuldenbremse&#8220;, bei den \u00c4rmsten der Armen nimmt er K\u00fcrzungen vor. Er selbst g\u00f6nnt sich eine dreit\u00e4gige Prunkhochzeit. Amerika l\u00e4sst gr\u00fc\u00dfen. Ergebnis, eine tief gespaltene Gesellschaft. Herrn Lindner trifft das nicht, er hat gen\u00fcgend Substanz. Das ist kein Sozialneid, sondern eine angebrachte Kritik am Fehlverhalten eines Mitglieds der Regierung. Auf Grund der momentanen Situation w\u00e4re Bescheidenheit und eine Portion Demut angebracht gewesen. Vor allem sollte Herr Linder liefern. Im Klartext seinen Job machen. Das gilt vor allem f\u00fcr ihn als Mitglied der Regierung.<br \/>\n20.7.2022, Gerhard Lehre, Bad D\u00fcrrheim<br \/>\nEnde Kommentare<\/p>\n","protected":false},"excerpt":{"rendered":"<p>Bei der Bundestagswahl am 21.9.2021 hat das deutsche Wahlvolk so abgestimmt, da\u00df die rot-gr\u00fcn-gelb-Koalition die\u00a0 Ampel-Regierung bilden kann. Die Deutschen haben also die desastr\u00f6se EU-, Energie-, Corona-, Klima- und Ukrainepolitik, die unter Kanzler Olaf Scholz gemacht wird, verdient.<\/p>\n","protected":false},"author":2,"featured_media":0,"comment_status":"open","ping_status":"closed","sticky":false,"template":"","format":"standard","meta":{"footnotes":""},"categories":[18,80,171,172],"tags":[766,633,631,500],"class_list":["post-104283","post","type-post","status-publish","format-standard","hentry","category-bildung","category-medien","category-verbraucher","category-zukunft","tag-buerger","tag-demokratie","tag-staat","tag-wahl"],"_links":{"self":[{"href":"https:\/\/www.freiburg-schwarzwald.de\/blog\/wp-json\/wp\/v2\/posts\/104283","targetHints":{"allow":["GET"]}}],"collection":[{"href":"https:\/\/www.freiburg-schwarzwald.de\/blog\/wp-json\/wp\/v2\/posts"}],"about":[{"href":"https:\/\/www.freiburg-schwarzwald.de\/blog\/wp-json\/wp\/v2\/types\/post"}],"author":[{"embeddable":true,"href":"https:\/\/www.freiburg-schwarzwald.de\/blog\/wp-json\/wp\/v2\/users\/2"}],"replies":[{"embeddable":true,"href":"https:\/\/www.freiburg-schwarzwald.de\/blog\/wp-json\/wp\/v2\/comments?post=104283"}],"version-history":[{"count":5,"href":"https:\/\/www.freiburg-schwarzwald.de\/blog\/wp-json\/wp\/v2\/posts\/104283\/revisions"}],"predecessor-version":[{"id":104311,"href":"https:\/\/www.freiburg-schwarzwald.de\/blog\/wp-json\/wp\/v2\/posts\/104283\/revisions\/104311"}],"wp:attachment":[{"href":"https:\/\/www.freiburg-schwarzwald.de\/blog\/wp-json\/wp\/v2\/media?parent=104283"}],"wp:term":[{"taxonomy":"category","embeddable":true,"href":"https:\/\/www.freiburg-schwarzwald.de\/blog\/wp-json\/wp\/v2\/categories?post=104283"},{"taxonomy":"post_tag","embeddable":true,"href":"https:\/\/www.freiburg-schwarzwald.de\/blog\/wp-json\/wp\/v2\/tags?post=104283"}],"curies":[{"name":"wp","href":"https:\/\/api.w.org\/{rel}","templated":true}]}}