{"id":104200,"date":"2022-09-10T09:20:07","date_gmt":"2022-09-10T07:20:07","guid":{"rendered":"https:\/\/www.freiburg-schwarzwald.de\/blog\/?p=104200"},"modified":"2022-09-10T09:42:30","modified_gmt":"2022-09-10T07:42:30","slug":"frei-bruederlich-und-gleich-in-d","status":"publish","type":"post","link":"https:\/\/www.freiburg-schwarzwald.de\/blog\/frei-bruederlich-und-gleich-in-d\/","title":{"rendered":"Frei, br\u00fcderlich und gleich in D"},"content":{"rendered":"<p><a href=\"https:\/\/www.freiburg-schwarzwald.de\/blog\/engagement\/zukunft\/angst\/angstmachen\/\">Unbehagen<\/a> macht sich breit. Die 75 Jahre w\u00e4hrende Zeit von Frieden und <a href=\"https:\/\/www.freiburg-schwarzwald.de\/blog\/selbsthilfe\/soziales\/wohlstand\/\">Wohlstand<\/a> endet. Die in der franz\u00f6sischen Revolution ausgerufenen drei Ziele der Freiheit (im Geistesleben), Br\u00fcderlichkeit (im Wirtschaftsleben) und Gleichheit (im Rechtsleben), die der Anthroposph <a href=\"https:\/\/www.freiburg-schwarzwald.de\/blog\/business\/gesund\/arzt\/kuelken\/\">Rudolf Steiner<\/a> als <a href=\"https:\/\/www.freiburg-schwarzwald.de\/blog\/selbsthilfe\/soziales\/soziale-dreigliederung\/\">soziale Dreigliederung<\/a> beschreibt, <!--more-->geraten zunehmend aus dem Blick.<\/p>\n<p><strong>Die Freiheit<\/strong> im Geistesleben betrifft Kultur, Bildung und Wissenschaft &#8211; da stellen sich Fragen \u00fcber Fragen: Aus welchem Grund werden die Freiheitsrechte des einzelnen B\u00fcrgers als dem Souver\u00e4n durch die <a href=\"https:\/\/www.freiburg-schwarzwald.de\/blog\/energie\/energiepolitik\/\">Energie-<\/a>, <a href=\"https:\/\/www.freiburg-schwarzwald.de\/blog\/natur\/klima\/klimapolitik\/\">Klima-<\/a> und <a href=\"https:\/\/www.freiburg-schwarzwald.de\/blog\/business\/gesund\/corona-virus\/\">Coronapolitik<\/a> immer mehr beschnitten?<br \/>\nWas macht die <a href=\"https:\/\/www.freiburg-schwarzwald.de\/blog\/kultur\/kulturverlust\/cancelculture\/\">Cancel Culture<\/a> mit der Universit\u00e4t, dem fr\u00fcheren Hort der <a href=\"https:\/\/www.freiburg-schwarzwald.de\/blog\/bildung\/hochschulen-freiheit\/\">wissenschaftlichen Freiheit<\/a> in Forschung und Lehre? Warum verbietet die <a href=\"https:\/\/www.freiburg-schwarzwald.de\/blog\/humboldt-universitaet-freiheit\/\">Humboldt-Universit\u00e4t Berlin<\/a> einen Vortrag zur Zweigeschlechtlichkeit in der <a href=\"https:\/\/www.freiburg-schwarzwald.de\/blog\/selbsthilfe\/frauen\/gender\/sexualbiologie\/\">Biologie<\/a>?<br \/>\nWas ist das f\u00fcr ein Erziehungssystem, in dem Sch\u00fcler nicht mehr zur offenen Diskussion mit Argument und Gegenargument aufgefordert und trainiert werden, sondern zur Scheindebatte gem\u00e4\u00df &#8222;gut=wahr gegen b\u00f6se=unwahr&#8220;?<br \/>\nBestimmt die Politik \u00fcber das wissenschaftliche Arbeiten des <a href=\"https:\/\/www.freiburg-schwarzwald.de\/blog\/rki-zahlen-lockdown-umsonst\/\">RKI<\/a> zu Corona? Warum werden in Deutschland die international anerkannte Forschungen zu Corona wie die von <a href=\"https:\/\/www.freiburg-schwarzwald.de\/blog\/corona-prof-ioannidis-hat-recht\/\">Prof Ioannidis<\/a> von Gesundheitsministerium und Medien ignoriert?<br \/>\nHat sich die <a href=\"https:\/\/www.freiburg-schwarzwald.de\/blog\/business\/gesund\/corona-virus\/corona-wissenschaft\/\">Wissenschaft<\/a> \u00fcber <a href=\"https:\/\/www.freiburg-schwarzwald.de\/blog\/business\/gesund\/arzt\/kuelken\/\">Gef\u00e4lligkeitsgutachten<\/a> an die Politik verkauft? Warum werden Corona-Nebenwirkungen nicht erforscht &#8211; schon an den statistischen Erhebungen mangelt es?<\/p>\n<p><strong>Die Br\u00fcderlichkeit<\/strong> bzw. Gegenseitigkeit im Wirtschaftsleben wurde verankert in der <a href=\"https:\/\/www.freiburg-schwarzwald.de\/blog\/engagement\/zukunft\/marktwirtschaft\/soziale-marktwirtschaft\/\">sozialen Marktwirtschaft<\/a>, in der der Einzelne f\u00fcr sich selbst wie auch die Bed\u00fcrfnisse seine Mitb\u00fcrger arbeitet.<br \/>\nIst dieses Miteinander im Sinne des <a href=\"https:\/\/www.freiburg-schwarzwald.de\/blog\/global\/deutschland\/consent-of-the-governed\/\">Consent to the Governed<\/a> noch gew\u00e4hrleistet, wenn heute nur noch 33,9% der Deutschen produktiv t\u00e4tig sind und \u00fcber das von ihnen geschaffene Bruttosozialprodukt <a href=\"https:\/\/www.freiburg-schwarzwald.de\/blog\/ein-drittel-versorgt-zwei-drittel\/\">die anderen 66,1%<\/a> versorgen m\u00fcssen?<br \/>\nDie <a href=\"https:\/\/www.freiburg-schwarzwald.de\/blog\/business\/wirtschaft\/sanktionen\/\">Sanktionen<\/a> sind gescheitert, sie haben die <a href=\"https:\/\/www.freiburg-schwarzwald.de\/blog\/global\/ukraine\/ukraine-russland\/\">russische Milit\u00e4rmaschinerie<\/a> nicht getroffen, sondern die dortigen einfachen B\u00fcrger des riesigen Landes sowie das Wirtschaftsleben im hochtechnisierten Deutschland. Warum werden diese Sanktionen nicht evaluiert und beendet? Unser &#8222;Land der Mitte&#8220; ist zur br\u00fcderlichen Zusammenarbeit mit seinen Nachbarn verpflichtet, insbesondere mit <a href=\"https:\/\/www.freiburg-schwarzwald.de\/blog\/global\/russland\/\">Russland<\/a> als dem gr\u00f6\u00dften Land sowie Energielieferanten weltweit.<\/p>\n<p><strong>Die Gleichheit<\/strong> im Rechtslebens ist &#8211; im Gegensatz zur Freiheit und Br\u00fcderlichkeit &#8211; die\u00a0 alleinige Dom\u00e4ne des Staates, genauer: des demokratischen <a href=\"https:\/\/www.freiburg-schwarzwald.de\/blog\/selbsthilfe\/soziales\/justiz\/rechtsstaat\/\">Rechtsstaates<\/a>. Gesetzgebung, Rechtschutz und Rechtsprechung im \u00f6ffentlichen Recht sind Aufgabe des Staates. Aber sorgt dieser Staat \u00fcberhaupt noch daf\u00fcr, dass weiterhin das Diktum &#8222;jeder B\u00fcrger ist vor dem Gesetz gleich&#8220; gilt?<br \/>\nWerden B\u00fcrger gleich behandelt, unabh\u00e4ngig davon, ob sie an einer politisch rechts oder links ausgerichteten Demo teilnehmen?<br \/>\nIst es Zufall oder Anzeichen von Paralleljustiz, wenn migrantische <a href=\"https:\/\/www.freiburg-schwarzwald.de\/blog\/selbsthilfe\/krise\/sexuellermissbrauch\/vergewaltigung\/\">Vergewaltiger<\/a> milder bestraft werden?<br \/>\nWarum werden <a href=\"https:\/\/www.freiburg-schwarzwald.de\/blog\/kultur\/medien\/diskussionskultur\/kontaktschuld\/\">Kontaktschuld<\/a>, <a href=\"https:\/\/www.freiburg-schwarzwald.de\/blog\/kultur\/medien\/diffamierung\/\">Diffamierung<\/a> und <a href=\"https:\/\/www.freiburg-schwarzwald.de\/blog\/kultur\/medien\/diskriminierung\/\">Diskriminierung<\/a> geduldet?<br \/>\nUrteilen Richter &#8211; auch am <a href=\"https:\/\/www.freiburg-schwarzwald.de\/blog\/engagement\/zukunft\/demokratie\/verfassung\/bundesverfassungsgericht\/\">Bundesverfassungsgericht<\/a> &#8211; unabh\u00e4ngig?<br \/>\nWird die <a href=\"https:\/\/www.freiburg-schwarzwald.de\/blog\/engagement\/zukunft\/demokratie\/gewaltenteilung\/\">Gewaltenteilung<\/a> gew\u00e4hrleistet und auch von den Medien kontrolliert?<br \/>\n.<br \/>\nFreiheit, Br\u00fcderlichkeit und Gleichheit sind Ideale, die f\u00fcr soziale Notwendigkeiten stehen. Sind sie verletzt, wird aus einem gesunden <a href=\"https:\/\/www.freiburg-schwarzwald.de\/blog\/selbsthilfe\/soziales\/soziale-dreigliederung\/\">sozialen Organismus<\/a> ein kranker Organismus. &#8222;Wie der menschliche Organismus seine unentbehrlichen Lebensbedingungen hat, so hat sie auch der soziale Organismus. Und dieser ist in dem Ma\u00dfe gesund, wie diese Bedingungen erf\u00fcllt sind, und er ist in dem Ma\u00dfe krank, wie diese Bedingungen nicht ber\u00fccksichtigt werden&#8220; &#8211; so der Arzt <a href=\"https:\/\/www.freiburg-schwarzwald.de\/blog\/business\/gesund\/arzt\/kuelken\/\">Dr. Thomas K\u00fclken<\/a> aus Staufen.<\/p>\n<p>Der <a href=\"https:\/\/www.freiburg-schwarzwald.de\/blog\/engagement\/zukunft\/demokratie\/staatsapparat\/\">Staat<\/a> dehnt seine Macht \u00fcber das Rechtsleben hinaus aus in die beiden Bereiche, in denen er nichts zu suchen hat: in das Geistes- und Kulturleben (Freiheit) und in das Wirtschaftsleben (Br\u00fcderlichkeit). Diese Machtausdehnung birgt die Gefahr, da\u00df unsere <a href=\"https:\/\/www.freiburg-schwarzwald.de\/blog\/engagement\/zukunft\/demokratie\/demokratie-nation\/\">Demokratie<\/a> in ein <a href=\"https:\/\/www.freiburg-schwarzwald.de\/blog\/engagement\/zukunft\/demokratie\/totalitarismus\/\">totalit\u00e4res System<\/a> abdriftet. Diese Gefahr macht das Unbehagen aus, das immer mehr Menschen vor dem anstehenden Winter 2022\/23 bef\u00e4llt.<br \/>\n10.9.2022<\/p>\n","protected":false},"excerpt":{"rendered":"<p>Unbehagen macht sich breit. Die 75 Jahre w\u00e4hrende Zeit von Frieden und Wohlstand endet. Die in der franz\u00f6sischen Revolution ausgerufenen drei Ziele der Freiheit (im Geistesleben), Br\u00fcderlichkeit (im Wirtschaftsleben) und Gleichheit (im Rechtsleben), die der Anthroposph Rudolf Steiner als soziale &hellip; <a href=\"https:\/\/www.freiburg-schwarzwald.de\/blog\/frei-bruederlich-und-gleich-in-d\/\">Weiterlesen <span class=\"meta-nav\">&rarr;<\/span><\/a><\/p>\n","protected":false},"author":2,"featured_media":0,"comment_status":"open","ping_status":"closed","sticky":false,"template":"","format":"standard","meta":{"footnotes":""},"categories":[433,18,5,158,13,157,172],"tags":[682,520,301,525],"class_list":["post-104200","post","type-post","status-publish","format-standard","hentry","category-arzt","category-bildung","category-energie","category-gesund","category-kultur","category-oeffentlicher-raum","category-zukunft","tag-freiheit","tag-frieden","tag-culture","tag-politik"],"_links":{"self":[{"href":"https:\/\/www.freiburg-schwarzwald.de\/blog\/wp-json\/wp\/v2\/posts\/104200","targetHints":{"allow":["GET"]}}],"collection":[{"href":"https:\/\/www.freiburg-schwarzwald.de\/blog\/wp-json\/wp\/v2\/posts"}],"about":[{"href":"https:\/\/www.freiburg-schwarzwald.de\/blog\/wp-json\/wp\/v2\/types\/post"}],"author":[{"embeddable":true,"href":"https:\/\/www.freiburg-schwarzwald.de\/blog\/wp-json\/wp\/v2\/users\/2"}],"replies":[{"embeddable":true,"href":"https:\/\/www.freiburg-schwarzwald.de\/blog\/wp-json\/wp\/v2\/comments?post=104200"}],"version-history":[{"count":5,"href":"https:\/\/www.freiburg-schwarzwald.de\/blog\/wp-json\/wp\/v2\/posts\/104200\/revisions"}],"predecessor-version":[{"id":104205,"href":"https:\/\/www.freiburg-schwarzwald.de\/blog\/wp-json\/wp\/v2\/posts\/104200\/revisions\/104205"}],"wp:attachment":[{"href":"https:\/\/www.freiburg-schwarzwald.de\/blog\/wp-json\/wp\/v2\/media?parent=104200"}],"wp:term":[{"taxonomy":"category","embeddable":true,"href":"https:\/\/www.freiburg-schwarzwald.de\/blog\/wp-json\/wp\/v2\/categories?post=104200"},{"taxonomy":"post_tag","embeddable":true,"href":"https:\/\/www.freiburg-schwarzwald.de\/blog\/wp-json\/wp\/v2\/tags?post=104200"}],"curies":[{"name":"wp","href":"https:\/\/api.w.org\/{rel}","templated":true}]}}