{"id":104111,"date":"2022-09-03T12:37:28","date_gmt":"2022-09-03T10:37:28","guid":{"rendered":"https:\/\/www.freiburg-schwarzwald.de\/blog\/?p=104111"},"modified":"2022-09-05T22:09:42","modified_gmt":"2022-09-05T20:09:42","slug":"egal-was-meine-waehler-denken","status":"publish","type":"post","link":"https:\/\/www.freiburg-schwarzwald.de\/blog\/egal-was-meine-waehler-denken\/","title":{"rendered":"Egal was meine W\u00e4hler denken"},"content":{"rendered":"<p><em>&#8222;Wenn ich den Menschen in der Ukraine das Versprechen gebe: \u201aWir stehen an eurer Seite, so lange, wie ihr uns braucht\u2018, dann will ich auch liefern. Egal, was meine deutschen W\u00e4hler denken: Ich m\u00f6chte f\u00fcr die Ukraine liefern&#8220;<\/em> &#8211; so Au\u00dfenministerin Annalena Baerbock beim Treffen der Nicht-Regierungsorganisation \u201eForum 2000\u201c <!--more-->am 31. August 2022 in Prag.<br \/>\n<em>\u201cIf I give the promise to people in Ukraine we stand with you as long as you need us. Then I want to deliver, no matter what my German voters think but I want to deliver to the people of Ukraine.\u201d<\/em><br \/>\n<a href=\"https:\/\/twitter.com\/i\/status\/1565067553671626760\">https:\/\/twitter.com\/i\/status\/1565067553671626760<\/a><br \/>\n<a href=\"https:\/\/youtu.be\/NJ7qoXbRYX8\">https:\/\/youtu.be\/NJ7qoXbRYX8<\/a><br \/>\nHier das ungeschnittene Video. Au\u00dfenministerin Baerbock ist an 1.22.50 zu h\u00f6ren:<br \/>\n<a href=\"https:\/\/youtu.be\/78-_Ou5sH3k\">https:\/\/youtu.be\/78-_Ou5sH3k<\/a><\/p>\n<p>.<br \/>\nDie Kernaussage <em>\u201cIch unterst\u00fctze das Volk der Ukraine, egal was meine deutschen W\u00e4hler denken<\/em>\u201d <em>bzw. &#8222;no mat\u00adter what my German voters think, but I want to deli\u00adver to the peop\u00adle of the Ukrai\u00adne\u201c<\/em> wird vehement kritisiert (siehe auch (5) unten). Die Vorw\u00fcrfe gehen bis zu Landesverrat und Amtsmi\u00dfbrauch. Man mu\u00df Baerbock an ihren Amtseid<br \/>\n<a href=\"https:\/\/www.pro-medienmagazin.de\/so-wahr-mir-gott-helfe-so-legten-die-ampelminister-den-amtseid-ab\/\">https:\/\/www.pro-medienmagazin.de\/so-wahr-mir-gott-helfe-so-legten-die-ampelminister-den-amtseid-ab\/<\/a><br \/>\nerinnern, bei dem sie Ende 2021 geschworen hat: <em>\u201eIch schw\u00f6re, dass ich meine Kraft dem Wohle des deutschen Volkes widmen, seinen Nutzen mehren, Schaden von ihm wenden, das Grundgesetz und die Gesetze des Bundes wahren und verteidigen, meine Pflichten gewissenhaft erf\u00fcllen und Gerechtigkeit gegen jedermann \u00fcben werde.\u201c<\/em><br \/>\n.<br \/>\nNicht verwunderlich, da\u00df Baerbock&#8217;s &#8222;to the people of the Ukrai\u00adne&#8220; in der offiziellen Verlautbarung mit &#8222;f\u00fcr die Ukraine&#8220; \u00fcbersetzt wurde, schlie\u00dflich spricht Baerbock zwar vom &#8222;ukrainischen Volk&#8220;, aber nie vom &#8222;<a href=\"https:\/\/www.freiburg-schwarzwald.de\/blog\/global\/deutschland\/deutsche-kultur\/\">deutschen Volk<\/a>&#8220; &#8211; <a href=\"https:\/\/www.freiburg-schwarzwald.de\/blog\/engagement\/zukunft\/demokratie\/volk\/\">Volk<\/a> ist ein Tabu-Begriff.<\/p>\n<p>Im Hinblick auf die <a href=\"https:\/\/www.freiburg-schwarzwald.de\/blog\/business\/wirtschaft\/sanktionen\/\">Sanktionen<\/a> gegen Russland sagte Baerbock in Prag:<br \/>\n&#8222;Wir gehen nun auf einen Winter zu, in dem wir als demokratische Politiker herausgefordert werden werden. Menschen werden auf die Stra\u00dfe gehen und sagen: Wir k\u00f6nnen unsere Energiepreise nicht bezahlen. Und ich werde sagen: Ja, ich wei\u00df, wir werden euch also mit sozialen Ma\u00dfnahmen helfen. Aber ich will nicht sagen: Okay, dann beenden wir die Sanktionen gegen Russland. Wir werden an der Seite der Ukraine stehen, und das bedeutet, dass die Sanktionen auch \u00fcber den Winter bleiben werden, auch wenn es wirklich hart f\u00fcr Politiker wird.\u201c<\/p>\n<p>Mann stelle sich vor, ein franz\u00f6sischer, australischer, chinesischer, amerikanischer oder s\u00fcdafrikanischer Au\u00dfenminister h\u00e4tte als Chefdiplomat seines Landes auf einer Konferenz gesagt: <em>&#8222;No mat\u00adter what my voters think, but I want to deli\u00adver to the peop\u00adle of the foreign state X\u201c<\/em>. Er w\u00e4re umgehend entlassen worden. Schlie\u00dflich rangieren die <a href=\"https:\/\/www.freiburg-schwarzwald.de\/blog\/global\/deutschland\/deutsche-interessen\/\">Interessen<\/a> des von ihm vertretenen eigenen Landes ganz oben.<br \/>\n<em>&#8222;Treten Sie endlich zur\u00fcck&#8220;<\/em> fordert auch Julia Neigel in ihrem offenen Brief (siehe (4) unten) an Annalena Baerbock.<br \/>\n3.9.2022<\/p>\n<p>&nbsp;<\/p>\n<p><strong>(1) \u00bbEgal, was meine deutschen W\u00e4hler denken\u00ab<\/strong><br \/>\nAu\u00dfenministerin frotzelt, dass W\u00e4hlerwille ihr egal ist, und f\u00fcr au\u00dfenpolitische Ziele nimmt man das Leid der Deutschen hin. Es ist l\u00e4ngst klar, nur die \u00bbEhrlichkeit\u00ab ist neu.<br \/>\n&#8230;.<br \/>\nEs wird offen geh\u00f6hnt, die \u00bbganze Aufregung sei ohnehin in wenigen Tagen auch schon wieder vorbei.\u00ab<br \/>\nKontext? Sehr gern! Man solle doch bitte den Kontext beachten, so sagen die Verteidiger \u2013 und sie verlassen sich darauf, dass man es nicht tut. Welchen Kontext meinen die genau? Etwa den Kontext der Person, die da spricht? Sehr gern!<br \/>\nFrau Baerbock ist Mitglied bei den Young Global Leaders des Herrn Schwab (<a href=\"https:\/\/www.younggloballeaders.org\/\">https:\/\/www.younggloballeaders.org\/<\/a> archiviert<br \/>\n<a href=\"https:\/\/www.younggloballeaders.org\/community?utf8=%E2%9C%93&amp;q=baerbock\">https:\/\/www.younggloballeaders.org\/community?utf8=%E2%9C%93&amp;q=baerbock<\/a><br \/>\nFrau Baerbock l\u00e4sst sich mit Herrn Soros ablichten, was der deutsche Staatsfunk artig verteidigt (tagesschau.de, 20.4.2021, <a href=\"https:\/\/www.tagesschau.de\/faktenfinder\/baerbock-soros-101.html\">https:\/\/www.tagesschau.de\/faktenfinder\/baerbock-soros-101.html<\/a>) \u2013 immerhin besuchte sie die gleiche Londoner Schule wie er, wenn auch ihre Masterthesis zwar gewiss existiert, aber leider, leider weiterhin \u00bbgeheim\u00ab bleibt (plagiatsgutachten.com, 7.6.2021 <a href=\"https:\/\/plagiatsgutachten.com\/blog\/die-sakrosankte-masterthesis\/\">https:\/\/plagiatsgutachten.com\/blog\/die-sakrosankte-masterthesis\/<\/a> ).<br \/>\n&#8230;.<br \/>\nJa, es ist ein Skandal, wie offen die Worte der Ministerin eine Verachtung f\u00fcr Deutschlands W\u00e4hler und f\u00fcr die Grundwerte der Demokratie zeigten. Es ist gruselig, wie offen Politiker zugeben, dass sie sehr bewusst das Leid der Deutschen in Kauf nehmen.<br \/>\nIm Essay \u00bbNeue Staatsfeinde und jetzt kein Haus\u00ab<br \/>\n<a href=\"https:\/\/www.dushanwegner.com\/neue-staatsfeinde\/\">https:\/\/www.dushanwegner.com\/neue-staatsfeinde\/<\/a><br \/>\nbeschrieb ich k\u00fcrzlich, wie die Politik sich darauf vorzubereiten scheint, die erwarteten Proteste leidender B\u00fcrger mit Panzern und aus Diktaturen bekannten Methoden niederzuschlagen.<br \/>\nJetzt hat die deutsche Au\u00dfenministerin offen ausgesprochen, dass die Politik bereit ist, f\u00fcr au\u00dfenpolitische Ziele das Leid der Deutschen hinzunehmen \u2013 und dass ihr der Wille der W\u00e4hler gleichg\u00fcltig ist.<br \/>\nEs ist skandal\u00f6s und erschreckend, egal wie sehr sich die Propaganda m\u00fcht, es umzudeuten und einzufangen. Und es ist wieder einmal ein ganz eigener Skandal, dass es nicht ein (viel gr\u00f6\u00dferer) Skandal ist. Was Baerbock sagte, ist offen demokratieverachtend. \u00dcberraschend daran ist nur noch, wie offen diese Figuren es zugeben.<br \/>\n&#8230;<br \/>\nIm Essay \u00bbMerkel sucht den Nachfolgeroboter\u00ab verglich ich 2021 das Auftreten der Frau Baerbock mit einem Roboter, der Phrasen auf ihre Wirkung hin ausprobiert, ohne sie zu verstehen. Was wir seitdem und aktuell erleben, widerspricht dieser Beschreibung nicht.<br \/>\nSp\u00e4testens seit 2015 und Lockdowns wissen wir, dass denen unser Leid kaum gleichg\u00fcltiger sein k\u00f6nnte.<br \/>\nDie geben offen und selbstbewusst zu, dass sie unser Leid erwarten und es f\u00fcr ihre politischen Ziele in Kauf nehmen \u2013 Polizei und Panzer stehen bereit, um eventuelle Proteste leidender B\u00fcrger, der neuen \u00bbStaatsfeinde\u00ab, niederzuschlagen.<br \/>\n&#8230; Alles vom 2.9.2022 von Dushan Wegner bitte lesen auf<br \/>\n<a href=\"https:\/\/www.dushanwegner.com\/baerbock-egal\/\">https:\/\/www.dushanwegner.com\/baerbock-egal\/<\/a><br \/>\n.<br \/>\n.<br \/>\n<strong>(2) Baerbock pfeift auf die B\u00fcrger: \u201eEgal, was meine deutschen W\u00e4hler denken\u201d: Wir stehen zur Ukraine<\/strong><\/p>\n<p>So offen Baerbock in dem Statement auch erscheint: Die Aussagen beinhalten wieder nur die halbe Wahrheit. Denn die Sanktionspolitik Deutschlands hilft den ukrainischen Zivilisten nicht, sie hat keinen direkten Einfluss auf den Krieg. Die Aussage, mit den Sanktionen w\u00fcrde man sich \u201ean die Seite der Menschen in der Ukraine stellen\u201c, h\u00e4lt einer n\u00e4heren Betrachtung nicht stand. Das gilt auch f\u00fcr die Behauptung: \u201eGegen die Sanktionen = Gegen die Ukraine\u201c, wie wir in diesem Artikel beschrieben haben. Die Linderung des schrecklichen Leids der ukrainischen Zivilisten ist kein Motiv f\u00fcr die aktuelle Politik der Bundesregierung. Auch Ungeschicklichkeit und Fehler sind meiner Meinung nach als Motivationen f\u00fcr diese zerst\u00f6rerische Politik gegen die eigenen B\u00fcrger auszuschlie\u00dfen.<br \/>\nWessen Interessen die Bundesregierung mit der gegenw\u00e4rtigen Sanktions- und Energiepolitik tats\u00e4chlich bedient, ist eine der dr\u00e4ngendsten Fragen der Zeit.<br \/>\n&#8230; Alles vom 1.9.2022 bitte lesen auf<br \/>\n<a href=\"https:\/\/www.nachdenkseiten.de\/?p=87511\">https:\/\/www.nachdenkseiten.de\/?p=87511<\/a><br \/>\n.<\/p>\n<p><strong>(3) Annalenas Alternativlosigkeit<\/strong><br \/>\nGrie\u00adchen\u00adland\u00adret\u00adtung, Ban\u00adken\u00adret\u00adtung, Euro\u00adret\u00adtung, Kli\u00adma\u00adret\u00adtung, Uni\u00adper-Ret\u00adtung, Ukrai\u00adne-Ret\u00adtung \u2013 in die\u00adse Lis\u00adte woll\u00adte Baer\u00adbock sich eintragen, und wie alle ihre Koste-es-was-es-wol\u00adle-Kol\u00adle\u00adgen inter\u00ades\u00adsiert sie sich nur wenig f\u00fcr die Kollateralsch\u00e4den bei jenen, die ihre Poli\u00adtik zu ertra\u00adgen und zu bezah\u00adlen haben.<br \/>\n&#8230;<br \/>\nIm Ged\u00e4cht\u00adnis wird die\u00adser Faux\u00adpas blei\u00adben und nicht die Essenz der Rede, n\u00e4m\u00adlich ein weite\u00adrer \u201ewhatever it takes\u201c-Moment in einer lan\u00adgen Rei\u00adhe zu sein. Grie\u00adchen\u00adland\u00adret\u00adtung, Ban\u00adken\u00adret\u00adtung, Euro\u00adret\u00adtung, Kli\u00adma\u00adret\u00adtung, Uni\u00adper-Ret\u00adtung, Ukrai\u00adne-Ret\u00adtung \u2013 in die\u00adse Lis\u00adte woll\u00adte Baer\u00adbock sich ein\u00adtra\u00adgen und wie alle ihre Kos\u00adte-es-was-es-wol\u00adle-Kol\u00adle\u00adgen interessiert sie sich nur wenig f\u00fcr die Kol\u00adla\u00adte\u00adral\u00adsch\u00e4\u00adden bei jenen, die ihre Poli\u00adtik zu ertra\u00adgen und zu bezah\u00adlen haben.<br \/>\n&#8230;.<br \/>\nDie M\u00f6g\u00adlich\u00adkeit, dass das Baerbock\u2018sche \u201ewha\u00adte\u00adver\u201c buch\u00adst\u00e4b\u00adlich alles sein und es am Ende den\u00adnoch nicht rei\u00adchen k\u00f6nn\u00adte, die EU, den Euro, das Kli\u00adma und die Ukrai\u00adne zu ret\u00adten, scheint unse\u00adre Au\u00dfen\u00admi\u00adnis\u00adte\u00adrin mit ihrem \u201e\u2026 in the end we will win\u201c jeden\u00adfalls nicht in den Sinn zu kom\u00admen.<br \/>\n&#8230; alles vom 3.9.2022 von Roger Letsch bitte lesen auf<br \/>\n<a href=\"https:\/\/unbesorgt.de\/annalenas-alternativlosigkeit\/\">https:\/\/unbesorgt.de\/annalenas-alternativlosigkeit\/<\/a><\/p>\n<p>Einige Kommentare:<br \/>\n<strong>\u201cWir werden siegen, denn wir m\u00fcssen siegen\u201d<\/strong><br \/>\nwar der Schrei vor 78 Jahren, was mit \u00e4hnlich \u00fcbert\u00f6lpender Logik vorgebracht ist wie so vieles in den heutigen Tagen. Die Worte von der Au\u00dfenministerin sind bewu\u00dft gew\u00e4hlt und beileibe keine Unbedachtheit. Sie sollen die unzufriedene Minderheit zur Rebellion anstacheln, wohl wissend, da\u00df die Medien die ertragende Mehrheit bes\u00e4nftigen werden. Es ist doch unverkennbar, da\u00df die Konfrontation h\u00e4nderingend gesucht wird, sowohl nach au\u00dfen mit Ru\u00dfland und China, als auch nach innen mit den eigenen B\u00fcrgern. Die Hetzer glauben, unter den Fittichen der Nato davonzukommen, sollten aber auch damit rechnen, abgesto\u00dfen im kalten Keller das Ende erleben zu m\u00fcssen.<br \/>\n3.9.2022, K.B.<\/p>\n<p><strong>\u201eGerman voters\u201c?<\/strong><br \/>\nHat Baerbock vielleicht auch norwegische oder brasilianische W\u00e4hler? Oder vertritt sie gar die ganze Welt?<br \/>\n3.9.2022, V.W.<\/p>\n<p><strong>What ever it takes! Koste es was es wolle!<\/strong><br \/>\nKrieg gegen das Klima, gegen die Wissenschaft, gegen die Vernunft, gegen die Wahrheit, gegen die Moral, gegen das Recht, gegen die Sprache, gegen die eigenen B\u00fcrger, gegen die Freiheit, gegen alles, was uns recht ist und wie es uns passt. Mit ein paar tausend Fanatikern und untert\u00e4nigen Medien kannst du alles erreichen, man sieht es wieder. Geld ist f\u00fcr die gr\u00fcnen Kommunisten noch nie ein Hinderungsgrund gewesen, man nimmt es sich und wenn keins mehr da ist, druckt man es eben. Wehe, wenn ich an das Ende denke!<br \/>\n3.9.2022, C.B.<\/p>\n<p><strong>Als Chefdiplomatin im Aussenministerium<\/strong><br \/>\nmacht diese Frau schlicht einfach nicht ihren Job. Den Begriff Diplomatie muss sie wahrscheinlich erst im Duden nachschlagen. Ausser Russland Bashing und Kriegshetze hat sie nichts zu sagen. Sie ist eine Schande f\u00fcr unser Land. Das sie und und ihre \u201cLeistungen\u201d trotzdem im MSM glorifiziert werden werde ich nie verstehen. W\u00e4re sie in der freien Wirtschaft angestellt h\u00e4tte man sie l\u00e4ngst fristlos gefeuert.<br \/>\n3.9.2022, B.L<\/p>\n<p><strong>Eine fuerwahr aufschlussreiche Ansage!<\/strong><br \/>\neiner Art kindfraulicher Amazone der Postmoderne. Zu vermuten ist, dass diese Ansage bei einem weissen Mann deutlich weniger begeistert ankaeme. Die Rollen sind neu sortiert. Frau Baerbock, die es nach dem Motto \u201cKindermund tut Wahrheit kund\u201d wie immer selbstredend ernst meint, knuepft sowohl an ber\u00fchmte Vorg\u00e4nger an und sie bedient, vermutlich beraten, an die bew\u00e4hrten Stilmittel der Totalitaeren an. Die \u00c4hnlichkeiten in ihrer Diktion mit dem der von Merkel, aber auch anderer, maennlichen, finsterer Figuren der juengeren deutschen Geschichte ist interessant.<br \/>\nAllerdings w\u00fcrde seinerzeit noch, wenn auch rhetorisch, gefragt, ob das Volk den totalen Krieg wolle, heute wird er erklaert, und wie damals geht es auch heute um das ganz Grosse, angef\u00fchrt von den Erneuerern und Weltverbesserern mit neuem (oder alten) Feind. \u201d (Deutsche) Opfer muessen dafuer erbracht werden\u201d wuerde ebenso passen, damals wie heute. Die partielle Begeisterung bei einer derartigen Ansage ist bei einer (insoweit unver\u00e4nderten) Verfasstheit dieser Gesellschaft wenig ueberraschend. Da verbinden sich Ressentiments und Bedeutungssuche, endlich wieder eine (F\u00fchrer) Rolle in der Geschichte, zu einer bekannten Melange, getriggert von einer fuer dieses Land durchaus brandgef\u00e4hrlichen Dame, bei der nicht immer klar ist, ob sie versteht, was sie da von sich gibt. Fuer ihre gruenen Sektenmitglieder duerften ihre Botschaften fuer den apokalyptischen Kampf gegen das heutige Boese aehnlich der von Baghwan vor dem Finale wirken. Spaetestens jetzt muesste klar sein, dass es den Gruenen, ebenso wie ihren transatlantischen Freunden, nicht um die Ukraine und deren Nationalit\u00e4t geht. Und natuerlich winkt der Trans &#8211; oder Antihumanismus der Transformatoren immer deutlicher um die Ecke.<br \/>\n3.9.2022<\/p>\n<p>Irgend etwas habe ich an der Politik in Deutschland nicht verstanden. Die Gr\u00fcnen hatten bei der Bundeswahl im September 2021 einen W\u00e4hleranteil von 14,8 Prozent. Wieso k\u00f6nnen die Gr\u00fcnen dann mit diesen 14,8 Prozent derart die Politik in Deutschland dominieren und bestimmen? Was wird da gespielt? Eine Minderheitspartei zwingt der Mehrheitsgesellschaft ihren Willen auf? Funktioniert in Deutschland so Politik?<br \/>\n3.9.2022, P.W.<\/p>\n<p><strong>&#8222;In the end we will win&#8220; &#8211; also bis zum Endsieg.<\/strong><br \/>\nIst damit auch die R\u00fcckeroberung der Krim gemeint? Wir werden von kompetenzbefreiten Irren regiert!! Und dass wir uns, wenn auch noch halbwegs indirekt, im Krieg mit Russland befinden, scheint ja selbst f\u00fcr den Autor eine unausweisliche Notwendigkeit zu sein-der pure Wahnsinn. Ich arbeite seit vielen Jahren in einem Asylbewerberheim und wir haben nun auch immer mehr Zugang von jungen ukrainischen M\u00e4nnern, die keine Lust darauf versp\u00fcren im Krieg der Amerikaner und deren koksnasigem Statthalter Selensky elendiglich zu verrecken, was ich nur zu gut verstehen kann. Vielleicht k\u00f6nnten ja unsere wertewestlichen Freiheitsk\u00e4mpfer deren Platz einnehmen w\u00e4re sicher ein starkes Zeichen der Solidarit\u00e4t. Also den Laptop zugeklappt und auf geht\u2019s.<br \/>\n3.9.2022, P.M.<\/p>\n<p><strong>Baerbocks Aussage richtet sich an \u201cmeine\u201d W\u00e4hler. Das sind magere 14%,<\/strong><br \/>\nalso knapp \u00fcber dem Anteil, der im rechtlichen Sinn den Begriff \u201cvon untergeordneter Bedeutung\u201d erf\u00fcllt, n\u00e4mlich 10%. W\u00f6rtlich genommen ist ihr nicht egal, was 86% der W\u00e4hlerschaft denken. Aber so hat sie das nat\u00fcrlich nicht gemeint. Sie hat in ihrem Hochmut vors\u00e4tzlich zum Ausdruck gebracht, dass f\u00fcr sie 86% der W\u00e4hlerschaft bzw. alle Andersdenkenden gar nicht existieren.<br \/>\n3.9.2022, B.M.<br \/>\nEnde Kommentare<\/p>\n<p>.<\/p>\n<p><strong>(4) Julia Neigel&#8217;s Brandbrief an Baerbock:<br \/>\n\u201eSind Sie von Sinnen? Treten Sie endlich zur\u00fcck!\u201c<\/strong><br \/>\nS\u00e4ngerin und Produzentin Julia Neigel ist nicht feige. Sie ist sogar mit einem ausgepr\u00e4gten Gerechtigkeitssinn ausgestattet. Das wiederum verleiht ihren Wortmeldungen ein besonderes Gewicht, ein gro\u00dfes Ma\u00df an Authentizit\u00e4t. Authentizit\u00e4t wiederum ist in diesen Tagen eine besonders hoch gehandelte W\u00e4hrung. Jetzt hat sich Julia Neigel mit einem Brandbrief direkt an die deutsche Au\u00dfenministerin gewandt und diese an ihren Eid erinnert, der Brief wird hier im Folgenden abgebildet.<br \/>\n.<br \/>\n<em>\u201eSehr geehrte Frau Baerbock,<\/em><br \/>\n<em>Sie haben als deutsche Ministerin und Volksvertreterin der Deutschen einen Eid geleistet. Dieser hat folgenden Inhalt: \u201eIch schw\u00f6re, dass ich meine Kraft dem Wohle des deutschen Volkes widmen, seinen Nutzen mehren, Schaden von ihm wenden, das Grundgesetz und die Gesetze des Bundes wahren und verteidigen, meine Pflichten gewissenhaft erf\u00fcllen und Gerechtigkeit gegen jedermann \u00fcben werde. So wahr mir Gott helfe.\u201c<\/em><br \/>\n<em>Der Geist ist aus der Flasche. Stattdessen scheinen Sie f\u00fcr Dritte, nicht f\u00fcr das deutsche Volk zu arbeiten und auch in Kauf nehmen zu wollen, dass Beg\u00fcnstigungen von Unternehmen stattfinden und die Bev\u00f6lkerung, die Sie bezahlt, mit Wucher und N\u00f6tigung konfrontiert wird. Sie f\u00fcgen dem deutschen Volk scheinbar vors\u00e4tzlich Schaden zu. Denn das haben Sie als Ihre politische Ideologie und Haltung ge\u00e4u\u00dfert:<\/em><br \/>\n<em>\u201eIhr sei bewusst, dass mit der anstehenden Winterzeit weitere Herausforderungen auf die Politik zukommen werden: \u201eDie Menschen werden auf die Stra\u00dfe gehen und sagen, dass sie ihre Energiepreise nicht bezahlen k\u00f6nnen.\u201c Dagegen m\u00fcsse man mit Sozialma\u00dfnahmen vorgehen, aber sie werde deswegen nicht sagen, man m\u00fcsse die Sanktionen gegen Russland aufheben. (\u2026)&#8216;<\/em><br \/>\n<em>Auch in dem Konzept, das die Mitgliedstaaten als Diskussionsgrundlage erhalten haben, wird einger\u00e4umt, dass die Unterst\u00fctzung der Ukraine einen Preis hat, der voraussichtlich auch noch einmal steigen werde.\u201c<\/em><br \/>\n<em>Quelle: <a href=\"https:\/\/www.welt.de\/politik\/ausland\/article240801361\/Baerbock-Regierung-steht-an-der-Seite-der-Ukraine-egal-was-meine-deutschen-Waehler-denken\/\">https:\/\/www.welt.de\/politik\/ausland\/article240801361\/Baerbock-Regierung-steht-an-der-Seite-der-Ukraine-egal-was-meine-deutschen-Waehler-denken\/<\/a><\/em><\/p>\n<p><em>Mir scheint, Sie haben da etwas geh\u00f6rig missverstanden: Das deutsche Volk zahlt zwar ihr Gehalt, Ihr B\u00fcro, Ihre Mitarbeiter, Ihre Fl\u00fcge, Ihre Bankette und ihren Chauffeur, ist aber gerade nicht daf\u00fcr zust\u00e4ndig, Ihre Sanktionen als ihr Arbeitgeber letztendlich ausbaden zu m\u00fcssen und zugleich auch noch beg\u00fcnstigte Unternehmen wirtschaftlich auffangen zu m\u00fcssen.<\/em><br \/>\n<em>Es darf von einem Amtstr\u00e4ger erwarten, dass z.B. auch Sie zu deren Wohle arbeiten &#8211; anstatt es, warum auch immer, vors\u00e4tzlich verarmen zu wollen. Sie erzeugen mit Ihrer politischen Ausrichtung gegen\u00fcber Ihrem eigenen Auftraggeber schweres Unrecht und Sie wissen das laut Ihrer eigenen Aussage sogar ganz genau. Sind Sie von Sinnen? Was erdreisten Sie sich?<\/em><br \/>\n<em>Treten Sie endlich zur\u00fcck. Kehren Sie vor Ihrer eigenen Haust\u00fcr. Wer dem eigenen Volk derartigen Schaden zuf\u00fcgt und das deutsche Volk scheinbar zu Masochisten und zum europ\u00e4ischen S\u00fcndenbock umerziehen will, der ist daf\u00fcr pers\u00f6nlich haftbar und hat meiner Meinung nach nichts in einem solch wichtigen und verantwortungsvollen Posten zu suchen. Und ein Letztes: Ihre \u201edeutschen W\u00e4hler\u201c sind nur ein kleiner Teil des deutschen Volkes.<\/em><br \/>\n<em>2.9.2022, Julia Neigel<\/em><\/p>\n<p>#Zur\u00fcckZurDeeskalationspolitik<br \/>\n#Friedenspolitik<br \/>\n#FrauBaerbockTretenSieZur\u00fcck<br \/>\n&#8230; Alles vom 2.9.2022 bitte lesen auf<br \/>\n<a href=\"https:\/\/www.alexander-wallasch.de\/kultur\/neigels-brandbrief-an-baerbock-sind-sie-von-sinnen-treten-sie-endlich-zurueck\">https:\/\/www.alexander-wallasch.de\/kultur\/neigels-brandbrief-an-baerbock-sind-sie-von-sinnen-treten-sie-endlich-zurueck<\/a><\/p>\n<p>Kommentare:<br \/>\nDas was Baerbock hier macht, \u00fcberrascht mich \u00fcberhaupt nicht mehr. Egal ob nun Habeck, Baerbock oder andere gr\u00fcne Politiker\/innen, welche auf Ministerposten sitzen, sie alle bedienen die Interessen ihrer gro\u00dfen Spender aus der Pharmaindustrie, der alternativen Energien und der R\u00fcstung. Je l\u00e4nger der Krieg dauert, umso mehr wird dort verdient. Nun mag Baerbock an der Stelle besonders dumm unterwegs sein, was aber nicht wirklich \u00fcberrascht, denn sie ist dumm und hat nicht einmal ein Gesp\u00fcr daf\u00fcr, wenn sie sogar ihr eigens W\u00e4hlerpotential zerschl\u00e4gt. Zumindest an dem Punkt kann ich der ganzen Aktion etwas Positives abgewinnen.<br \/>\nNoch weitaus schlimmer als die Entgleisungen von Baerbock, ist das was im Moment auf dem Energiemarkt geschieht, denn dort werden immer h\u00e4ufiger die Sanktionen zu Lasten von Deutschland gebrochen. Diejenigen, welche am lautesten nach noch mehr Sanktionen gegen Russland schreien, machen klammheimlich mit Russland Gesch\u00e4fte und verdienen sich dabei noch eine goldene Nase.<br \/>\n<a href=\"https:\/\/finanzmarktwelt.de\/russland-exportiert-in-eu-laender-oel-und-gas-auf-hochtouren-deutschland-zahlt-244124\/\">https:\/\/finanzmarktwelt.de\/russland-exportiert-in-eu-laender-oel-und-gas-auf-hochtouren-deutschland-zahlt-244124\/<\/a><br \/>\nWeder im Kanzleramt, in der EU noch in unserem Wirtschaftsministerium interessieren diese Vorg\u00e4nge.<br \/>\n3.9.2022, H.J.<\/p>\n<p>Eine Eigenschaft m\u00fcssen Menschen mitbringen, die in den elit\u00e4ren Kreis der &#8222;Young Global Leaders&#8220; aufgenommen werden: V\u00f6llige Ignoranz gegen\u00fcber Moral und Ethik. Annalena Baerbock erhielt dort ihre &#8222;h\u00f6heren Weihen&#8220; und geh\u00f6rt auch heute noch dessen Basisorganisation, dem ECFR an; dessen Gr\u00fcnder George Soros ist ein Garant f\u00fcr Skrupellosigkeit.<br \/>\nDaher d\u00fcrfte Frau Baerbock diesen Brief wohl kaum zur Kenntnis nehmen. Ihr geistiger Ziehvater hat in zahlreichen L\u00e4ndern das Chaos finanziert, mit dem Tod von Millionen Menschen Spekulationsgewinne eingefahren und engagiert sich finanziell auch im Ukraine-Krieg. &#8211; Das B\u00f6se erscheint bekanntlich auch in der Gestalt von Philanthropen!<br \/>\nVielleicht kann Julia Neigel aber die Lebenserfahrung einer Frau tr\u00f6sten, die Kinder in ihrem Alter hat: Alle Schuld r\u00e4chst sich fr\u00fcher oder sp\u00e4ter; nach Buddhas Lehre sogar erst in einer schmerzhaften Reinkarnation.<br \/>\n3.9.2022, H.H.<br \/>\nEnde Kommentare<\/p>\n<p>.<\/p>\n<p><strong>(5) W\u00fcste Propaganda des Ausw\u00e4rtigen Amtes soll Baerbocks Offenbarungseid kaschieren<\/strong><br \/>\n\u201cIch unterst\u00fctze das Volk der Ukraine, egal was meine deutschen W\u00e4hler denken.\u201d Dieser Satz von Annalena Baerbocks auf einer Podiumsdiskussion in Prag am 31.08.2022 hat Emp\u00f6rung in den sozialen Netzwerken und auch bei der Opposition ausgel\u00f6st. Vera Lengsfeld hat das Thema gerade ausf\u00fchrlich behandelt (Egal, was die Leser denken <a href=\"https:\/\/vera-lengsfeld.de\/\">https:\/\/vera-lengsfeld.de\/<\/a>).<br \/>\nDas Ausw\u00e4rtige Amt hat sofort eine Gegenpropaganda gestartet. Dabei wird die beliebte Methode des \u201eDerailings\u201c verwendet, d.h. der Ablenkung vom eigentlichen Thema durch Einbringen eines neuen Aspekts, der das eigentliche Thema verdr\u00e4ngen soll. Hier wird jetzt ein Video ins Spiel gebracht, dass manipuliert sei und von prorussischen Accounts verbreitet w\u00fcrde.<br \/>\nIch wollte Klarheit und habe deshalb den folgenden Brief an den Verbreiter dieses Derailings, den ehemaligen Botschafter in Kolumbien und jetzigen Ministeriumsbeauftragter f\u00fcr strategische Kommunikation des Ausw\u00e4rtigen Amtes, Peter Ptassek, geschrieben:<br \/>\n&#8230;<br \/>\n&#8230;<br \/>\n&#8230; Alles vom 5.9.2022 von Dr. Wolfgang Hintze bitte lesen auf<br \/>\n<a href=\"https:\/\/vera-lengsfeld.de\/2022\/09\/05\/wueste-propaganda-des-auswaertigen-amtes-soll-baerbocks-offenbarungseid-kaschieren\/#more-6706\">https:\/\/vera-lengsfeld.de\/2022\/09\/05\/wueste-propaganda-des-auswaertigen-amtes-soll-baerbocks-offenbarungseid-kaschieren\/#more-6706<\/a><\/p>\n<p>&nbsp;<\/p>\n","protected":false},"excerpt":{"rendered":"<p>&#8222;Wenn ich den Menschen in der Ukraine das Versprechen gebe: \u201aWir stehen an eurer Seite, so lange, wie ihr uns braucht\u2018, dann will ich auch liefern. Egal, was meine deutschen W\u00e4hler denken: Ich m\u00f6chte f\u00fcr die Ukraine liefern&#8220; &#8211; so &hellip; <a href=\"https:\/\/www.freiburg-schwarzwald.de\/blog\/egal-was-meine-waehler-denken\/\">Weiterlesen <span class=\"meta-nav\">&rarr;<\/span><\/a><\/p>\n","protected":false},"author":2,"featured_media":0,"comment_status":"open","ping_status":"closed","sticky":false,"template":"","format":"standard","meta":{"footnotes":""},"categories":[18,52,36],"tags":[27,633,626,525,703],"class_list":["post-104111","post","type-post","status-publish","format-standard","hentry","category-bildung","category-einewelt","category-engagement","tag-ausland","tag-demokratie","tag-partei","tag-politik","tag-volk"],"_links":{"self":[{"href":"https:\/\/www.freiburg-schwarzwald.de\/blog\/wp-json\/wp\/v2\/posts\/104111","targetHints":{"allow":["GET"]}}],"collection":[{"href":"https:\/\/www.freiburg-schwarzwald.de\/blog\/wp-json\/wp\/v2\/posts"}],"about":[{"href":"https:\/\/www.freiburg-schwarzwald.de\/blog\/wp-json\/wp\/v2\/types\/post"}],"author":[{"embeddable":true,"href":"https:\/\/www.freiburg-schwarzwald.de\/blog\/wp-json\/wp\/v2\/users\/2"}],"replies":[{"embeddable":true,"href":"https:\/\/www.freiburg-schwarzwald.de\/blog\/wp-json\/wp\/v2\/comments?post=104111"}],"version-history":[{"count":5,"href":"https:\/\/www.freiburg-schwarzwald.de\/blog\/wp-json\/wp\/v2\/posts\/104111\/revisions"}],"predecessor-version":[{"id":104161,"href":"https:\/\/www.freiburg-schwarzwald.de\/blog\/wp-json\/wp\/v2\/posts\/104111\/revisions\/104161"}],"wp:attachment":[{"href":"https:\/\/www.freiburg-schwarzwald.de\/blog\/wp-json\/wp\/v2\/media?parent=104111"}],"wp:term":[{"taxonomy":"category","embeddable":true,"href":"https:\/\/www.freiburg-schwarzwald.de\/blog\/wp-json\/wp\/v2\/categories?post=104111"},{"taxonomy":"post_tag","embeddable":true,"href":"https:\/\/www.freiburg-schwarzwald.de\/blog\/wp-json\/wp\/v2\/tags?post=104111"}],"curies":[{"name":"wp","href":"https:\/\/api.w.org\/{rel}","templated":true}]}}