{"id":10398,"date":"2012-09-04T11:56:25","date_gmt":"2012-09-04T09:56:25","guid":{"rendered":"https:\/\/www.freiburg-schwarzwald.de\/blog\/?p=10398"},"modified":"2012-09-04T12:47:33","modified_gmt":"2012-09-04T10:47:33","slug":"belchen-ich-wuensche-mir-das-gipfelkreuz-zurueck","status":"publish","type":"post","link":"https:\/\/www.freiburg-schwarzwald.de\/blog\/belchen-ich-wuensche-mir-das-gipfelkreuz-zurueck\/","title":{"rendered":"Belchen &#8211; Ich wuensche mir das Gipfelkreuz zurueck"},"content":{"rendered":"<p>Als ich vor acht Monaten auf meinen geliebten Belchengipfel <a title=\"Wandern\" href=\"https:\/\/www.freiburg-schwarzwald.de\/blog\/sport\/wandern\/\">kam<\/a>, war das <a title=\"Kreuze\" href=\"https:\/\/www.freiburg-schwarzwald.de\/blog\/religion\/kreuze\/\">Gipfelkreuz<\/a> verschwunden, statt dessen sah ich mich einem \u00fcberdimensionalen Kasten mit Bullaugen gegen\u00fcber (vor\u00fcbergehende Wanderer: &#8222;Neues Klohaus?&#8220;). Ich frage mich, wer nimmt sich das Recht, sich an diesem Gipfelkreuz zu vergreifen beziehungsweise wer genehmigt das? Durch den Artikel &#8222;<a title=\"Kunst\" href=\"https:\/\/www.freiburg-schwarzwald.de\/blog\/kultur\/kunst\/\">Kunst<\/a> und Geheimnis&#8220; ist meine Emp\u00f6rung keineswegs geringer geworden. Vielleicht sollte man sich folgenden Text zu Herzen nehmen,<!--more-->es ist ein Auszug von &#8222;Botschaft der Berge&#8220; von Reinhold Stecher, ehemals Bischof von Innsbruck:<br \/>\n<em>&#8222;Das Gipfelkreuz, das auf so vielen Bergen unserer Heimat steht, <\/em><br \/>\n<em>deutet den letzte, allumfassenden Sinn aller Wege: die erl\u00f6sende Liebe des Unendlichen. <\/em><br \/>\n<em>Und darum sagt ein Gipfelkreuz viel mehr als ein Vermessungszeichen, <\/em><br \/>\n<em>das mir mit n\u00fcchterner Exaktheit mitteilt, dass ich nunmehr auf 1400 Meter Seeh\u00f6he stehe.&#8220;<\/em><br \/>\nF\u00fcr mich bedeutet es auch mehr als jedes Pseudokunstwerk, auch wenn es aus &#8222;Papstb\u00e4nken&#8220; besteht. Ich hoffe, dass der alte Zustand bald wieder hergestellt wird.<br \/>\nIrmgard Stegle, Ballrechten-Dottingen , 4.9.2012\u00a0<\/p>\n<p><strong>Die Kunst und ihr Geheimnis &#8211; Orbi bringt das Gipfelkreuz zum Verschwinden<\/strong><br \/>\nAuf den letzten steilen Metern zwischen kleinw\u00fcchsigen Kiefern und alpinem Borstengras, das sich zitternd dem Wind beugt, taucht das Ding endlich in voller Gr\u00f6\u00dfe am Gipfelhorizont auf: ein riesiger Kubus, der das Kreuz, das hier steht, komplett umschlie\u00dft. In jede der vier Seiten sind zwei kreisrunde L\u00f6cher geschnitten, die wie Augenpaare das atemberaubende Panorama in den Blick nehmen. Oder sind wir es, die beobachtet werden? 30 Papstb\u00e4nke und sechs Tonnen Beton hat der in Mauchen lebende Bildhauer Marco Schuler f\u00fcr dieses monumentale Objekt verbaut, das nun seit neun Monaten hier oben am Himmel kratzt und dabei mal wie der traurige Kinder-TV-Held &#8222;Bernd das Brot&#8220; aussieht und dann wieder wie der Fetisch einer uralten Kultur. Der Titel &#8222;Orbi&#8220; bleibt da angemessen doppeldeutig: Eine Comicfigur k\u00f6nnte so hei\u00dfen, oder, wie im Latein der P\u00e4pste, auch gleich die ganze Welt. Dass Orbi das Gipfelkreuz zum Verschwinden bringt, quittieren einige Wanderer mit Entt\u00e4uschung. Ihre Kommentare haben sie mit Stift oder Messer am Kunstwerk hinterlassen.<br \/>\nAlles von Dietrich Roeschmann vom 24.8.2012 bitte lesen auf<br \/>\n<a href=\"https:\/\/www.badische-zeitung.de\/freizeittipps\/die-kunst-und-ihr-geheimnis--63269123.html\">https:\/\/www.badische-zeitung.de\/freizeittipps\/die-kunst-und-ihr-geheimnis&#8211;63269123.html<\/a><\/p>\n<p><strong>Mysteri\u00f6s und monumental \u2013 die Skulptur auf dem Belchengipfel<br \/>\n<\/strong>Seit Jahrtausenden zieht es die Menschen auf den von Gletschern, Wind und Wetter rund geschliffenen Gipfel. Fr\u00fcher wurde er als Kultst\u00e4tte genutzt, war Orientierungspunkt und vorzeitliche Sternwarte und gilt seit Generationen als ein Sehnsuchtsort, der aufgrund seiner besonderen erdgeschichtlichen und geologischen Bedingungen zum Referenzpunkt f\u00fcr die unterschiedlichsten Diskurse und Praktiken wurde: Arch\u00e4ologie, Magie, Esoterik, Sport, Religion, aber auch Tourismus, Naturschutz oder der Frage, wem eigentlich Landschaft geh\u00f6rt. Das Gipfelkreuz auf dem h\u00f6chsten Punkt des Belchen repr\u00e4sentiert diese Sehnsucht \u2013 andererseits aber wurde sie durch das Kreuz zugleich christianisiert. Das Geheimnis, das der unwirtliche Gipfel als radikaloffener Raum birgt, ist dadurch kanalisiert. Mit seiner Skulptur &#8222;Orbi&#8220; \u00f6ffnet Marco Schuler den derart definierten Raum des Geheimnisses nun wieder f\u00fcr andere Konnotationen, in dem er ihn samt Gipfelkreuz mit einer kubischen Gro\u00dfform umschlie\u00dft, f\u00fcr die er als Material ausgerechnet das Holz von B\u00e4nken verwendet,auf denen Pilger im vergangenen Jahr w\u00e4hrend des Papstbesuchs in Freiburg feierten und beteten. Orbi mit Blick auf die Alpen, 25. Dezember 2011; w\u00e4hrend die gut f\u00fcnf Meter hohe Skulptur mit einem Grundriss von 2,5 mal 2,5 Metern nach innen eine nicht betretbare, unsichtbare Zone definiert, zeigt sie sich nach au\u00dfen von enormer Pr\u00e4senz. Entscheidend f\u00fcr den eigent\u00fcmlichen Gestaltcharakter, die dem Objekt etwas Lebendig-Menschliches verleiht, sind die runden Lochungen auf jeder Seite. In ihrer Platzierung und Dopplung wirken sie wie Augenpaare. Sie geben der Skulptur ein beinahe kindliches, freundliches, wachsames Gesicht, das die Landschaft \u2013 und die Menschen in ihr \u2013 in den Blick zu nehmen scheint, in seiner Maskenhaftigkeit aber auf mysteri\u00f6se und stumme Weise unnahbar bleibt.<br \/>\n29.2.2012, <a href=\"https:\/\/www.marcoschuler.net\">www.marcoschuler.net<\/a><\/p>\n<p><strong>Der Berg ist Bestandteil der Skulptur?<\/strong><br \/>\nWas hat der Texter dieser Zeilen geraucht? &#8222;Der Berg dient seiner Arbeit dabei als Sockel und ist zugleich Bestandteil der Skulptur.&#8220; W\u00fcrde man mit dem Kauf des Objektes also auch den Berg kaufen? Was, wenn der Erwerber das &#8218;Kunstwerk&#8216; dann woanders aufstellen m\u00f6chte? Werden dann viele flei\u00dfige Chinesen den Berg versetzen m\u00fcssen?<br \/>\nDaniel Halberkann, 1.3.2012<\/p>\n<p><strong>Wie ein \u00fcberdimensioniertes Toilettenh\u00e4uschen<\/strong><br \/>\nsieht er aus, der Orbi, der bis August 2012 statt des Gipfelkreuzes den Gipfel des 1414 Meter hohen Belchen im S\u00fcdschwarzwald markiert. Der K\u00fcnstler Marco Schuler schuf die 5 Meter hohe und 2,5 Meter breite Skulptur aus den Holzb\u00e4nken, auf denen Pilger im vergangenen Jahr w\u00e4hrend des Papstbesuchs in Freiburg beteten. Schulers Skulptur, die das Gipfelkreuz umschlie\u00dft, will damit den Raum auf dem kahlen, windgepeitschten Gipfel als Sehnsuchtsort neu zug\u00e4nglich machen.<br \/>\n<a href=\"https:\/\/www.rennrad-news.de\">www.rennrad-news.de<\/a> , 6.3.2012<\/p>\n<p><strong>Orbi gr\u00fc\u00dft vom Gipfel des Belchen<\/strong><br \/>\nEin Gipfelkreuz sei schon f\u00fcr viele so selbstverst\u00e4ndlich, dass kaum jemand wisse, was es f\u00fcr ihn bedeute, erg\u00e4nzte der K\u00fcnstler Marco Schuler. Er wollte urspr\u00fcnglich eine kleine Kapelle aus den Papstb\u00e4nken bauen, und er wollte auf den Belchen, &#8222;so nah an Gott heran wie m\u00f6glich&#8220;. Seine Skulptur sei der Tabernakel und der Belchen der Altar. Auch wenn sich am Samstag viele begeistert zeigten, kommt das Kunstwerk nicht \u00fcberall gut an \u2013 viele, gerade Vertreter von Vereinen, zeigten sich erbost \u00fcber die Blitzgenehmigung des Werkes. Zwei Wochen nach dem telefonischen Auftrag an den K\u00fcnstler stand das Kunstwerk bereits auf dem Belchen. Wenn jedoch Vereine etwas auf dem Belchen organisieren wollten, m\u00fcssten sie viel gr\u00f6\u00dfere H\u00fcrden \u00fcberspringen, so der Tenor.<br \/>\nAlels vom 20.12.2011 bitte lesen auf<br \/>\n<a href=\"https:\/\/www.badische-zeitung.de\/schoenau\/orbi-gruesst-vom-gipfel--53692310.html\">https:\/\/www.badische-zeitung.de\/schoenau\/orbi-gruesst-vom-gipfel&#8211;53692310.html<\/a><\/p>\n<p><strong>Einweihung der Skulptur Orbi am 17.12.2012 auf dem Belchen<br \/>\n<\/strong>Seit Samstag, 3. Dezember, umh\u00fcllt eine Skulptur namens &#8222;Orbi&#8220;, gefertigt aus 24 Papstb\u00e4nken vom K\u00fcnstler Marco Schuler und der Fa. Lais Holzbau aus Sch\u00f6nau, das Gipfelkreuz auf dem Belchen. Die offizielle Einweihung findet am Samstag, 17. Dezember, statt. Beginn ist um 13.30 Uhr. Die Begr\u00fc\u00dfung und Einf\u00fchrung \u00fcbernehmen J\u00fcrgen Hirnschal (Regierungspr\u00e4sidium Freiburg), Dr. Thomas Coch und Dr. Markus Ewel<br \/>\n15.12.2012, <a href=\"https:\/\/www.suedkurier.de\">www.suedkurier.de<\/a><\/p>\n","protected":false},"excerpt":{"rendered":"<p>Als ich vor acht Monaten auf meinen geliebten Belchengipfel kam, war das Gipfelkreuz verschwunden, statt dessen sah ich mich einem \u00fcberdimensionalen Kasten mit Bullaugen gegen\u00fcber (vor\u00fcbergehende Wanderer: &#8222;Neues Klohaus?&#8220;). Ich frage mich, wer nimmt sich das Recht, sich an diesem &hellip; <a href=\"https:\/\/www.freiburg-schwarzwald.de\/blog\/belchen-ich-wuensche-mir-das-gipfelkreuz-zurueck\/\">Weiterlesen <span class=\"meta-nav\">&rarr;<\/span><\/a><\/p>\n","protected":false},"author":4,"featured_media":0,"comment_status":"open","ping_status":"closed","sticky":false,"template":"","format":"standard","meta":{"footnotes":""},"categories":[180,213,11],"tags":[403],"class_list":["post-10398","post","type-post","status-publish","format-standard","hentry","category-hochschwarzwald","category-kreuze","category-regio","tag-kreuz"],"_links":{"self":[{"href":"https:\/\/www.freiburg-schwarzwald.de\/blog\/wp-json\/wp\/v2\/posts\/10398","targetHints":{"allow":["GET"]}}],"collection":[{"href":"https:\/\/www.freiburg-schwarzwald.de\/blog\/wp-json\/wp\/v2\/posts"}],"about":[{"href":"https:\/\/www.freiburg-schwarzwald.de\/blog\/wp-json\/wp\/v2\/types\/post"}],"author":[{"embeddable":true,"href":"https:\/\/www.freiburg-schwarzwald.de\/blog\/wp-json\/wp\/v2\/users\/4"}],"replies":[{"embeddable":true,"href":"https:\/\/www.freiburg-schwarzwald.de\/blog\/wp-json\/wp\/v2\/comments?post=10398"}],"version-history":[{"count":0,"href":"https:\/\/www.freiburg-schwarzwald.de\/blog\/wp-json\/wp\/v2\/posts\/10398\/revisions"}],"wp:attachment":[{"href":"https:\/\/www.freiburg-schwarzwald.de\/blog\/wp-json\/wp\/v2\/media?parent=10398"}],"wp:term":[{"taxonomy":"category","embeddable":true,"href":"https:\/\/www.freiburg-schwarzwald.de\/blog\/wp-json\/wp\/v2\/categories?post=10398"},{"taxonomy":"post_tag","embeddable":true,"href":"https:\/\/www.freiburg-schwarzwald.de\/blog\/wp-json\/wp\/v2\/tags?post=10398"}],"curies":[{"name":"wp","href":"https:\/\/api.w.org\/{rel}","templated":true}]}}