{"id":10392,"date":"2012-08-20T11:30:03","date_gmt":"2012-08-20T09:30:03","guid":{"rendered":"https:\/\/www.freiburg-schwarzwald.de\/blog\/?p=10392"},"modified":"2012-09-04T11:46:45","modified_gmt":"2012-09-04T09:46:45","slug":"piscadu-gipfelkreuz-kolpinggruppe-reichenbach","status":"publish","type":"post","link":"https:\/\/www.freiburg-schwarzwald.de\/blog\/piscadu-gipfelkreuz-kolpinggruppe-reichenbach\/","title":{"rendered":"Piscadu-Gipfelkreuz &#8211; Kolpinggruppe Reichenbach"},"content":{"rendered":"<p>Im Herbst 1988 erstellte die Kolpinggruppe St. Stephan aus Reichenbach auf einem markanten Gipfel der Sellagruppe in den S\u00fcdtiroler Dolomiten ein <a title=\"Kreuze\" href=\"https:\/\/www.freiburg-schwarzwald.de\/blog\/religion\/kreuze\/\">Kreuz<\/a>. Seither gr\u00fc\u00dft es vom Gipfel der Pisciad\u00f9-Spitze die <a title=\"Wandern\" href=\"https:\/\/www.freiburg-schwarzwald.de\/blog\/sport\/wandern\/\">Wanderer<\/a> und Bergsteiger, die diese 2.987 Meter hohe Aussichtskanzel ersteigen oder \u00fcber den Pisciad\u00f9-Klettersteig und den Dolomiten-H\u00f6henweg zur Marmolada die Sellagruppe durchqueren. Wie ein offenes Bilderbuch liegen die majest\u00e4tischen Zinnen, T\u00fcrme und Grate der k\u00fchn und bizarr geformten Berge vor dem Blick der Wanderer. Die besonderen Beziehungen der Stephansgruppe zu S\u00fcdtirol <!--more-->gehen auf jahrelange Sch\u00fclerbetreuungen in Brixen und M\u00fchlbach zur\u00fcck, bei denen Mitglieder der Gruppe mitarbeiteten und immer wieder die Dolomiten erkundeten. Im kommenden Jahr wird das Gipfelkreuz 25 Jahre alt. Um vor dem Jubil\u00e4umsjahr nach dem Rechten zu sehen, war in den vergangenen Tagen ein Bautrupp der Gruppe in den Bergen, um notwendige Vorbereitungen zu treffen, vor allem die Standfestigkeit des Kreuzes zu \u00fcberpr\u00fcfen und unerl\u00e4ssliche Sicherungsarbeiten vorzunehmen. Gl\u00fccklicherweise trotzte das Gipfelkreuz bis jetzt allen St\u00fcrmen, Blitzen und Unwettern, die hier oben oft mit elementarer Wucht toben. Karl Furtw\u00e4ngler, der 1988 das Kreuz schuf und bei der Aufstellung ma\u00dfgeblich beteiligt war, hatte mit seinen Helfern gute Arbeit geleistet, wovon sich alle bei dieser Inspektion \u00fcberzeugen konnten. Wie immer bot die P\u00e4chterfamilie Renato und Elvira Costa in der &#8222;Pisciad\u00f9-H\u00fctte auf 2587 Meter H\u00f6he gastliche Unterkunft. Im September 2013 soll die Jubil\u00e4umsfeier zum 25-j\u00e4hrigen Bestehen des Pisciad\u00f9-Gipfelkreuzes mit einer Bergmesse und einem z\u00fcnftigen H\u00fcttenabend gefeiert werden.<br \/>\n20.8.2012, av\u00f6<br \/>\nAlfons V\u00f6gele, Tel\u00a007821 \/ 76148<br \/>\n<a href=\"https:\/\/www.kath-st-franziskus.de\/html\/reichenbach.html\">https:\/\/www.kath-st-franziskus.de\/html\/reichenbach.html<\/a><\/p>\n","protected":false},"excerpt":{"rendered":"<p>Im Herbst 1988 erstellte die Kolpinggruppe St. Stephan aus Reichenbach auf einem markanten Gipfel der Sellagruppe in den S\u00fcdtiroler Dolomiten ein Kreuz. Seither gr\u00fc\u00dft es vom Gipfel der Pisciad\u00f9-Spitze die Wanderer und Bergsteiger, die diese 2.987 Meter hohe Aussichtskanzel ersteigen &hellip; <a href=\"https:\/\/www.freiburg-schwarzwald.de\/blog\/piscadu-gipfelkreuz-kolpinggruppe-reichenbach\/\">Weiterlesen <span class=\"meta-nav\">&rarr;<\/span><\/a><\/p>\n","protected":false},"author":4,"featured_media":0,"comment_status":"open","ping_status":"closed","sticky":false,"template":"","format":"standard","meta":{"footnotes":""},"categories":[213],"tags":[],"class_list":["post-10392","post","type-post","status-publish","format-standard","hentry","category-kreuze"],"_links":{"self":[{"href":"https:\/\/www.freiburg-schwarzwald.de\/blog\/wp-json\/wp\/v2\/posts\/10392","targetHints":{"allow":["GET"]}}],"collection":[{"href":"https:\/\/www.freiburg-schwarzwald.de\/blog\/wp-json\/wp\/v2\/posts"}],"about":[{"href":"https:\/\/www.freiburg-schwarzwald.de\/blog\/wp-json\/wp\/v2\/types\/post"}],"author":[{"embeddable":true,"href":"https:\/\/www.freiburg-schwarzwald.de\/blog\/wp-json\/wp\/v2\/users\/4"}],"replies":[{"embeddable":true,"href":"https:\/\/www.freiburg-schwarzwald.de\/blog\/wp-json\/wp\/v2\/comments?post=10392"}],"version-history":[{"count":0,"href":"https:\/\/www.freiburg-schwarzwald.de\/blog\/wp-json\/wp\/v2\/posts\/10392\/revisions"}],"wp:attachment":[{"href":"https:\/\/www.freiburg-schwarzwald.de\/blog\/wp-json\/wp\/v2\/media?parent=10392"}],"wp:term":[{"taxonomy":"category","embeddable":true,"href":"https:\/\/www.freiburg-schwarzwald.de\/blog\/wp-json\/wp\/v2\/categories?post=10392"},{"taxonomy":"post_tag","embeddable":true,"href":"https:\/\/www.freiburg-schwarzwald.de\/blog\/wp-json\/wp\/v2\/tags?post=10392"}],"curies":[{"name":"wp","href":"https:\/\/api.w.org\/{rel}","templated":true}]}}