{"id":103870,"date":"2022-08-27T22:19:40","date_gmt":"2022-08-27T20:19:40","guid":{"rendered":"https:\/\/www.freiburg-schwarzwald.de\/blog\/?p=103870"},"modified":"2022-08-28T09:04:09","modified_gmt":"2022-08-28T07:04:09","slug":"ist-der-oerr-noch-reformierbar","status":"publish","type":"post","link":"https:\/\/www.freiburg-schwarzwald.de\/blog\/ist-der-oerr-noch-reformierbar\/","title":{"rendered":"Ist der \u00d6RR noch reformierbar?"},"content":{"rendered":"<p>&#8222;Den Realit\u00e4ten einer sich gewandelten Welt l\u00e4sst sich mit reaktion\u00e4rer Achtziger-Jahre-<a href=\"https:\/\/www.freiburg-schwarzwald.de\/blog\/engagement\/zukunft\/ideologie\/\">Ideologie<\/a> nicht mehr begegnen. Die bei den <a href=\"https:\/\/www.freiburg-schwarzwald.de\/blog\/vereine\/partei\/gruene\/\">Gr\u00fcnen<\/a> \u00fcber Jahrzehnte angesammelte naturwissenschaftlich-technische Unkenntnis, Ergebnis der Weigerung, Technologieentwicklung wahrzunehmen und zu verstehen, <!--more-->macht es heute umso schwerer, den Kurs sinnvoll zu korrigieren.&#8220; (Frank Hennig am 20.8.2022 <a href=\"https:\/\/www.freiburg-schwarzwald.de\/blog\/energie\/akw\/kernkraft\/\">hier<\/a>).<br \/>\n<a href=\"https:\/\/www.freiburg-schwarzwald.de\/blog\/engagement\/zukunft\/demokratie\/gruen-links\/\">Links-gr\u00fcn<\/a> ist es seit den <a href=\"https:\/\/www.freiburg-schwarzwald.de\/blog\/engagement\/zukunft\/demokratie\/68er\/\">68er Jahren<\/a> gelungen, im Marsch durch die Institutionen die <a href=\"https:\/\/www.freiburg-schwarzwald.de\/blog\/kultur\/medien\/mainstream\/\">Medien<\/a> und den <a href=\"https:\/\/www.freiburg-schwarzwald.de\/blog\/engagement\/zukunft\/demokratie\/parteienstaat\/\">Parteienstaat<\/a> mitsamt dem von ihm gepr\u00e4gten <a href=\"https:\/\/www.freiburg-schwarzwald.de\/blog\/kultur\/medien\/oerr\/\">\u00d6RR<\/a> zu vereinnahmen.<br \/>\n.<br \/>\nDas gr\u00f6\u00dfte Problem des <a href=\"https:\/\/www.freiburg-schwarzwald.de\/blog\/kultur\/medien\/gez-medien\/\">\u00d6RR<\/a>: Dem im Staatsvertrag festgeschriebenen Auftrag &#8222;die ARD hat bei der Erf\u00fcllung ihres Auftrags die Grunds\u00e4tze der Objektivit\u00e4t und Unparteilichkeit der Berichterstattung, die Meinungsvielfalt sowie die Ausgewogenheit der Programme und Angebote zu ber\u00fccksichtigen\u2026. Das Gebot der Vielfalt gilt besonders f\u00fcr informierende und meinungsbildende Sendungen.\u201c kommen die Sender des \u00d6RR nachweislich nicht mehr nach. Sei es bei Auswahl der Themen, Interviewpartner und Kommentatoren.<br \/>\nNeben der einseitigen Berichterstattung (Regierungsfunk) gibt es weitere Probleme: Keine Kontrolle der Regierung (Medien als <a href=\"https:\/\/www.freiburg-schwarzwald.de\/blog\/kultur\/medien\/vierte-gewalt\/\">Vierte Gewalt<\/a>), <a href=\"https:\/\/www.freiburg-schwarzwald.de\/blog\/kultur\/medien\/framing\/\">Framing<\/a> in den Nachrichten, Erziehung der Zuschauer (<a href=\"https:\/\/www.freiburg-schwarzwald.de\/blog\/engagement\/zukunft\/demokratie\/nudging\/\">Nudging<\/a>), Sprachverhunzung durch <a href=\"https:\/\/www.freiburg-schwarzwald.de\/blog\/selbsthilfe\/frauen\/gender\/gender-sprache\/\">Gender<\/a>, <a href=\"https:\/\/www.freiburg-schwarzwald.de\/blog\/kultur\/medien\/manipulation\/\">Manipulation<\/a>, <a href=\"https:\/\/www.freiburg-schwarzwald.de\/blog\/selbsthilfe\/senioren\/oma-umweltsau\/\">Oma-Umweltsau<\/a>, Konformit\u00e4tsdruck der Journalisten, Verschwendung der GEZ-Beitr\u00e4ge bis hin zur <a href=\"https:\/\/www.freiburg-schwarzwald.de\/blog\/engagement\/zukunft\/korruption\/\">Korruption<\/a>.<\/p>\n<p>Der \u00d6RR mu\u00df reformiert werden, dar\u00fcber herrscht Einigkeit. Aber wie und von wem?<br \/>\nDie \u00fcber 30.000 Mitarbeiter bei <a href=\"https:\/\/www.freiburg-schwarzwald.de\/blog\/kultur\/medien\/wdr\/\">ARD<\/a> und <a href=\"https:\/\/www.freiburg-schwarzwald.de\/blog\/kultur\/medien\/gez-medien\/zdf\/\">ZDF<\/a> und Deutschlandfunk sind mit einem Jahresbudget von 8,4 Milliarden Euro (also 8.400 Millionen Euro) gut versorgt. Und sie verf\u00fcgen &#8211; anders als die Journalisten der <a href=\"https:\/\/www.freiburg-schwarzwald.de\/blog\/kultur\/medien\/mainstream\/\">Privatmedien<\/a> &#8211; auch in der Wirtschaftskrise \u00fcber einen sicheren Job und f\u00fchlen sich im Staatsapparat gut und wohlversorgt aufgehoben. Von ihnen ist wohl kein besonderer Reformwille zu erwarten.<br \/>\nDas gleiche gilt f\u00fcr die <a href=\"https:\/\/www.freiburg-schwarzwald.de\/blog\/parteipolitik-statt-kompetenz\/\">Parteien<\/a> aus dem links-gr\u00fcnen Lager. So sagte die gr\u00fcne MdB Sandra Detzer in der Welt vom 19.11.2021 (siehe (2)) ganz ungeniert: \u201eWo wir Gr\u00fcnen an die Schalthebel der Macht kommen, werden wir nicht mehr verhandeln\u201c &#8211;\u00a0 geschweige denn reformieren.<\/p>\n<p>Ein Lichtblick, da\u00df immer mehr journalistische Mitarbeiter gegen die Arbeitsbedingungen innerhalb der \u00f6ffentlich-rechtlichen Sender aufbegehren. Selbst linke Journalisten sind sich der <a href=\"https:\/\/www.freiburg-schwarzwald.de\/blog\/engagement\/zukunft\/demokratie\/bevormundung\/\">Bevormundung<\/a>\u00a0 durch ihre <a href=\"https:\/\/www.freiburg-schwarzwald.de\/blog\/linke-contra-lifestyle-linke-pmc\/\">lifestyle-linken<\/a> Arbeitgeber \u00fcberdr\u00fcssig und haben den Mut, sich &#8211; verst\u00e4ndlicherweise anonym wegen der <a href=\"https:\/\/www.freiburg-schwarzwald.de\/blog\/kultur\/medien\/diskussionskultur\/kontaktschuld\/\">Kontaktschuld<\/a> &#8211; zu \u00e4u\u00dfern. Zum Beispiel auf der Website <a href=\"https:\/\/www.meinungsvielfalt.jetzt\">https:\/\/www.meinungsvielfalt.jetzt<\/a> . Oder \u00fcber die Reihe &#8222;Zeugen der Wahrheit&#8220; der Journalistin Elsa Mittmannsgruber in <a href=\"https:\/\/www.freiburg-schwarzwald.de\/blog\/kultur\/medien\/oerr\/\">&#8222;Inside Mainstream: Was Ex-Mitarbeiter \u00fcber die Medien berichten&#8220;<\/a>, u.a. mit <a href=\"https:\/\/www.freiburg-schwarzwald.de\/blog\/kultur\/medien\/journalismus\/ruthenberg-medien\/\">Martin Ruthenberg<\/a> (ehemals SWR). Dabei geht es nicht darum, denn \u00d6RR abzuschaffen und durch Privatmedien zu ersetzen. Ziel ist vielmehr, den\u00a0 \u00f6ffentlich-rechtlichen Rundfunk auf seine im Staatsvertrag klar benannten Grundaufgaben zu reduzieren: Den B\u00fcrger objektiv und ausgewogen zu informieren \u00fcber das politische und kulturelle Geschehen sowie als Vierte Macht in der freiheitlich-demokratischen Grundordnung die Exekutive zu kontrollieren.\u00a0 Und dazu reichen 840 Millionen statt 8.400 Millionen (=8,4 Mrd) aus. Siehe GBR und F.<br \/>\n27.8.2022<br \/>\n.<\/p>\n<p><strong>(1) Skandale bei NDR und RBB: Ach, wenn es nur das w\u00e4re!<\/strong><br \/>\nHinter den konkreten Skandalen bei RBB und NDR stecken noch solche, die den Geb\u00fchrenzahler mehr emp\u00f6ren k\u00f6nnen: Zum Beispiel, dass die Sender seit Jahren ihrer Pflicht aus dem Rundfunkstaatsvertrag nicht nachkommen. Und dass Union und FDP sich die Einseitigkeit der Berichterstattung gefallen lassen.<br \/>\n&#8230;.<br \/>\nEs gibt in der Regel weder eine wirkliche \u201eHofberichterstattung\u201c, noch werden Fakten und Realit\u00e4ten brutal verf\u00e4lscht; es wird allerdings viel zu h\u00e4ufig auf Teufel komm raus \u201egeframt\u201c, das hei\u00dft mit subtilen Mitteln der Themen- und Bilderauswahl, der Sprache und des Gesamtarrangements sanft manipuliert.<br \/>\nImmer wieder finden sich sogar beeindruckend kritische Beitr\u00e4ge, selbst \u00fcber die Klimapolitik oder \u00fcber die Gefahr des Rechtsextremismus, Lieblingsthemen der Gr\u00fcnen und Linken ebenso wie die der Redakteure der \u00f6ffentlich-rechtlichen Sender. Aber es gibt auch manche Grenzen, die besonders leicht in der Auslandsberichterstattung erkennbar sind: einen differenzierten, fairen Beitrag \u00fcber Donald Trump, Boris Johnson oder gar Marine Le Pen und Victor Orban wird man in den Sendungen kaum finden.<br \/>\n&#8230;<br \/>\nDie Sender versagen bei der Kontrolle der Politik. Keine Aufgabe der Medien ist wichtiger als die Kontrolle der Macht. Nicht zu Unrecht wird der Journalismus oft als vierte Gewalt angesehen. Gleich mehrfach aber verletzen die \u00f6ffentlich-rechtlichen Sender dabei gravierend ihre Pflichten.<br \/>\nDie N\u00e4he zu Regierungen und Parteien ist viel zu gro\u00df, auch wenn es meist keine Kieler Verh\u00e4ltnisse gibt. Bei der Klima- und Energie-Politik, der Corona-Epidemie oder beim Ukraine-Krieg war in den letzten Jahren die N\u00e4he der meisten Moderatoren und Reporter zu den Positionen der Ampel-Koalition augenf\u00e4llig. Da gibt es trotz Regierungswechsels 2020 auch keine gro\u00dfe \u00c4nderung. Auch die Politik Angela Merkels war zwar sehr von gr\u00fcnen Grund\u00fcberzeugungen und linken Anschauungen beeinflusst.<br \/>\n&#8230;<br \/>\nAbgesehen von der links-gr\u00fcnen Grundausrichtung aller \u00f6ffentlich-rechtlichen Sender beanspruchen diese eine v\u00f6llig unangemessene Erziehungsfunktion der Bev\u00f6lkerung. Auch hier \u2013 erschreckend wenig erforscht \u2013 bombardieren die Redakteure und Moderatoren die H\u00f6rer und Zuschauer ohne irgendeine rechtliche oder politische Legitimation mit dem Gender-Deutsch. Hilflos m\u00fcssen es die B\u00fcrger dieses Landes \u00fcber sich ergehen lassen, dass sie diese groteske Verunstaltung der deutschen Sprache, die angeblich im Interesse der Emanzipation notwendig sei, st\u00e4ndig h\u00f6ren. Und die Kinder dazu.<br \/>\nDas Gendern in den Sendungen ist nur ein Beispiel f\u00fcr den Machtmissbrauch. Auch eine Analyse der Inhalte von Kinder- und Jugendsendungen und -Programmen, der Auswahl von B\u00fcchern und Filmen, die besprochen werden, w\u00fcrde mit Sicherheit zeigen, dass hier eine unausgesprochene politische und kulturelle Agenda verfolgt wird.<\/p>\n<p>Die \u00f6ffentlich-rechtlichen Sender stehen parteiisch in dem Kulturkampf, der seit Jahrzehnten in den westlichen Demokratien gef\u00fchrt wird. Eindeutig unterst\u00fctzen sie die Linken und Woken, greifen besonders gerne gr\u00fcne und emanzipatorische Themen auf, weil, wie die Linken und Gr\u00fcnen sehr wohl wissen, damit noch am ehesten die Freiheit des Wortes und der Wirtschaft attackiert werden kann.<br \/>\nZiel der Angriffe sind fast alle Grundlagen unserer Gesellschaft: die Bedeutung der Familie, der abendl\u00e4ndischen Kultur, des Nationalstaates, des freien Marktwirtschaft, der Freiheit \u00fcberhaupt. Literatur, Wissenschaft, Kunst \u2013 \u00fcberall tobt der Kampf um die Deutungshoheit. Die \u00f6ffentlich-rechtlichen Sender haben sich eindeutig auf eine Seite geschlagen.<br \/>\n&#8230; Alles vom 27.8.2022 bitte lesen auf<\/p>\n<blockquote class=\"wp-embedded-content\" data-secret=\"nfXU526t5N\"><p><a href=\"https:\/\/www.tichyseinblick.de\/feuilleton\/medien\/skandale-bei-ndr-und-rbb-ach-wenn-es-nur-das-waere\/\">Skandale bei NDR und RBB: Ach, wenn es nur das w\u00e4re!<\/a><\/p><\/blockquote>\n<p><iframe loading=\"lazy\" class=\"wp-embedded-content\" sandbox=\"allow-scripts\" security=\"restricted\" style=\"position: absolute; clip: rect(1px, 1px, 1px, 1px);\" title=\"&#8222;Skandale bei NDR und RBB: Ach, wenn es nur das w\u00e4re!&#8220; &#8212; Tichys Einblick\" src=\"https:\/\/www.tichyseinblick.de\/feuilleton\/medien\/skandale-bei-ndr-und-rbb-ach-wenn-es-nur-das-waere\/embed\/#?secret=nfXU526t5N\" data-secret=\"nfXU526t5N\" width=\"600\" height=\"338\" frameborder=\"0\" marginwidth=\"0\" marginheight=\"0\" scrolling=\"no\"><\/iframe><br \/>\n.<br \/>\nEinige Kommentare:<br \/>\n<strong>Das f\u00fcrstliche Jahresgehalt Buhrow\u2019s von 420.000 \u20ac<\/strong><br \/>\nmit einem Gesch\u00e4ftsf\u00fchrergehalt eines mittelgro\u00dfen Unternehmens mit ca. 3.000 Mitarbeitern von durchschnittlich \u20ac 250.000 bis \u20ac 300.000 zu vergleichen, ist doch ziemlich k\u00fchn. Wenn ein Unternehmen Ladenh\u00fcter produziert, schlecht wirtschaftet und zu hohe Geh\u00e4lter und Verg\u00fcnstigungen bezahlt, ist es recht schnell pleite und fliegt aus dem Markt. Der gute Buhrow aber hat absolut keinen Erfolgsdruck. Das in seinem Stall unter seiner F\u00fchrung Sodom und Gomorrah herrschen, ist sein pers\u00f6nliches Versagen. Das diese Mauscheleien \u00fcberhaupt m\u00f6glich sind, zeigt, dass er als Intendant fehl am Platze ist. Ob seine \u201eKunden\u201c zu frieden sind, ist ihm v\u00f6llig egal, Die Hauptsache ist, dass das staatliche Erziehungsprogramm durchgezogen wird. Er muss sich auch nicht um gen\u00fcgend Gewinn k\u00fcmmern, damit die Traumgeh\u00e4lter der \u201eLeitenden\u201c bezahlt werden k\u00f6nnen. das Geld daf\u00fcr kommt zuverl\u00e4ssig, Jahr f\u00fcr Jahr, so oder so. Er verteilt nur die Milliarden der Zwangsgeb\u00fchrenzahler und \u00fcberlegt sich h\u00f6chstens, wie er ohne Mehrleistung an noch mehr Geld kommen kann, das er in diesen, zum gigantischen Monster angewachsenen, Propagandaapparat f\u00fcr immer mehr der altgedienten Mitl\u00e4ufer, ja, und nichts anderes ist der \u00fcberwiegende Teil dieser Apparatschiks dieses nicht mehr so lupenreinen demokratischen Landes, in den nimmersatten Rachen werfen kann. Die riesigen Prunkbauten der \u201eAnstalten\u201c zeugen einmal mehr vom Gr\u00f6\u00dfenwahn dieser ganzen geb\u00fchrenfinanzierten Gilde.<br \/>\nDass die \u201ekleinen\u201c Mitarbeiter, die allerdings auch vollkommen auf Linie sein m\u00fcssen, was den meisten auch nicht sonderlich schwerf\u00e4llt, meist mit einen Hungerlohn abgespeist werden, ist symptomatisch f\u00fcr diese arroganten und neureichen Systemlinge und in allen (halb) staatlichen Organisationen der Normalzustand.<br \/>\n27.8.2022, K.K.<\/p>\n<p><strong>Solange das Bundesverfassungsgericht dem \u00d6RR die Stange h\u00e4lt,<\/strong><br \/>\nund das trotz Verschwendungssucht und eines Sendungsbewusstseins mit der schon lange Zeit erwiesenen gr\u00fcnlinken Einseitigkeit im parteipolitischen Wettbewerb, eigentlich ein klarer Versto\u00df gegen das Grundgesetz, kann der \u00d6RR die Nase gegen\u00fcber seinen noch zuschauenden Zuschauern auch weiterhin hochtragen. Und wenn die angeblich diskriminierte CDU\/CSU oder FDP sich dagegen nicht zur Wehr setzen, zeigt es doch gerade den Blockparteiencharakter aller ma\u00dfgeblichen Parteien in Deutschland, nach dem Motto, eine Kr\u00e4he hackt der anderen kein Auge aus, solange alle ans Futter gelangen. Der parteipolitische Wettbewerb wirkt nur noch, wie eine Show. Der Politologe, von Arnim hat doch schon seit langem festgestellt, dass sich die Parteien den Staat zur Beute gemacht haben. Und wenn selbst durch Wahlen an diesem Machtmissbrauch nichts mehr zu \u00e4ndern ist, wird sich zeigen, wie lange sich die zunehmend entrechteten B\u00fcrger das weiter gefallen lassen werden.<br \/>\nNicht die CDU\/CSU und FDP werden in diesem Land diskriminiert, sondern allein seine B\u00fcrger.<br \/>\n27.8.2022, Vol<\/p>\n<p><strong>Effektive Kontrolle der Gesch\u00e4ftsf\u00fchrungen fehlt<\/strong><br \/>\nDie journalistische und medienpolitische Einseitigkeit der \u00d6RR-Anstalten ist \u00fcber Jahrzehnte gewachsen. Sie ist nicht unwesentlich aus mangelnder Transparenz \u00fcber die Mittelverwendung entstanden. Die Rundfunkgeb\u00fchren sind praktisch wie Steuergeld, die Verwendung ist aber keineswegs einem privaten Medienunternehmen vergleichbar. Die F\u00fchrung mu\u00df sich keineswegs in einem Konkurrenzmarkt um Zuschauer, Werbeeinnahmen und sonstige Verwertungsrechte, und alles zu betreibswirtschaftlicher Effizienz, erfolgreich bem\u00fchen.<br \/>\nEine Bezahlung von Indentanten, die h\u00f6her ist als die Bezahlung von Landesministern, ist durch nichts zu rechtfertigen. Wahrscheinlich ist das gesamte Gehaltstableau der Festangestellten, einschlie\u00dflich der Pensionszusagen, mit nichts zu rechtfertigen. Ausser mit subtiler Bestechung um die Leute konform und gef\u00fcgig zu halten. \u00dcber all diese Verh\u00e4ltnisse sollte kontinuierlich v\u00f6llige Transparenz bestehen. Weiters w\u00e4re elementar, dass die \u00d6ffentlichkeit systematisch und vergleichbar dar\u00fcber informiert wird \u2013 umfangreiche, konsistente Jahresberichte \u2013 was wof\u00fcr ausgegeben wird. Nur so k\u00e4me man an die gro\u00dfen Bl\u00f6cke der f\u00fcr Geb\u00fchrenzahler nicht akzeptablen Aufwendungen, z.B. f\u00fcr Sport und Unterhaltung heran. Ich erinnere mich noch an die Olympischen Spiele in London, bei denen die deutschen \u00d6RR-Anstalten mehr Aufwand betrieben haben \u2013 Geld verbrannt haben \u2013 als alle US-Fernsehsehsender zusammen. Transparenz und Offenlegungspflichten w\u00e4ren die Grundlage f\u00fcr einen Bewu\u00dftseinswandel.<br \/>\nEffektive Kontrolle der Gesch\u00e4ftsf\u00fchrungen durch ein Regelwerk und einen Verwaltungsrat mit Kompetenz und Bi\u00df, und der Programmgestaltung durch die Rundfunkr\u00e4te, w\u00fcrden ein Informationsniveau in die \u00d6ffentlichkeit tragen, aus dem auch das Verlangen nach viel mehr politischer Neutralit\u00e4t und Qualit\u00e4t effektiver werden kann.<br \/>\n27.8.2022, Bkk<\/p>\n<p><strong>Deplatforming der Opposition<\/strong><br \/>\nUm mit dem Vokabular des WDR zu sprechen, bei ARD\/ZDF schert sich keine Sau um die Rundfunkstaatsvertr\u00e4ge.<br \/>\nDie Sitzverteilung der Parteien in den Talkshows sollte etwa der Sitzverteilung im Bundestag entsprechen. Tats\u00e4chlich findet grundgesetzwidrig seit Jahren ein Deplatforming der Opposition statt. Sofern einmal eine Oppositionspartei eingeladen wird, schiessen ARD\/ZDF aus allen Rohren und sind um die einseitigste, sprich schlechteste Darstellung der Opposition bem\u00fcht.<br \/>\nDas Bollwerk der Demokratie, von dem der linksextreme Herr Restle spricht, ist ein Bollwerk oder Propagandafunk linker Parteien.<br \/>\nEs ist anzunehmen, dass selbst ein Intendant, dem nur 100\u2019000 Euro nachgeworfen werden, diese Schieflage entdecken und korrigieren w\u00fcrde. Buhrow hingegen erh\u00e4lt 400\u2019000 Euro (Pension nicht eingerechnet) um die Schieflage zu leugnen.<br \/>\n27.8.2022, W.M.<\/p>\n<p><strong>Es wird nur geframet, nicht gelogen?<\/strong><br \/>\nAber hallo! Das letzte Mal, da\u00df ich die Tagesschau gesehen habe, war als jemand in England mit einem Flugzeug \u00fcber ein Stadion geflogen ist und ein Banner hinter sich her zog. Auf dem stand &#8222;White lives Matter&#8220;. Was machte die Tagessenschau aus \u201ewei\u00dfes Leben z\u00e4hlt\u201c? Die \u00dcbersetzung\u201c NUR wei\u00dfes Leben z\u00e4hlt\u201c! Da war aber kein only! Geh mir weg von wegen die erf\u00fcllen ihren Auftrag nur nicht ganz korrekt. Das Verschweigen von Nachrichten, die Verfremdung von Nachrichten, das Verschweigen von Hintergrundinformationen, das aus dem Zusammenhang rei\u00dfen von Zitaten, das f\u00e4lschen von Zitaten \u2013 all das f\u00e4llt f\u00fcr mich in die Kategorie L\u00fcgen!<br \/>\n27.8.2022, H.P.<\/p>\n<p>Ein guter Gastbeitrag von Gabor Steingart im Focus: \u201ePostenschieber und Spesenritter&#8220;. Das Verst\u00f6rende: Die Besch\u00e4ftigten der \u00f6ffentlich-rechtlichen Sender nehmen diese Kritik seit L\u00e4ngerem schon mit Achselzucken entgegen. Viele sind im Hauptberuf nicht mehr Journalist, sondern Aktivist oder \u2013 noch schlimmer \u2013 Postenschieber und Spesenritter. Die ehemalige \u201erbb\u201c-Intendantin Patricia Schlesinger \u2013 fr\u00fcher eine leidenschaftliche Journalistin \u2013 hat die Eigennutz-Optimierung der TV-Funktion\u00e4re nicht erfunden, sondern den Stand der Verkommenheit nur illuminiert.\u201c <a href=\"https:\/\/www.focus.de\/politik\/der-mediale-mainstream-hoert-sich-nur-noch-selber-zu_id_137271465.html\">https:\/\/www.focus.de\/politik\/der-mediale-mainstream-hoert-sich-nur-noch-selber-zu_id_137271465.html<\/a><br \/>\nEin R\u00e4tsel bleibt: wieso lassen sich CDU\/CSU und die FDP das immer noch gefallen, da der \u00d6R inzwischen zur Presseabteilung der Gr\u00fcnen wurde.<br \/>\n27.8.2022, Hum<br \/>\nEnde Kommentare<br \/>\n.<br \/>\n.<br \/>\n<strong>(2) Der gezielte Absturz der Fortschritts-Koalition<\/strong><br \/>\nEs wurde von den Vorg\u00e4ngerregierungen schon viel Vorarbeit geleistet bei der Abschaffung der alten Bundesrepublik, wie wir sie kannten. Nun will die Ampel, die sich zur \u201eFortschritts-Koalition\u201c ernannt hat, die \u201eTransformation\u201c vollenden. Eigentlich gruselige Aussichten.<br \/>\n&#8230;<br \/>\nAm 14. August 2020 lie\u00df ein gr\u00fcner Innenpolitiker die \u00d6ffentlichkeit wissen \u201eWir haben die gesamte F\u00fchrung fast aller Berliner Sicherheitsbeh\u00f6rden ausgetauscht und dort ziemlich gute Leute reingebracht. Bei der Feuerwehr, der Polizei, der Generalstaatsanwaltschaft und auch beim Verfassungsschutz. Ich hoffe sehr, dass sich das in Zukunft bemerkbar macht.\u201c Nat\u00fcrlich hat sich das bemerkbar gemacht. Kommunistische Kaderarbeit zahlt sich immer aus. Das Bundesland Berlin wurde politisch einseitig links.<br \/>\nNoch einen drauf setzte am 19.November 2021 die gr\u00fcne Bundestagsabgeordnete Sandra Detzer in der Welt \u201eWo wir Gr\u00fcnen an die Schalthebel der Macht kommen, werden wir nicht mehr verhandeln.\u201c Geh\u00f6ren Verhandeln und die Suche nach Kompromissen nicht zu den Grundtugenden einer Demokratie? Die Gr\u00fcnen jedenfalls zeigen, dass das nicht zu ihren Tugenden z\u00e4hlt.<br \/>\n&#8230;<br \/>\nAbbau-Ost zugunsten Russlands<br \/>\nErstes Opfer der Gasumlage ist das Stickstoffwerk Piesteritz. Der Betrieb ist eingestellt, die Gasumlage in H\u00f6he von 30 Millionen EUR erstickt die wirtschaftliche T\u00e4tigkeit. Stickstoff wird in der Landwirtschaft als D\u00fcngemittel ben\u00f6tigt und in der Automobilindustrie zur Herstellung von AdBlue f\u00fcr Dieselmotoren. Die Verlierer sind mit der Landwirtschaft und der Automobilindustrie klar, die Gr\u00fcnen als Gewinner ebenso. Sie wollen die konventionelle Landwirtschaft zugrunde richten (siehe Sri Lanka) und die Automobilindustrie zerst\u00f6ren. Die Gasumlage erweist sich als gr\u00fcner Doppelschlag gegen die Grundlagen des deutschen Wohlstands: Landwirtschaft und Automobilindustrie. Geht es nach den Gr\u00fcnen, werden die Deutschen ihre individuelle Mobilit\u00e4t verlieren und wie im Mittelalter an ihre Scholle gebunden sein. Ein Buchautor forderte bereits im letzten Jahr einen um 6 Euro h\u00f6heren Benzinpreis. Kein Witz!<br \/>\nIm Verlust des Stickstoffwerkes Piesteritz l\u00e4sst sich der Paradigmenwechsel der deutschen Wirtschaftspolitik wie in einem Brennglas ablesen. Zweieinhalb Jahrzehnte k\u00e4mpften Politiker vieler Parteien f\u00fcr den Aufbau-Ost, das Aufschlie\u00dfen der ostdeutschen Wirtschaft an das Niveau der westdeutschen. Das ist mit der Gro\u00dfen Transformation pass\u00e9. Zuk\u00fcnftige Weltrettung auf Kosten der realen Existenz der jetzt Lebenden und auf Kosten des Aufbau-Ost. Der Stickstoff muss jetzt \u00fcbrigens aus Russland importiert werden. \u201eAufbau-Russland\u201c durch \u201eAbbau-Ost\u201c.<br \/>\n&#8230; Alles vom 23.8.2022 von Gunter Wei\u00dfgerber bitte lesen auf<br \/>\n<a href=\"https:\/\/www.achgut.com\/artikel\/der_gezielte_absturz_der_fortschritts_koaltion\">https:\/\/www.achgut.com\/artikel\/der_gezielte_absturz_der_fortschritts_koaltion<\/a><\/p>\n<p><em>Gunter Wei\u00dfgerber (Jahrgang 1955) trat am 8. Oktober 1989 in das Neue Forum ein und war am 7. November 1989 Gr\u00fcndungsmitglied der Leipziger SDP. F\u00fcr die SDP\/SPD sprach er regelm\u00e4\u00dfige als Redner der Leipziger Montagsdemonstrationen 1989\/90.<\/em><\/p>\n<p>Einige Kommentare:<br \/>\n<strong>Der Staatsfunk tut weh<\/strong><br \/>\nIch verstehe Ihre Verzweiflung, Herr Wei\u00dfgerber. Nun erleben Sie das schon zum zweiten Mal. Diese L\u00fcge, die so offensichtlich ist, dass sie schon weh tut. Und dabei dachten Sie anno 89, Sie seien ihr entkommen &#8211; der L\u00fcge. Nun ist sie wieder da. So fett und unverfroren wie seinerzeit. Der Staatsfunk tut weh. Das Politikergeschwafel tut weh. Die allgemeine Folgsamkeit tut weh. Behalten Sie Abstand zu den Dingen. Aus Selbstschutz.<br \/>\n23.8.2022, W.A.<\/p>\n<p><strong>\u201cWenn der Strom ausgeht, geht sich die Ampel aus.\u201d Keineswegs.<\/strong><br \/>\nDann werden Jubelm\u00e4rsche f\u00fcr die Regierung stattfinden. Denn endlich, endlich sind dann die feuchten Tr\u00e4ume von mindestens 80% der Bev\u00f6lkerung, n\u00e4mlich der feudaltotalit\u00e4re Elendsstaat umgesetzt. Ich wei\u00df zwar nicht warum die ein elendes, brutales, daf\u00fcr aber kurzes Leben so geil finden, aber ich nehme es zur Kenntnis. Schon jetzt zeichnen sich bei der Niedersachsenwahl ann\u00e4hernd 90% Zustimmung zur Einheitsfront der gr\u00fcnen Khmer ab. Und die passiv zustimmenden Nichtw\u00e4hler kommen ja noch oben drauf.<br \/>\n23.8.2022, S.W.<\/p>\n<p><strong>\u201cWenn der Strom ausf\u00e4llt, geht auch die Ampel aus.\u201d<\/strong><br \/>\nIch denk das wissen die auch und davor haben Sie Angst, dass tats\u00e4chlich die Stromversorgung und die Gasversorgung und damit die Wirtschaft zusammenbricht. Nicht um sonst bettelt der Habeck erst in Katar dann in Norwegen und jetzt in Kanada um Energie. Ein Parasit der seinen Wirt umbringt und nicht umsteigen kann, stirbt halt mit dem Opfer. Sie k\u00f6nnen sich nur neue Dumme suchen, was ja mit der Umvolkung auch versucht wird. Ob das neue Volk genauso d\u00e4mlich sein wird wie das Alte sich von Schmarotzern verarschen zu lassen, wird die Zukunft zeigen.<br \/>\n23.8.2022, A.Sch.<\/p>\n<p><strong>Im Grunde gibt es nur zwei M\u00f6glichkeiten,<\/strong><br \/>\nentweder macht die Bev\u00f6lkerung Deutschlands die schlimmsten Alptr\u00e4ume der \u201cAmpelm\u00e4nnchenInnen\u201d wahr und rebelliert endlich gro\u00dffl\u00e4chig, oder die \u201cAmpelaner\u201d machen die Alptr\u00e4ume der Bev\u00f6lkerung wahr und wir alle wachen im \u00d6ko-Kommunismus auf. Und das wiederum kann nur in Blut und Tr\u00e4nen enden, wie \u00fcberall, wo es den roten Ideologen gelang, ihre Illusionen als Realit\u00e4t zu verkaufen.<br \/>\n23.8.2022, W.H.<\/p>\n<p><strong>Ist das die Folge \u201cd\u00fcmmster Politik\u201d? Glaub ich nicht.<\/strong><br \/>\nMerkel, Scholz, Habeck, B\u00e4rbock und wie sie alle hei\u00dfen: Das m\u00f6gen Idioten sein. Aber dumm sind die nicht! Es sind Kommunisten bzw. deren Kinder, denen man in fr\u00fchester Kindheit einen schweren Intelligenzdefekt anerzogen hat: den Kommunismus zu verinnerlichen. Das deutsche Bildungssystem ist seit rd. 50 Jahren und das Politiksystem einschl. der von ihm dominierten Medien, seit rd. 30 Jahren darauf ausgerichtet, da\u00df der hoffnungsvolle Nachwuchs das nicht mehr erfassen kann. Und die Alten, die das noch k\u00f6nnen, sind entweder v\u00f6llig desinteressiert oder sterben ganz einfach weg. # Drum wird meiner Meinung nach, auch wenn die BRD wie wir sie kennen, den unvermeidlichen Gang \u00fcber die Wupper hinter sich hat, nichts Konstruktives daraus erwachsen. Die Kommunisten, die dem Land dieses Ungemach zuf\u00fcgten, werden auch weiterhin die Oberhand behalten. Und f\u00fcr Alles einen Schuldigen finden: Putin, die AfD, die \u00d6lscheichs, die rechten Antidemokraten &#8230;.. Und der verbl\u00f6dete Deutsche wird ihnen glauben und weiterhin folgen. # F\u00fcr Deutschland sehe ich auf lange Sicht keine positive Zukunft. Nur noch eine Schreckens-Dystopie.<br \/>\n23.8.2022, B.F.<\/p>\n<p><strong>Zwei Zitate von Linken und Gr\u00fcnen<\/strong><br \/>\n\u201eWir haben die gesamte F\u00fchrung fast aller Berliner Sicherheitsbeh\u00f6rden ausgetauscht und dort ziemlich gute Leute reingebracht. Bei der Feuerwehr, der Polizei, der Generalstaatsanwaltschaft und auch beim Verfassungsschutz. Ich hoffe sehr, dass sich das in Zukunft bemerkbar macht.\u201c &#8211; \u00c4h, war das nicht M\u00e4rz 33 oder vielleicht 34 nach dem R\u00f6hmputsch? &#8211; Ich bin verwirrt! &#8211;<br \/>\n\u201eWo wir Gr\u00fcnen an die Schalthebel der Macht kommen, werden wir nicht mehr verhandeln.\u201c \u00c4h, hie\u00df das nicht im Original \u201cWo wir Nationalsozialisten &#8230;\u201d ?! &#8211;<br \/>\nIst das etwa die gr\u00fcne Version von Erinnerungskultur? &#8230;<br \/>\n23.8.2022, H.H.<\/p>\n<p>\u201cGute Leute reingebracht\u201d, jaja, so kann man das sehen. Das Problem ist, dass in den Jahrg\u00e4ngen 1960-75 der verlacht worden w\u00e4re, der als intelligenter und gut ausgebildeter Zeitgenosse in die Politik gegangen w\u00e4re, So wurden politische \u00c4mter ein R\u00fcckhaltebecken f\u00fcr Personen mit begrenztem Karrierehorizont. Dazu ein Kompetenzgef\u00e4lle von schwarz nach gr\u00fcn. Damit ist die momentane Situation erkl\u00e4rbar. Gr\u00f6lemeyer leifert nur den Soundtrack.<br \/>\n23.8.2022, F.B.<\/p>\n<p><strong>Was soll das Gemecker?<\/strong><br \/>\n85% der W\u00e4hler haben bei der letzten Bundestagswahl genau diese (!!!) Politik freiwillig (!!!) gew\u00e4hlt. Die aktuellen Prognosen f\u00fcr die kommende Landtagswahl in Niedersachsen sehen die f\u00fcr diese Politik verantwortlichen gr\u00fcnen Parteien ebenfalls bei 85%. Es ist deshalb alles gut. Zuverl\u00e4ssig wird geliefert, was von den W\u00e4hlern bestellt wurde und aktuell weiterhin bestellt wird.<br \/>\n23.8.2022, R.D.<br \/>\nEnde Kommentare<\/p>\n","protected":false},"excerpt":{"rendered":"<p>&#8222;Den Realit\u00e4ten einer sich gewandelten Welt l\u00e4sst sich mit reaktion\u00e4rer Achtziger-Jahre-Ideologie nicht mehr begegnen. Die bei den Gr\u00fcnen \u00fcber Jahrzehnte angesammelte naturwissenschaftlich-technische Unkenntnis, Ergebnis der Weigerung, Technologieentwicklung wahrzunehmen und zu verstehen,<\/p>\n","protected":false},"author":2,"featured_media":0,"comment_status":"open","ping_status":"closed","sticky":false,"template":"","format":"standard","meta":{"footnotes":""},"categories":[162,13,80,171],"tags":[749,682,94,461,710,720,668],"class_list":["post-103870","post","type-post","status-publish","format-standard","hentry","category-internet","category-kultur","category-medien","category-verbraucher","tag-diskussionskultur","tag-freiheit","tag-gemeinnuetzig","tag-gender","tag-gez","tag-medien","tag-talk"],"_links":{"self":[{"href":"https:\/\/www.freiburg-schwarzwald.de\/blog\/wp-json\/wp\/v2\/posts\/103870","targetHints":{"allow":["GET"]}}],"collection":[{"href":"https:\/\/www.freiburg-schwarzwald.de\/blog\/wp-json\/wp\/v2\/posts"}],"about":[{"href":"https:\/\/www.freiburg-schwarzwald.de\/blog\/wp-json\/wp\/v2\/types\/post"}],"author":[{"embeddable":true,"href":"https:\/\/www.freiburg-schwarzwald.de\/blog\/wp-json\/wp\/v2\/users\/2"}],"replies":[{"embeddable":true,"href":"https:\/\/www.freiburg-schwarzwald.de\/blog\/wp-json\/wp\/v2\/comments?post=103870"}],"version-history":[{"count":4,"href":"https:\/\/www.freiburg-schwarzwald.de\/blog\/wp-json\/wp\/v2\/posts\/103870\/revisions"}],"predecessor-version":[{"id":103883,"href":"https:\/\/www.freiburg-schwarzwald.de\/blog\/wp-json\/wp\/v2\/posts\/103870\/revisions\/103883"}],"wp:attachment":[{"href":"https:\/\/www.freiburg-schwarzwald.de\/blog\/wp-json\/wp\/v2\/media?parent=103870"}],"wp:term":[{"taxonomy":"category","embeddable":true,"href":"https:\/\/www.freiburg-schwarzwald.de\/blog\/wp-json\/wp\/v2\/categories?post=103870"},{"taxonomy":"post_tag","embeddable":true,"href":"https:\/\/www.freiburg-schwarzwald.de\/blog\/wp-json\/wp\/v2\/tags?post=103870"}],"curies":[{"name":"wp","href":"https:\/\/api.w.org\/{rel}","templated":true}]}}