{"id":103786,"date":"2022-08-24T14:25:07","date_gmt":"2022-08-24T12:25:07","guid":{"rendered":"https:\/\/www.freiburg-schwarzwald.de\/blog\/?p=103786"},"modified":"2022-08-26T15:05:24","modified_gmt":"2022-08-26T13:05:24","slug":"denker-drewermann-klonovsky","status":"publish","type":"post","link":"https:\/\/www.freiburg-schwarzwald.de\/blog\/denker-drewermann-klonovsky\/","title":{"rendered":"Denker: Drewermann, Klonovsky"},"content":{"rendered":"<p>Auf die Frage nach den derzeit gr\u00f6\u00dften <a href=\"https:\/\/www.freiburg-schwarzwald.de\/blog\/kultur\/denker\/\">Denkern<\/a> &#8211; inklusive Denkerinnen, mu\u00df man heutzutage hinzuf\u00fcgen &#8211; in Deutschland kamen mir spontan zwei in den Sinn: <a href=\"https:\/\/www.freiburg-schwarzwald.de\/blog\/religion\/katholisch\/drewermann\/\">Eugen Drewermann<\/a> (82) und <a href=\"https:\/\/www.freiburg-schwarzwald.de\/blog\/kultur\/dichter\/klonovsky\/\">Michael Klonovsky<\/a> (60). Erschreckend &#8211; nur zwei im Land der Dichter und Denker, und dazu noch so unterschiedliche, <!--more-->der eine eher im <a href=\"https:\/\/www.freiburg-schwarzwald.de\/blog\/religion\/\">Religi\u00f6sen<\/a> und der andere im <a href=\"https:\/\/www.freiburg-schwarzwald.de\/blog\/kultur\/medien\/political-correctness\/\">Politischen<\/a> zuhause.<br \/>\n.<br \/>\nBeide umfassend gebildet und mit der Gabe der freien Rede gesegnet. Es ist ein Genu\u00df, ihnen zuzuh\u00f6ren, wenn sie so <a href=\"https:\/\/www.freiburg-schwarzwald.de\/blog\/engagement\/zukunft\/demokratie\/freiheit\/frei\/\">frei<\/a> und <a href=\"https:\/\/www.freiburg-schwarzwald.de\/blog\/bildung\/begabung\/intelligenz\/\">geistreich<\/a> sprechen. Drewermann in seinem sanften Ton fordert dem Zuh\u00f6rer viel Konzentration ab &#8211; so beim fast zweist\u00fcndigen manuskriptfrei gehaltenen Vortrag 9\/2012 im Freiburger Historischem Kornhaus. Dieser ruhig-monotone Vortragsstil hat sich inzwischen ge\u00e4ndert. Wer ihn zum Beispiel auf einer Demo der Friedensbewegung in Ramstein erlebt hat mit der &#8222;Friedensrede Kundgebung Stopp Drohnenkrieg! Tanz der Toten&#8220; am 25.6.2022, der blieb hellwach. Zu den US-Milit\u00e4rdrohnen rief Drewermann erregt in schneidendem Ton ins Mikro &#8222;Wer am schnellsten und effektivsten morden kann&#8220; <a href=\"https:\/\/youtu.be\/BNwza3r_qgE\">https:\/\/youtu.be\/BNwza3r_qgE<\/a><br \/>\n.<br \/>\nWenn Klonovsky seine Gedanken vortr\u00e4gt, halten die vielen Geistesblitze den Zuh\u00f6rer hellwach. Die Spannung auf die n\u00e4chste Pointe h\u00e4lt an, seiner einmaligen Handschrift verdanken wir einmalige Wortsch\u00f6pfungen.<br \/>\n.<br \/>\nBeide <a href=\"https:\/\/www.freiburg-schwarzwald.de\/blog\/bildung\/philosophie\/\">Denker<\/a> sind fleissige und kreative Publizisten. Eugen Drewermann mit seinen drei Schaffensbereichen Theologie, Psychoanalyse und <a href=\"https:\/\/www.freiburg-schwarzwald.de\/blog\/engagement\/zukunft\/frieden\/friedensbewegung\/\">Friedensbewegung<\/a>. Nach sein Austritt als der r\u00f6misch-katholischen Kirche 2005 \u00fcberwiegen den beiden letzteren.<br \/>\nMichael Klonovsky ist Deutschland-Allrounder &#8211; 27 Jahre <a href=\"https:\/\/www.freiburg-schwarzwald.de\/blog\/global\/deutschland\/ddr\/\">DDR<\/a> und 33 Jahre <a href=\"https:\/\/www.freiburg-schwarzwald.de\/blog\/global\/deutschland\/deutschland2020\/\">BRD<\/a>. Vor der Wende war er Gabelstapelfahrer im gr\u00f6\u00dften Schnapsdepot Ostberlins. 2001 erschien sein erster Roman &#8222;Der Ramses-Code&#8220;, ein Buch \u00fcber die Entzifferung der \u00e4gyptischen Hieroglyphen. 2022 gilt &#8222;Acta diurna&#8220; (Geschehen des Tages) als intelligentester deutschsprachiger Polit-\/Kultur-Blog, \u00fcber den Klonovsky alle 2-3 Tage sagt, was er denkt. Dazu Thorsten Hinz in seiner Geburtstagslaudatio &#8222;<a href=\"https:\/\/www.freiburg-schwarzwald.de\/blog\/kultur\/denker\/\">Ein Fackeltr\u00e4ger durch die Tr\u00fcbnis<\/a>&#8222;: &#8222;\u00dcber die Jahre ist so das inoffizielle Journal einer Nation entstanden, die wild entschlossen der Vollendung ihrer Demenz entgegenstrebt&#8220;.<br \/>\n.<br \/>\nInteressiert an den beiden Denkern? Einen raschen Einstieg bieten die sozialen Medien. Drewermann&#8217;s Kanal <a href=\"https:\/\/www.youtube.com\/c\/drewermannkanal\">https:\/\/www.youtube.com\/c\/drewermannkanal<\/a> , allerdings nicht f\u00fcr seine erste Schaffensperiode der Theologie.<br \/>\nUnd Klonovskys Homepage <a href=\"https:\/\/www.klonovsky.de\">https:\/\/www.klonovsky.de<\/a> mit seinem Tagebuch &#8222;Acta diurna&#8220; <a href=\"https:\/\/www.klonovsky.de\/acta-diurna\/\">https:\/\/www.klonovsky.de\/acta-diurna\/<\/a> und dem Gettr-Streamingdienst &#8222;Klonovsky live&#8220; \u00fcber <a href=\"https:\/\/gettr.com\/user\/Klonovsky\">https:\/\/gettr.com\/user\/Klonovsky<\/a><br \/>\n.<br \/>\nAls Denker mit zum Gl\u00fcck <a href=\"https:\/\/www.freiburg-schwarzwald.de\/blog\/kultur\/medien\/meinungsfreiheit\/eigene-meinung\/\">abweichenden Meinungen<\/a> m\u00fcssen Drewermann wie Klonovsky Anfeindungen ertragen &#8211; Drewermann von den christlichen Kirchen und Klonovsky vom polit-medialen Komplex.<br \/>\nDrewermann&#8217;s Kritik an den biblischen Dogmen der katholischen Kirche f\u00fchrte zum Entzug der kirchlichen Lehrerlaubnis am 8.10.1991, ein Jahr dananch wurde er vom Priesteramt suspendiert. Erst 2005 trat er aus der katholischen Kirche aus, dies mag zeigen, wie schwer ihm dies fiel.<br \/>\nAls sich Drewermann mit der (doch linken) Friedensbewegung einl\u00e4\u00dft, beginnen die Medien, ihn als <a href=\"https:\/\/www.freiburg-schwarzwald.de\/blog\/engagement\/zukunft\/demokratie\/opposition\/querdenken\/\">Querdenker<\/a> in die<a href=\"https:\/\/www.freiburg-schwarzwald.de\/blog\/engagement\/zukunft\/demokratie\/rechts\/rechte-ecke\/\"> rechte Ecke<\/a> bis hin zu <a href=\"https:\/\/www.freiburg-schwarzwald.de\/blog\/religion\/juden\/nazi\/\">Nazi<\/a> zu stellen. Auch sein Alter wird angef\u00fchrt (Demenz). Das Publik-Forum spricht von &#8222;Gedankenverirrung&#8220; und kritisiert z.B : &#8222;Die theologische Kernthese Drewermanns lautet: Die \u00dcberwindung der Angst befreit den Menschen zum Individuum. Diese These findet sich nun in der Vorstellung wieder, die Warnungen vor dem Virus und der Pandemie seien nichts als Angstmache, die die Menschen in Gehorsam und Abh\u00e4ngigkeit halten sollen. &#8230; Das Gesamtwerk Drewermanns ist historisch. Nur einer k\u00f6nnte es gef\u00e4hrden: Eugen Drewermann selbst.&#8220;<br \/>\n25,2,2022 auf <a href=\"https:\/\/www.publik-forum.de\/Religion-Kirchen\/ein-prophet-auf-irrwegen\/\">https:\/\/www.publik-forum.de\/Religion-Kirchen\/ein-prophet-auf-irrwegen\/<\/a><br \/>\nEinem Menschen, der imstande ist, eine 90 min\u00fctige Rede frei zu halten vor einem anspruchsvollen und fasziniert lauschendem Publikum, wird indirekt eine Geistesverwirrung bzw. -krankheit vorgeworfen. Die vielen Zuschriften im <a href=\"https:\/\/www.freiburg-schwarzwald.de\/blog\/kultur\/medien\/journalismus\/haltungsjournalismus\/\">Qualit\u00e4tsjournalismus<\/a> beanspruchenden Publik-Forum zeigen, da\u00df solch primitive mediale Schelte einem Denker vom Format eines Eugen Drewermann nicht ad\u00e4quat ist.<\/p>\n<p>Anders als Drewermann scheint Klonovsky den medialen Gegenwind eher zu geniessen &#8211; als Gelegenheit zu geistreicher Replik. So antwortet er einem SPD-MdB, der ihn als AfD-Kandidat von Chemnitz diskreditieren will: \u201eEs stimmt, ich bin nicht Mitglied Ihrer Partei. Aber ich war auch nie Mitglied der SED.\u201c Klonovsky kommt seine Schlagfertigkeit zugute und er nutzt sie. Steinmeier&#8217;s Hypothese \u201eWir leben im besten Deutschland, das es jemals gegeben hat\u201c setzt Klonovsky seine eigene Erfahrung entgegen: \u201eIch komme aus der DDR. Ich komme aus der Zukunft\u201c.<\/p>\n<p>Drewermann hadert mit Kirche und Gesellschaft. &#8222;Sie m\u00fcsste sich von den Menschen her erneuern, statt weiter nur die Ruine, die geblieben ist, tapezieren zu wollen. Es m\u00fcsste sich allerdings auch in unserer Gesellschaft viel \u00e4ndern. Die basiert auf einem Kapitalismus, der ganze Kontinente versklavt. Wie kann man das als B\u00fcrger mitmachen und sich trotzdem Christ nennen? Das begreife ich nicht.&#8220; sagte er am 27.5.2019 dem Stern<br \/>\n<a href=\"https:\/\/www.stern.de\/panorama\/eugen-drewermann--was-macht-der-kirchenkritiker-heute--8722932.html\">https:\/\/www.stern.de\/panorama\/eugen-drewermann&#8211;was-macht-der-kirchenkritiker-heute&#8211;8722932.html<\/a><\/p>\n<p>Mit seinen 82 Jahren hat Drewermann 20 Jahre l\u00e4nger die Anfeindungen eines Denkers mit abweichender Meinung ertragen m\u00fcssen als Klonovsky. Und diese Anfeindungen nehmen von Jahr zu Jahr zu. Da immer weniger diskutiert und argumentiert, als vielmehr eine richtige Meinung bzw. Haltung abgewehrt wird.<br \/>\nObwohl als brilliante Diskutanten anerkannt, werden beide nicht mehr in die Talkshows der <a href=\"https:\/\/www.freiburg-schwarzwald.de\/blog\/kultur\/medien\/gez-medien\/\">\u00d6RR<\/a> wie <a href=\"https:\/\/www.freiburg-schwarzwald.de\/blog\/kultur\/medien\/mainstream\/\">Mainstreammedien<\/a> eingeladen. Aus Angst vor der abweichender Meinung zweier gebildeter M\u00e4nner? Bleibt ihnen das <a href=\"https:\/\/www.freiburg-schwarzwald.de\/blog\/kultur\/kulturverlust\/cancelculture-literatur\/\">Cancel-Culture<\/a>-Instrument unserer <a href=\"https:\/\/www.freiburg-schwarzwald.de\/blog\/kultur\/kulturverlust\/woke\/\">woke<\/a> dominierten Gesellschaft erspart?<br \/>\nDer Mensch als soziales Wesen ist auf den Austausch von Gedanken angewiesen. Er mu\u00df das Gedachte den anderen mitteilen, sofort im Sprechen oder oder sp\u00e4ter im Schreiben. Er mu\u00df Zuh\u00f6rer finden. Verbietet man das Reden, dann beeintr\u00e4chtigt man auch das Denken (John Stuart Mill).<\/p>\n<p><a href=\"https:\/\/www.freiburg-schwarzwald.de\/blog\/religion\/katholisch\/drewermann\/\">Eugen Drewermann<\/a> aus Paderborn wie <a href=\"https:\/\/www.freiburg-schwarzwald.de\/blog\/kultur\/dichter\/klonovsky\/\">Michael Klonovsky<\/a> aus M\u00fcnchen sehen voller <a href=\"https:\/\/www.freiburg-schwarzwald.de\/blog\/engagement\/zukunft\/pessimismus\/\">Pessimismus<\/a> in die Zukunft Deutschlands &#8211; letzterer aber durchaus heiter:<br \/>\n&#8222;Wie verzweifelt mu\u00df ein Mensch sein, der sich in den Optimismus fl\u00fcchtet&#8220; &#8211; so outet sich Klonovsky in seinen Aphorismen als Pessimist, aber als ein ironischer und fast heiterer. Letzteres belegt er so: \u201eVerschw\u00e4nde Deutschland \u00fcber Nacht vom Planeten, w\u00fcrde das am Klima nichts \u00e4ndern. Was mich betrifft: Ich w\u00e4re, auf das Risiko der Erw\u00e4rmung, auch k\u00fcnftig gern mit von der Partie.\u201c<br \/>\n24.8.2022<\/p>\n","protected":false},"excerpt":{"rendered":"<p>Auf die Frage nach den derzeit gr\u00f6\u00dften Denkern &#8211; inklusive Denkerinnen, mu\u00df man heutzutage hinzuf\u00fcgen &#8211; in Deutschland kamen mir spontan zwei in den Sinn: Eugen Drewermann (82) und Michael Klonovsky (60). Erschreckend &#8211; nur zwei im Land der Dichter &hellip; <a href=\"https:\/\/www.freiburg-schwarzwald.de\/blog\/denker-drewermann-klonovsky\/\">Weiterlesen <span class=\"meta-nav\">&rarr;<\/span><\/a><\/p>\n","protected":false},"author":2,"featured_media":0,"comment_status":"open","ping_status":"closed","sticky":false,"template":"","format":"standard","meta":{"footnotes":""},"categories":[18,96,261,13,98,80,19],"tags":[775,697,572,749,682,765,301,722],"class_list":["post-103786","post","type-post","status-publish","format-standard","hentry","category-bildung","category-dichter","category-katholisch","category-kultur","category-literatur","category-medien","category-religion","tag-christ","tag-ddr","tag-dichter-2","tag-diskussionskultur","tag-freiheit","tag-kath","tag-culture","tag-literatur"],"_links":{"self":[{"href":"https:\/\/www.freiburg-schwarzwald.de\/blog\/wp-json\/wp\/v2\/posts\/103786","targetHints":{"allow":["GET"]}}],"collection":[{"href":"https:\/\/www.freiburg-schwarzwald.de\/blog\/wp-json\/wp\/v2\/posts"}],"about":[{"href":"https:\/\/www.freiburg-schwarzwald.de\/blog\/wp-json\/wp\/v2\/types\/post"}],"author":[{"embeddable":true,"href":"https:\/\/www.freiburg-schwarzwald.de\/blog\/wp-json\/wp\/v2\/users\/2"}],"replies":[{"embeddable":true,"href":"https:\/\/www.freiburg-schwarzwald.de\/blog\/wp-json\/wp\/v2\/comments?post=103786"}],"version-history":[{"count":4,"href":"https:\/\/www.freiburg-schwarzwald.de\/blog\/wp-json\/wp\/v2\/posts\/103786\/revisions"}],"predecessor-version":[{"id":103800,"href":"https:\/\/www.freiburg-schwarzwald.de\/blog\/wp-json\/wp\/v2\/posts\/103786\/revisions\/103800"}],"wp:attachment":[{"href":"https:\/\/www.freiburg-schwarzwald.de\/blog\/wp-json\/wp\/v2\/media?parent=103786"}],"wp:term":[{"taxonomy":"category","embeddable":true,"href":"https:\/\/www.freiburg-schwarzwald.de\/blog\/wp-json\/wp\/v2\/categories?post=103786"},{"taxonomy":"post_tag","embeddable":true,"href":"https:\/\/www.freiburg-schwarzwald.de\/blog\/wp-json\/wp\/v2\/tags?post=103786"}],"curies":[{"name":"wp","href":"https:\/\/api.w.org\/{rel}","templated":true}]}}