{"id":103643,"date":"2022-08-21T13:34:22","date_gmt":"2022-08-21T11:34:22","guid":{"rendered":"https:\/\/www.freiburg-schwarzwald.de\/blog\/?p=103643"},"modified":"2022-08-21T13:34:22","modified_gmt":"2022-08-21T11:34:22","slug":"presseclub-oder-kontrafunk","status":"publish","type":"post","link":"https:\/\/www.freiburg-schwarzwald.de\/blog\/presseclub-oder-kontrafunk\/","title":{"rendered":"Presseclub oder Kontrafunk?"},"content":{"rendered":"<p>\u00d6fter mal was neues. Hier ein Vorschlag. Statt Presseclub (<a href=\"https:\/\/www.freiburg-schwarzwald.de\/blog\/kultur\/medien\/gez-medien\/\">\u00d6RR-Medien<\/a>, mit 9 Mrd Euro im Jahr zwangsfinanziert) sonntags einfach mal <a href=\"https:\/\/www.freiburg-schwarzwald.de\/blog\/kontrafunk-24-std-radio\/\">Kontrafunk<\/a> (<a href=\"https:\/\/www.freiburg-schwarzwald.de\/blog\/kultur\/medien\/freie-medien\/\">freie Medien<\/a>, zu 100 Prozent spendenfinanziert) h\u00f6ren und danach in Ruhe \u00fcber unsere sogenannten &#8222;<a href=\"https:\/\/www.freiburg-schwarzwald.de\/blog\/global\/integration\/werte\/\">westlichen Werte<\/a>&#8220; nachdenken bzw. <a href=\"https:\/\/www.freiburg-schwarzwald.de\/blog\/kultur\/medien\/diskussionskultur\/\">diskutieren<\/a>.<!--more--><br \/>\n<a href=\"https:\/\/www.kontrafunk.ch\/de\/sendung-nachhoeren\/kontrafunk-diskussion\/flg-33-frieren-fuer-die-ard\">https:\/\/www.kontrafunk.ch\/de\/sendung-nachhoeren\/kontrafunk-diskussion\/flg-33-frieren-fuer-die-ard<\/a><br \/>\nKontrafunk-Diskussion &#8222;Folge 22: Frieren f\u00fcr die ARD&#8220; am 21.8.2020: Die Publizisten Peter Hahne (fr\u00fcher <a href=\"https:\/\/www.freiburg-schwarzwald.de\/blog\/kultur\/medien\/gez-medien\/zdf\/\">ZDF<\/a>), Gunnar Schupelius (fr\u00fcher Focus, heute B.Z.) und Gunter Wei\u00dfgerber (fr\u00fcher <a href=\"https:\/\/www.freiburg-schwarzwald.de\/blog\/vereine\/partei\/spd\/\">SPD<\/a>-MdB) diskutieren mit Burkhard M\u00fcller-Ullrich (fr\u00fcher Deutschlandfunk) \u00fcber den deutschen <a href=\"https:\/\/www.freiburg-schwarzwald.de\/blog\/kanzler-richtlinienkompetenz\/\">Kanzler<\/a>\u00a0Olaf Scholz, der von seinem <a href=\"https:\/\/www.freiburg-schwarzwald.de\/blog\/religion\/islam\/islam-antisemitismus\/\">antisemitischen<\/a> Besucher Mahmud Abbas\u00a0in Berlin \u00fcberfordert ist, \u00fcber die <a href=\"https:\/\/www.freiburg-schwarzwald.de\/blog\/engagement\/zukunft\/korruption\/\">Korruption<\/a> in den Rundfunkanstalten, wo sich die Kontrolleure selber kontrollieren, \u00fcber galoppierende <a href=\"https:\/\/www.freiburg-schwarzwald.de\/blog\/business\/wirtschaft\/sanktionen\/\">Gaspreise<\/a>, die jetzt dazu f\u00fchren, dass Stickstoff aus Russland eingef\u00fchrt werden musstv sowie \u00fcber die obstinate Verwendung des Wortes \u201eStarkregen\u201c im Wetterbericht.<br \/>\n21.8.2022<\/p>\n","protected":false},"excerpt":{"rendered":"<p>\u00d6fter mal was neues. Hier ein Vorschlag. Statt Presseclub (\u00d6RR-Medien, mit 9 Mrd Euro im Jahr zwangsfinanziert) sonntags einfach mal Kontrafunk (freie Medien, zu 100 Prozent spendenfinanziert) h\u00f6ren und danach in Ruhe \u00fcber unsere sogenannten &#8222;westlichen Werte&#8220; nachdenken bzw. diskutieren.<\/p>\n","protected":false},"author":2,"featured_media":0,"comment_status":"open","ping_status":"closed","sticky":false,"template":"","format":"standard","meta":{"footnotes":""},"categories":[18,162,13,80],"tags":[751,749,682,710,720,759,545],"class_list":["post-103643","post","type-post","status-publish","format-standard","hentry","category-bildung","category-internet","category-kultur","category-medien","tag-bildung","tag-diskussionskultur","tag-freiheit","tag-gez","tag-medien","tag-tv","tag-www"],"_links":{"self":[{"href":"https:\/\/www.freiburg-schwarzwald.de\/blog\/wp-json\/wp\/v2\/posts\/103643","targetHints":{"allow":["GET"]}}],"collection":[{"href":"https:\/\/www.freiburg-schwarzwald.de\/blog\/wp-json\/wp\/v2\/posts"}],"about":[{"href":"https:\/\/www.freiburg-schwarzwald.de\/blog\/wp-json\/wp\/v2\/types\/post"}],"author":[{"embeddable":true,"href":"https:\/\/www.freiburg-schwarzwald.de\/blog\/wp-json\/wp\/v2\/users\/2"}],"replies":[{"embeddable":true,"href":"https:\/\/www.freiburg-schwarzwald.de\/blog\/wp-json\/wp\/v2\/comments?post=103643"}],"version-history":[{"count":1,"href":"https:\/\/www.freiburg-schwarzwald.de\/blog\/wp-json\/wp\/v2\/posts\/103643\/revisions"}],"predecessor-version":[{"id":103644,"href":"https:\/\/www.freiburg-schwarzwald.de\/blog\/wp-json\/wp\/v2\/posts\/103643\/revisions\/103644"}],"wp:attachment":[{"href":"https:\/\/www.freiburg-schwarzwald.de\/blog\/wp-json\/wp\/v2\/media?parent=103643"}],"wp:term":[{"taxonomy":"category","embeddable":true,"href":"https:\/\/www.freiburg-schwarzwald.de\/blog\/wp-json\/wp\/v2\/categories?post=103643"},{"taxonomy":"post_tag","embeddable":true,"href":"https:\/\/www.freiburg-schwarzwald.de\/blog\/wp-json\/wp\/v2\/tags?post=103643"}],"curies":[{"name":"wp","href":"https:\/\/api.w.org\/{rel}","templated":true}]}}