{"id":103349,"date":"2022-08-06T11:17:57","date_gmt":"2022-08-06T09:17:57","guid":{"rendered":"https:\/\/www.freiburg-schwarzwald.de\/blog\/?p=103349"},"modified":"2022-08-13T11:41:19","modified_gmt":"2022-08-13T09:41:19","slug":"42-regierungsbeauftragte","status":"publish","type":"post","link":"https:\/\/www.freiburg-schwarzwald.de\/blog\/42-regierungsbeauftragte\/","title":{"rendered":"42 Regierungsbeauftragte"},"content":{"rendered":"<p>Die Regierung umgibt sich mit immer mehr Experten, Beratern und Beauftragten, die allesamt von <a href=\"https:\/\/www.freiburg-schwarzwald.de\/blog\/global\/deutschland\/steuerzahler\/\">Steuergeldern<\/a>\u00a0bezahlt werden und in <a href=\"https:\/\/www.freiburg-schwarzwald.de\/blog\/engagement\/zukunft\/demokratie\/staatsquote\/\">staatlichen Beh\u00f6rden<\/a>, staatsnahen Organisationen bzw. <a href=\"https:\/\/www.freiburg-schwarzwald.de\/blog\/vereine\/ngo\/\">NGOs<\/a> arbeiten. F\u00fcr diese mehr oder weniger <a href=\"https:\/\/www.freiburg-schwarzwald.de\/blog\/engagement\/zukunft\/demokratie\/parlament\/\">au\u00dferparlamentarische<\/a> Entourage gilt &#8222;Wes Brot ich e\u00df&#8216;, des Lied ich sing&#8220;.<!--more--><br \/>\nDie meisten NGOs (Non Govermental Organizations) m\u00fcssen ehrlicherweise als <a href=\"https:\/\/www.freiburg-schwarzwald.de\/blog\/vereine\/ngo\/gongo\/\">GONGOs<\/a> (Govermental Organized NGOs) bezeichnet werden, da sie &#8211; neben Spenden und dubiosen Transfers (<a href=\"https:\/\/www.freiburg-schwarzwald.de\/blog\/global\/globalisierung\/soros\/\">Soros<\/a>, <a href=\"https:\/\/www.freiburg-schwarzwald.de\/blog\/business\/gesund\/who\/\">Bill Gates<\/a>, &#8230;) &#8211; \u00fcberwiegend von den \u00f6ffentlichen H\u00e4nden finanziert werden.<br \/>\nInzwischen ist die Zahl der Beauftragten auf 42 angestiegen, was sogar bei der sonst so <a href=\"https:\/\/www.freiburg-schwarzwald.de\/blog\/kultur\/medien\/mainstream\/\">regierungsaffinen SZ<\/a> zu kritische Besorgnis f\u00fchrt (siehe (1) unten). J\u00fcngst wurde die Einsetzung der iran-st\u00e4mmigen Politologin Ferda Ataman (Deutsche sind &#8222;Kartoffeln&#8220;) zur <a href=\"https:\/\/www.freiburg-schwarzwald.de\/blog\/antidiskriminierungsbeauftragte\/\">Antidiskriminisierungsbeauftragten<\/a> und der US-amerikanischen <a href=\"https:\/\/www.freiburg-schwarzwald.de\/blog\/vereine\/greenpeace\/\">Greenpeace<\/a>-Aktivistin Jennifer Morgan zur Klimapolitikbeauftragten (2) kritisiert. Da gibt es dringenden Kl\u00e4rungsbedarf:<br \/>\nWer kontrolliert diese Beauftragten-Entourage, die &#8211; im Gegensatz zur klassischen, sowieso aufgebl\u00e4hten <a href=\"https:\/\/www.freiburg-schwarzwald.de\/blog\/global\/eu\/lobby\/\">Lobbyismus<\/a> &#8211; nicht von der Zivilgesellschaft auf die Exekutive zukommt, sondern umgekehrt von <a href=\"https:\/\/www.freiburg-schwarzwald.de\/blog\/engagement\/zukunft\/demokratie\/gewaltenteilung\/\">Exekutive<\/a> selbst bestellt wird?<br \/>\nBildet sich hier eine im <a href=\"https:\/\/www.freiburg-schwarzwald.de\/blog\/engagement\/zukunft\/demokratie\/grundgesetz\/\">Grundgesetz<\/a> nicht vorgesehene Instanz bzw. Form von &#8222;Staat im Staat&#8220; heraus, die \u00fcber die jeweilige Legislaturperiode hinweg dauerhaft installiert bleibt?<\/p>\n<p>Einige Infos:<br \/>\n<a href=\"https:\/\/www.bundestag.de\/resource\/blob\/491684\/9cb18a04671bb9664dcd52e29c398093\/Bundesbeauftragte-und-Beauftragte-der-Bundesregierung-data.pdf\">https:\/\/www.bundestag.de\/resource\/blob\/491684\/9cb18a04671bb9664dcd52e29c398093\/Bundesbeauftragte-und-Beauftragte-der-Bundesregierung-data.pdf<\/a><br \/>\n<a href=\"https:\/\/verfassungsblog.de\/wer-sind-die-regierungsbeauftragten\/\">https:\/\/verfassungsblog.de\/wer-sind-die-regierungsbeauftragten\/<\/a><br \/>\n<a href=\"https:\/\/polit-x.de\/de\/documents\/7424884\/bund\/bundesregierung\/bundesministerien\/bmi\/liste-2022-06-01-liste-beauftragte-bundesbeauftragte-und-koordinatoren-koordinatorinnen\">https:\/\/polit-x.de\/de\/documents\/7424884\/bund\/bundesregierung\/bundesministerien\/bmi\/liste-2022-06-01-liste-beauftragte-bundesbeauftragte-und-koordinatoren-koordinatorinnen<\/a><\/p>\n<p>Allein zur Diskriminierung als &#8222;In&#8220;-Thema der <a href=\"https:\/\/www.freiburg-schwarzwald.de\/blog\/engagement\/zukunft\/demokratie\/identitaetspolitik\/\">Indentit\u00e4tspolitik<\/a> sitzen acht Beauftragte und Beauftragtinnen an ihren PCs in Berlin. Ist es da nicht nur eine Frage der Zeit, wann zwecks Koordination die gut dotierte und unk\u00fcndbare Arbeitsstelle des <em><strong>&#8222;Beauftragten der Diskriminierungsbeauftragten&#8220;<\/strong><\/em> geschaffen wird?<br \/>\n6.8.2022<br \/>\n.<\/p>\n<p><strong>(1) Beauftragte der Bundesregierung &#8211; Die Berater-Inflation<\/strong><br \/>\nDie Kontroverse um die f\u00fcr diesen Donnerstag geplante Wahl der politisch umstrittenen Publizistin Ferda Ataman zur Anti-Diskriminierungsbeauftragten der Bundesregierung hat die Aufmerksamkeit auf eine Besonderheit des politischen Betriebes gelenkt, die ein wenig an einen Eisberg erinnert, von dem auch nur die Spitze aus dem Wasser ragt: die gro\u00dfe Zahl an Beauftragten, die die Bundesregierung f\u00fcr alle m\u00f6glichen Sonderaufgaben ernennt. Unter der Ampel-Koalition ist ihre Zahl nochmals gestiegen. Die Liste<br \/>\n<a href=\"https:\/\/www.bmi.bund.de\/SharedDocs\/downloads\/DE\/veroeffentlichungen\/themen\/ministerium\/beauftragte-der-bundesregierung.pdf\">https:\/\/www.bmi.bund.de\/SharedDocs\/downloads\/DE\/veroeffentlichungen\/themen\/ministerium\/beauftragte-der-bundesregierung.pdf<\/a><br \/>\numfasst insgesamt 42 Positionen, &#8230;. &#8222;Wir haben da eine inflation\u00e4re Entwicklung&#8220;, sagt der Politikwissenschaftler Wolfgang Schroeder von der Universit\u00e4t Kassel.<br \/>\n&#8230;<br \/>\nDie st\u00e4ndige Vermehrung von Beauftragten f\u00fcr alle m\u00f6glichen Spezialthemen birgt auch ein anderes Problem. &#8222;Die Aufsplitterung auf sehr viele Partikularinteressen, die dann vom jeweiligen Beauftragten artikuliert werden, unterminiert die Aufgabe des Ausgleichs&#8220;, sagt Kropp. Besonders deutlich wird die Zersplitterung ausgerechnet beim Thema Diskriminierung.<br \/>\nDenn es ist keineswegs so, dass der Kampf gegen Diskriminierung auf allen m\u00f6glichen Feldern ein Randthema im Beauftragtenwesen der Regierung w\u00e4re, ganz im Gegenteil. Die Ampelkoalition hat diesen Bereich sogar massiv ausgeweitet. Es gibt jetzt neben dem Beauftragten, der sich um nationale Minderheiten k\u00fcmmern soll, einen eigenen Antiziganismusbeauftragten.<br \/>\nDer neu berufene &#8222;Queer-Beauftragte&#8220; ist f\u00fcr die &#8222;Akzeptanz sexueller und geschlechtlicher Vielfalt&#8220; zust\u00e4ndig und soll mithin gegen Diskriminierungen in diesem Bereich k\u00e4mpfen. Und im Kanzleramt wurde die Beauftragte f\u00fcr Migration, Fl\u00fcchtlinge und Integration, Staatsministerin Reem Alabali-Radovan, SPD, in Personalunion auch noch zur Beauftragten f\u00fcr Antirassismus berufen. Insgesamt gibt es acht Beauftragte der Bundesregierung, in deren Aufgabengebiet auch der Kampf gegen Diskriminierung und Stigmatisierung eine Rolle spielt. Was durchaus die Frage aufwirft, ob noch eine zus\u00e4tzliche Antidiskriminierungsbeauftragte notwendig ist. Die Gefahr, dass es statt eines mehrstimmigen Miteinanders ein rivalisierendes Durcheinander gibt, liegt jedenfalls auf der Hand.<br \/>\n&#8230; Alles vom 3.7.2022 bitte lesen auf<br \/>\n<a href=\"https:\/\/www.sueddeutsche.de\/politik\/bundesbeaufragte-berater-ataman-1.5613683\">https:\/\/www.sueddeutsche.de\/politik\/bundesbeaufragte-berater-ataman-1.5613683<\/a><br \/>\n.<br \/>\n.<br \/>\n<strong>(2) Wer sind die Regierungsbeauftragten?<\/strong><br \/>\n<em>Ein nur scheinbar unscheinbares verfassungsrechtliches Ph\u00e4nomen bedarf der bundesgesetzlichen Regelung<\/em><br \/>\nDie Ernennung der Greenpeace-Aktivistin Jennifer Morgan zur Sonderbeauftragten der Bundesregierung f\u00fcr internationale Klimapolitik im Ausw\u00e4rtigen Amt erzeugte zuletzt ein gro\u00dfes Echo in der deutschen Medienlandschaft. Das \u00f6ffentliche Interesse an den Beauftragten der Bundesregierung ebbt jedoch meist schnell nach der medienwirksamen Schaffung eines neuen Amtes ab und hat das Verfassungsrecht ebenfalls noch nicht nachhaltig besch\u00e4ftigt. Dabei w\u00e4re ein Bundesbeauftragten-Gesetz w\u00fcnschenswert.<br \/>\n&#8230;.<br \/>\nFehlende Zugriffs- und Kontrollm\u00f6glichkeiten stehen im Konflikt mit dem Gewaltenteilungsgrundsatz &#8230; Wenn die Beauftragten nur \u00fcber die Einsetzung per Organisationsgewalt der Regierung demokratisch legitimiert sind, die zust\u00e4ndigen Bundesminister rechtlich keinen steuernden Einfluss auf deren T\u00e4tigkeit nehmen k\u00f6nnen, so ger\u00e4t die parlamentarische Kontrolle \u00fcber die Beauftragten mehr als fraglich.<br \/>\n&#8230; Alles vom 26.5.2022 bitte lesen auf<br \/>\n<a href=\"https:\/\/verfassungsblog.de\/wer-sind-die-regierungsbeauftragten\/\">https:\/\/verfassungsblog.de\/wer-sind-die-regierungsbeauftragten\/<\/a><\/p>\n<p>&nbsp;<\/p>\n","protected":false},"excerpt":{"rendered":"<p>Die Regierung umgibt sich mit immer mehr Experten, Beratern und Beauftragten, die allesamt von Steuergeldern\u00a0bezahlt werden und in staatlichen Beh\u00f6rden, staatsnahen Organisationen bzw. NGOs arbeiten. F\u00fcr diese mehr oder weniger au\u00dferparlamentarische Entourage gilt &#8222;Wes Brot ich e\u00df&#8216;, des Lied ich &hellip; <a href=\"https:\/\/www.freiburg-schwarzwald.de\/blog\/42-regierungsbeauftragte\/\">Weiterlesen <span class=\"meta-nav\">&rarr;<\/span><\/a><\/p>\n","protected":false},"author":2,"featured_media":0,"comment_status":"open","ping_status":"closed","sticky":false,"template":"","format":"standard","meta":{"footnotes":""},"categories":[18,181,13,157],"tags":[633,715,622,626,631],"class_list":["post-103349","post","type-post","status-publish","format-standard","hentry","category-bildung","category-buergerbeteiligung","category-kultur","category-oeffentlicher-raum","tag-demokratie","tag-klima","tag-migration","tag-partei","tag-staat"],"_links":{"self":[{"href":"https:\/\/www.freiburg-schwarzwald.de\/blog\/wp-json\/wp\/v2\/posts\/103349","targetHints":{"allow":["GET"]}}],"collection":[{"href":"https:\/\/www.freiburg-schwarzwald.de\/blog\/wp-json\/wp\/v2\/posts"}],"about":[{"href":"https:\/\/www.freiburg-schwarzwald.de\/blog\/wp-json\/wp\/v2\/types\/post"}],"author":[{"embeddable":true,"href":"https:\/\/www.freiburg-schwarzwald.de\/blog\/wp-json\/wp\/v2\/users\/2"}],"replies":[{"embeddable":true,"href":"https:\/\/www.freiburg-schwarzwald.de\/blog\/wp-json\/wp\/v2\/comments?post=103349"}],"version-history":[{"count":5,"href":"https:\/\/www.freiburg-schwarzwald.de\/blog\/wp-json\/wp\/v2\/posts\/103349\/revisions"}],"predecessor-version":[{"id":103354,"href":"https:\/\/www.freiburg-schwarzwald.de\/blog\/wp-json\/wp\/v2\/posts\/103349\/revisions\/103354"}],"wp:attachment":[{"href":"https:\/\/www.freiburg-schwarzwald.de\/blog\/wp-json\/wp\/v2\/media?parent=103349"}],"wp:term":[{"taxonomy":"category","embeddable":true,"href":"https:\/\/www.freiburg-schwarzwald.de\/blog\/wp-json\/wp\/v2\/categories?post=103349"},{"taxonomy":"post_tag","embeddable":true,"href":"https:\/\/www.freiburg-schwarzwald.de\/blog\/wp-json\/wp\/v2\/tags?post=103349"}],"curies":[{"name":"wp","href":"https:\/\/api.w.org\/{rel}","templated":true}]}}