{"id":103309,"date":"2022-08-08T21:33:54","date_gmt":"2022-08-08T19:33:54","guid":{"rendered":"https:\/\/www.freiburg-schwarzwald.de\/blog\/?p=103309"},"modified":"2022-08-11T22:12:13","modified_gmt":"2022-08-11T20:12:13","slug":"nationalhymne-ausgepfiffen","status":"publish","type":"post","link":"https:\/\/www.freiburg-schwarzwald.de\/blog\/nationalhymne-ausgepfiffen\/","title":{"rendered":"Nationalhymne ausgepfiffen"},"content":{"rendered":"<p>Zur Er\u00f6ffnung der neuen <a href=\"https:\/\/www.freiburg-schwarzwald.de\/blog\/sport\/sportlern\/fussball\/\">Bundesligasaison<\/a> wird traditionell die deutsche <a href=\"https:\/\/www.freiburg-schwarzwald.de\/blog\/d-verhoehnt-eu-nationalhymnen\/\">Nationalhymne<\/a> gespielt, so auch am 5.8.2022 in Frankfurt vor dem Spiel Eintracht Frankfurt &#8211; Bayern M\u00fcnchen (1:6). Die Zuschauer quittierten das &#8222;Lied der Deutschen&#8220; mit einem gellenden <a href=\"https:\/\/www.freiburg-schwarzwald.de\/blog\/engagement\/zukunft\/demokratie\/nationalstolz\/\">Pfeifkonzert<\/a> (1). Warum?<!--more--><br \/>\nWeil etliche der Fussballmillion\u00e4re gar keinen Bezug zur deutschen <a href=\"https:\/\/www.freiburg-schwarzwald.de\/blog\/engagement\/zukunft\/demokratie\/nation\/\">Nation<\/a> und ihrer Hymne haben? Weil Pfeifen bei den Eintracht-Fans als Zustimmung gilt? Weil die Fans die <a href=\"https:\/\/www.freiburg-schwarzwald.de\/blog\/global\/deutschland\/deutsche-kultur\/\">deutsche Geschichte<\/a> und somit auch die der Nationalhymne (siehe (2)) gar nicht kennen? Weil <a href=\"https:\/\/www.freiburg-schwarzwald.de\/blog\/engagement\/zukunft\/selbsthass\/\">Selbsthass<\/a> bzw. <a href=\"https:\/\/www.freiburg-schwarzwald.de\/blog\/global\/deutschland\/deutschenhass\/\">Deutschenhass<\/a> grassiert? Weil die Stadt Frankfurt zwar irgendwo in <a href=\"https:\/\/www.freiburg-schwarzwald.de\/blog\/global\/deutschland\/deutschland2020\/\">Deutschland<\/a> liegt, aber nicht &#8218;deutsch&#8216; ist bzw. sein will? Letzteres d\u00fcrfte auf den wahren Grund verweisen:<br \/>\nFrankfurts OB Peter Feldmann (SPD), B\u00fcrgermeisterin Nargess Askandari-Gr\u00fcnberg (Gr\u00fcne) und Eintracht-Pr\u00e4sident Peter Fischer vertreten eine eher linke <a href=\"https:\/\/www.freiburg-schwarzwald.de\/blog\/engagement\/zukunft\/ideologie\/\">Ideologie<\/a>, in der eine <a href=\"https:\/\/www.freiburg-schwarzwald.de\/blog\/engagement\/zukunft\/demokratie\/nationalstolz\/\">Nationalhymne<\/a> keinen besonderen Wert hat.<\/p>\n<p>Pfeifkonzert statt G\u00e4nsehaut: Die Hymne zum Bundesligaauftakt in Frankfurt<br \/>\n<a href=\"https:\/\/www.youtube.com\/watch?v=GX9ZzBhGHJw\">https:\/\/www.youtube.com\/watch?v=GX9ZzBhGHJw<\/a><\/p>\n<p>Die ausl\u00e4ndische Presse berichtet gro\u00dfenteils mit Unverst\u00e4ndnis vom Frankfurter Anti-Nationalpfeifen. Man stelle sich vor, in Paris w\u00fcrde die Marseillaise ausgepfiffen. Oder in GBR &#8222;God save the queen&#8220;. Da sind die deutschen Medien schon etwas weiter.<\/p>\n<p>Die Frage eines Kommentators (s.u,) macht nachdenklich: Was w\u00e4re geschehen, wenn im Frankfurter Waldstadion die Nationalhymne der <a href=\"https:\/\/www.freiburg-schwarzwald.de\/blog\/global\/ukraine\/\">Ukraine<\/a> gespielt worden w\u00e4re?<br \/>\n8.8.2022<br \/>\n.<\/p>\n<p><strong>(1) \u201eGlasperlenspiel\u201c-S\u00e4ngerin spricht \u00fcber Er\u00f6ffnungs-Eklat<\/strong><br \/>\nVor dem Er\u00f6ffnungsspiel der 60. Bundesliga-Saison am Freitag pfiffen Frankfurt-Ultras in der Nordwestkurve des Stadions die deutsche Nationalhymne aus. Ihnen passt die kurze DFL-Zeremonie aus Prinzip nicht.<br \/>\n&#8230; Alles vom 8.8.2022 bitte lsen auf<br \/>\n<a href=\"https:\/\/www.bild.de\/sport\/fussball\/fussball\/hymne-ausgepfiffen-glasperlenspiel-saengerin-spricht-ueber-eroeffnungs-eklat-80937846.bild.html\">https:\/\/www.bild.de\/sport\/fussball\/fussball\/hymne-ausgepfiffen-glasperlenspiel-saengerin-spricht-ueber-eroeffnungs-eklat-80937846.bild.html<\/a><br \/>\n.<br \/>\nKommentare:<br \/>\n<strong>Eine der sch\u00f6nsten Nationalhymnen der Welt<\/strong><br \/>\nDie deutsche Nationalhymne von Haydn\/Fallersleben ist eine der sch\u00f6nsten, wenn nicht die sch\u00f6nste der Welt. Das erkennen auch viele Ausl\u00e4nder neidlos an. Musikalisch gro\u00dfartig und inhaltlich erhaben \u00fcber Alles, was man sonst in diesem Genre zu Geh\u00f6r bekommt. Ob man diese gro\u00dfartige Kulturleistung an eine sich in jeder Weise an die Politik anbiedernde und v\u00f6llig durchkommerzialisierte Veranstaltung verschwenden soll, ist eine andere Frage. In meinen Augen ist es eine Entweihung.<br \/>\nAnsonsten schlie\u00dfe ich mich dem Satz des Verfassers an, obwohl ich kein geborener Frankfurter bin: \u201eDer Verfasser ist als geb\u00fcrtiger Frankfurter seit Kindheitstagen Eintracht-Fan, also leidensf\u00e4hig. Doch so lange der Antifa-Fischer Pr\u00e4sident des Vereins ist, wird er kein Stadion betreten, wo dieser in jeder Weise limitierte Ballermann-Typ mit seinem randalierenden Anhang zu vermuten ist.\u201c Es bleibt die Erinnerung an Stadionbesuche in den Siebziger \u2013 Achtziger Jahren, in der das Frankfurter Publikum allenfalls durch seine Launigkeit auffiel.<br \/>\n8.8.2022, Wes<\/p>\n<p><strong>Besser Layla statt Nationalhymne\u00a0<\/strong><br \/>\nDas war leider ein b\u00f6ser Fehler, die Hymne zu spielen. Beim n\u00e4chsten Grossevent der niveauvollen Liga bitte dieses Layla-Puff-Lied spielen und die Fans werden feiern, schunkeln und gemeinsam kotzen.<br \/>\nWir m\u00fcssen uns langsam an das Niveau anpassen, sonst wird es Zunkunft noch viele Pfiffe geben.<br \/>\n8.8.2022, Alt<\/p>\n<p><strong>Eine Hymne zu lieben, bedeutet &#8230;<\/strong><br \/>\nWenn man bedenkt, wie ein Teil der deutschen B\u00fcrger laufend von diesem Staat beleidigt werden, ist das eigentlich nicht verwunderlich. Unser Land darf es nicht mehr geben, unsere Kultur darf es nicht mehr geben, weil wir Deutschen ja \u00fcberhaupt keine h\u00e4tten, unser Sprache darf es auch nicht mehr geben, denn die wird verdenglicht und gegendert. Nicht f\u00fcr umsonst haben Linksgr\u00fcne schon Englisch als 2. Amtssprache vorgeschlagen. Patriotismus ist rechtsextrem, Vaterlandsliebe ist rechtsextrem usw. usf.<br \/>\nEine Hymne zu lieben, bedeutet, dass sich Staat und B\u00fcrger mit dem Staat identifizieren. Wenn das Regime sich nicht mehr mit Deutschland identifiziert, warum sollte es der Fan oder der normale B\u00fcrger. Ich identifiziere mich auch nicht mehr mit diesem Staat, weil es den so nicht mehr gibt. Dann das US-Getue mit gesungener Hymne nur bei einem Bundesligaspiel in einem total zerrissenen Staat, das ist schon vom Veranstalter her Hohlrollerei.<br \/>\n8.8.2022, Tsch<\/p>\n<p><strong>Hymnen Schande in Frankfurt.<\/strong><br \/>\nHoppla \u2013 ich frag mich\u2026. nachdem die National- Hymne mit div.Text heisst: \u2026. \u201eEinigkeit und Recht und Freiheit f\u00fcr das deutsche Vaterland\u201c\u2026.. letztendlich genauso von Rotgr\u00fcn nicht gew\u00fcnscht wird, weil National der Sinn der Hymne eigentlich genauso viel wert hat wie die Nationalflagge schwarz rot gold- die von Merkel achtlos, ver\u00e4chtlich in die Ecke geworfen wurde, was hat nun pl\u00f6tzlich beides auf dem Fussballplatz einmischend bei den Millionenkicker zu suchen?<br \/>\n8.8.2022, Bin<\/p>\n<p><strong>Die ukrainische Nationalhymne mu\u00df gespielt werde.<\/strong><br \/>\nDa sind alle ruhig und eine Gro\u00dfteil der Menschenmenge stehen sogar respektvoll auf. Fehlte nur noch Hand aufs Herz.<br \/>\nSo erlebt vor kurzem an einem Samstag abends auf einem Musikfest in BW<br \/>\n8.8.2022, Som<br \/>\nEnde Kommentare<\/p>\n<p>.<\/p>\n<p><strong>(2) 100 Jahre deutsche Nationalhymne<\/strong><br \/>\nHeute vor 100 Jahren erhob Reichspr\u00e4sident Friedrich Ebert (SPD) das Hoffmann-Haydn&#8217;sche \u201eLied der Deutschen\u201c von 1841 zur Nationalhymne. Die Geschichte des Deutschlandliedes ist kaum bekannt, der Text \u201eEinigkeit und Recht und Freiheit\u201c aber aktueller denn je.<br \/>\nKaum ein anderes deutsches Lied d\u00fcrfte in der Bundesrepublik Deutschland so oft l\u00e4cherlich gemacht, durch den Kakao gezogen und verunglimpft worden sein wie das \u201eLied der Deutschen\u201c von August Heinrich Hoffmann von Fallersleben. Sehr zu Unrecht. Denn zum einen ist es eine durch und durch friedliche Nationalhymne \u2013 was, wie Georg Etscheit k\u00fcrzlich mit Blick auf die Hymnen anderer Staaten herausstellte, nicht allzu h\u00e4ufig vorkommt \u2013 und zum anderen kann man das Lied nur schlechtreden, wenn man seine Entstehungsgeschichte nicht kennt oder bewusst ignoriert.<br \/>\nWer die Geschichte kennt, dem w\u00fcrde n\u00e4mlich schnell klar werden, dass auch die von Nationalsozialisten missbrauchte erste Strophe eben kein Beweis f\u00fcr nationalistische \u00dcberhebung sein kann. Im Gegenteil. Sie war ein Aufruf zur Einheit in Freiheit und an die damalige deutschsprachige Bev\u00f6lkerung, ans\u00e4ssig \u201evon der Maas bis an die Memel, von der Etsch bis an den Belt\u201c, \u201ezu Schutz und Trutze br\u00fcderlich\u201c zusammenzuhalten. Von S\u00e4belrasseln oder gar Mordgel\u00fcsten gegen\u00fcber anderen V\u00f6lkern findet sich im Text dagegen weit und breit keine Spur. \u00dcbrigens ebensowenig in der zweiten Strophe, in der \u201edeutsche Frauen, deutsche Treue, deutscher Wein und deutscher Sang\u201c nach heutigen Ma\u00dfst\u00e4ben altmodisch besungen werden. Ja, und? Der Text entstand schlie\u00dflich vor 181 Jahren!<\/p>\n<p>Auch die wohlfeile Klage dar\u00fcber, dass in dem Lied Einigkeit an erster Stelle stehe und nicht Freiheit, f\u00fchrt ins Leere: Wir m\u00fcssen uns, ob als Nation, als Volk oder als Gemeinschaft von Staatsb\u00fcrgern, schon einig sein, dass wir Recht und Freiheit wollen. Ohne diesen Konsens kommen wir weder zu Recht noch zu Freiheit. Und wir m\u00fcssen uns klarmachen, was das Gegenteil bedeutet: Uneinigkeit, Unrecht, Unfreiheit. Das kann das Gros der Deutschen nicht wirklich wollen, schl\u00fcge dies doch voll auf uns selbst zur\u00fcck.<br \/>\nDoch selbst wer aus Deutschland ein \u201ebuntes, vielf\u00e4ltiges, diverses Einwanderungsland\u201c machen will, wird letztlich nicht an der Erkenntnis vorbeikommen, dass der Staat dann erst recht ohne freiwillige Einigkeit in der Bev\u00f6lkerung \u00fcber grundlegende Dinge auf Dauer zum Scheitern verurteilt sein wird \u2013 Beispiele gibt es genug.<br \/>\n&#8230;<br \/>\nDie deutsche Geschichte ist vielf\u00e4ltig, und es ist \u2013 entgegen anders lautenden Aussagen \u2013 sehr wohl jenseits der deutschen Sprache eine \u00e4u\u00dferst vielf\u00e4ltige deutsche Kultur nachweisbar. Unsere Nationalhymne geh\u00f6rt dazu. Die Geschichte um ihre Entstehung aber ist bis heute nur den wenigsten vertraut. Am 18. Mai 2019 habe ich sie hier auf der Achse schon einmal geschildert.<br \/>\nhttps:\/\/www.achgut.com\/artikel\/Ich_oute_mich_Ich_finde_das_deutschlandlied_wunderbar<br \/>\nAnlass war eine Behauptung Bodo Ramelows, \u201eEinigkeit und Recht und Freiheit\u201c sollte durch einen anderen Text ersetzt werden, weil er im Zusammenhang mit diesem Text \u201edas Bild der Naziaufm\u00e4rsche von 1933 bis 1945 nicht ausblenden\u201c k\u00f6nne. Dies, so konterte ich damals, entbehrt jeder Grundlage, denn die dritte Strophe des Deutschlandliedes wurde gerade unter Hitler nicht gesungen.<br \/>\n&#8230;.<br \/>\nFazit: Wer die Entstehungsgeschichte des Deutschlandliedes kennt, sollte unschwer erkennen k\u00f6nnen, dass diese Hymne zu Deutschland und seiner Geschichte passt wie kaum eine andere. Es ist zudem ein durch und durch gesamtdeutsches Lied, erklang im \u00fcbrigen nicht nur zur Wiedervereinigung Deutschlands in der Nacht von 2. auf den 3. Oktober 1990 vor dem Reichstag in Berlin, sondern ebenso w\u00e4hrend des Volksaufstands am 17. Juni 1953<br \/>\n<a href=\"https:\/\/www.achgut.com\/artikel\/17._juni_der_gestohlene_ehrentag\">https:\/\/www.achgut.com\/artikel\/17._juni_der_gestohlene_ehrentag<\/a><br \/>\naus den Kehlen der Demonstranten gegen das SED-Regime und wurde am Abend des 9. November 1989<br \/>\n<a href=\"https:\/\/www.achgut.com\/artikel\/freiheit_glueck_freude_und_der_trabi\">https:\/\/www.achgut.com\/artikel\/freiheit_glueck_freude_und_der_trabi<\/a><br \/>\nvon Abgeordneten des Deutschen Bundestages stehend gesungen \u2013 viele von ihnen hatten dabei Tr\u00e4nen in den Augen.<br \/>\n&#8230; Alles vom 11.8.2022 bitte lesen auf<br \/>\n<a href=\"https:\/\/www.achgut.com\/artikel\/100_jahre_deutsche_nationalhymne\">https:\/\/www.achgut.com\/artikel\/100_jahre_deutsche_nationalhymne<\/a><\/p>\n","protected":false},"excerpt":{"rendered":"<p>Zur Er\u00f6ffnung der neuen Bundesligasaison wird traditionell die deutsche Nationalhymne gespielt, so auch am 5.8.2022 in Frankfurt vor dem Spiel Eintracht Frankfurt &#8211; Bayern M\u00fcnchen (1:6). Die Zuschauer quittierten das &#8222;Lied der Deutschen&#8220; mit einem gellenden Pfeifkonzert (1). Warum?<\/p>\n","protected":false},"author":2,"featured_media":0,"comment_status":"open","ping_status":"closed","sticky":false,"template":"","format":"standard","meta":{"footnotes":""},"categories":[18,13,157,8,124],"tags":[26,724,619],"class_list":["post-103309","post","type-post","status-publish","format-standard","hentry","category-bildung","category-kultur","category-oeffentlicher-raum","category-sport","category-sportvereine-vereine","tag-deutsch","tag-heimat","tag-patriot"],"_links":{"self":[{"href":"https:\/\/www.freiburg-schwarzwald.de\/blog\/wp-json\/wp\/v2\/posts\/103309","targetHints":{"allow":["GET"]}}],"collection":[{"href":"https:\/\/www.freiburg-schwarzwald.de\/blog\/wp-json\/wp\/v2\/posts"}],"about":[{"href":"https:\/\/www.freiburg-schwarzwald.de\/blog\/wp-json\/wp\/v2\/types\/post"}],"author":[{"embeddable":true,"href":"https:\/\/www.freiburg-schwarzwald.de\/blog\/wp-json\/wp\/v2\/users\/2"}],"replies":[{"embeddable":true,"href":"https:\/\/www.freiburg-schwarzwald.de\/blog\/wp-json\/wp\/v2\/comments?post=103309"}],"version-history":[{"count":2,"href":"https:\/\/www.freiburg-schwarzwald.de\/blog\/wp-json\/wp\/v2\/posts\/103309\/revisions"}],"predecessor-version":[{"id":103316,"href":"https:\/\/www.freiburg-schwarzwald.de\/blog\/wp-json\/wp\/v2\/posts\/103309\/revisions\/103316"}],"wp:attachment":[{"href":"https:\/\/www.freiburg-schwarzwald.de\/blog\/wp-json\/wp\/v2\/media?parent=103309"}],"wp:term":[{"taxonomy":"category","embeddable":true,"href":"https:\/\/www.freiburg-schwarzwald.de\/blog\/wp-json\/wp\/v2\/categories?post=103309"},{"taxonomy":"post_tag","embeddable":true,"href":"https:\/\/www.freiburg-schwarzwald.de\/blog\/wp-json\/wp\/v2\/tags?post=103309"}],"curies":[{"name":"wp","href":"https:\/\/api.w.org\/{rel}","templated":true}]}}