{"id":102988,"date":"2022-07-31T22:21:11","date_gmt":"2022-07-31T20:21:11","guid":{"rendered":"https:\/\/www.freiburg-schwarzwald.de\/blog\/?p=102988"},"modified":"2022-07-31T22:21:11","modified_gmt":"2022-07-31T20:21:11","slug":"antirealistischer-schutzwall","status":"publish","type":"post","link":"https:\/\/www.freiburg-schwarzwald.de\/blog\/antirealistischer-schutzwall\/","title":{"rendered":"Antirealistischer Schutzwall"},"content":{"rendered":"<p>&#8222;Egal, ob es um die Energieerzeugung, ihre Speicherung, den Netzausbau oder die Frage der Bezahlbarkeit geht \u2013 zwischen der Vorstellung in der Politik und den begleitenden Erz\u00e4hlungen in vielen Medien einerseits und der Wirklichkeit klafft eine L\u00fccke, die sich auch bei noch so gro\u00dfer Anstrengung in absehbarer Zeit nicht schlie\u00dfen l\u00e4sst.&#8220; <!--more-->Treffend beschreibt A<a href=\"https:\/\/www.freiburg-schwarzwald.de\/blog\/energie\/akw\/atomausstieg\/\">lexander Wendt<\/a>, einer der besten noch recherchefreudigen Journalisten Deutschlands, das aktuelle Dilemma der <a href=\"https:\/\/www.freiburg-schwarzwald.de\/blog\/energie\/energiepolitik\/\">Energiepolitik<\/a> hierzulande. Die moral- bzw. ideologiebasierten Vorstellungen der <a href=\"https:\/\/www.freiburg-schwarzwald.de\/blog\/engagement\/zukunft\/demokratie\/ampel\/\">Ampel-Regierung<\/a> stimmen immer weniger mit der realen <a href=\"https:\/\/www.freiburg-schwarzwald.de\/blog\/energie\/versorgungssicherheit\/\">Versorgungslage<\/a> \u00fcberein: Preiswerte und sichere Energie ist Mangelware in unserer Industriegesellschaft und bedroht die <a href=\"https:\/\/www.freiburg-schwarzwald.de\/blog\/business\/rezession\/\">Konjunktur<\/a> wie auch den <a href=\"https:\/\/www.freiburg-schwarzwald.de\/blog\/global\/deutschland\/consent-of-the-governed\/\">inneren Frieden<\/a>.<\/p>\n<p>Es ist im <a href=\"https:\/\/www.freiburg-schwarzwald.de\/blog\/global\/deutschland\/deutsche-interessen\/\">deutschen Interesse<\/a>, alles zu tun, um dieser sich anbahnenden Mangelwirtschaft zu begegnen. Dazu m\u00fcssen die Medien auch berichten und so ihre ihre Kontrollfunktion von Regierung und NGOs endlich wahrnehmen (siehe (1)). Dazu mu\u00df Berlin von Kriegs- auf Friedensrhetorik umschalten. Denn <a href=\"https:\/\/www.freiburg-schwarzwald.de\/blog\/business\/wirtschaft\/sanktionen\/\">Wirtschaftssanktionen<\/a> haben noch nie einen B\u00f6sewicht (z.B. Kuba, Iran) in Schranken gewiesen, <a href=\"https:\/\/www.freiburg-schwarzwald.de\/blog\/engagement\/zukunft\/krieg\/panzer\/\">Waffenlieferungen<\/a> in ein Kriegsgebiet haben noch nie einen Krieg verk\u00fcrzt.<\/p>\n<p>Die Tagung \u201e20 Jahre Energiewende \u2013 Wissenschaftler ziehen Bilanz\u201c an der Universit\u00e4t Stuttgart am 8.\/9.7.2002 unterbreitet fundierte Vorschl\u00e4ge zur Beendigung dieser von der Berliner Regierung zu verantwortende Energiemangelwirtschaft. Siehe dazu auch die <a href=\"https:\/\/www.freiburg-schwarzwald.de\/blog\/energie\/akw\/atomausstieg\/\">Stuttgarter Erkla\u0308rung<\/a> \u201eAufhebung der Atomausstiegs-Paragraphen\u201c. Doch hier\u00fcber berichten die deutschen Leitmedien mitsamt dem \u00d6R kaum. &#8222;Gegen\u00fcber diesem Wissen haben ARD und ZDF eine Art <em><strong>antirealistischen Schutzwall<\/strong><\/em> errichtet&#8220; &#8211; so Michael Klonovsky (siehe (2)).<br \/>\n31.7.2022<br \/>\n.<\/p>\n<p><strong>(1) \u00dcber den Klimaleugnungsverdacht, die Narrativbastelstube des Tagesspiegel, die rechte Realit\u00e4t \u2013 und die Zukunft der Medien<\/strong><br \/>\nNaturwissenschaftler k\u00f6nnen heute schnell in Verdacht geraten. Selbst, wenn sie sich mit Energiespeicherung oder Zackenbarschen befassen. Aus Sicht des journalistischen W\u00e4chterrats gibt es keine harmlosen Themen mehr. Sondern nur Unterst\u00fctzer der richtigen Sache \u2013 oder Leugner<br \/>\nAm 8. und 9. Juli 2022 fand an der Universit\u00e4t Stuttgart die Tagung \u201e20 Jahre Energiewende \u2013 Wissenschaftler ziehen Bilanz\u201c statt.<br \/>\nIch geh\u00f6rte zu den Teilnehmern, dies gleich vorab, selbstverst\u00e4ndlich nicht als Wissenschaftler, der ich nicht bin, sondern als Autor und Journalist; ich steuerte einen kurzen Vortrag zur \u00f6ffentlichen Wahrnehmung der Energiewende bei und diskutierte in der abendlichen Podiumsrunde mit.<br \/>\nAngesichts der Tagungsteilnehmer fiel beides in den Bereich der wirklich kleinen Fu\u00dfnoten. Im Internationalen Begegnungszentrum der Universit\u00e4t referierten unter anderen der d\u00e4nische Politikwissenschaftler, Statistiker und Autor Bj\u00f8rn Lomborg, Verfasser unter anderem von \u201eThe Sceptical Environmentalist\u201c (deutsch: \u201eApocalypse No!\u201c) und \u201eFalse Alarm. How Climate Change Panic Costs US Trillions, Hurts Poor People And Fails To Fix The Planet\u201c \u00fcber effizienten Klimaschutz, der Professor f\u00fcr Energieverfahrenstechnik Michael Beckmann, TU Dresden, \u00fcber Plan und Realit\u00e4t der deutschen Energiewende, vor allem in der Speichertechnik, der Elektrotechnik-Professor Harald Schwarz \u00fcber Netzstabilit\u00e4t, der fr\u00fchere Innogy-Vorstandsvorsitzende und Buchautor Fritz Vahrenholt \u00fcber die Folgen der aktuellen Gasknappheit f\u00fcr die Wirtschaft, um nur eine kleine Auswahl zu nennen.<br \/>\nDer Organisator der Tagung Andr\u00e9 Thess leitet das Institut f\u00fcr Geb\u00e4udeenergetik, Thermotechnik und Energiespeicherung an der Universit\u00e4t Stuttgart.<br \/>\nDie Tagung selbst z\u00e4hlte sicherlich zu den interessantesten Veranstaltungen, die sich in letzter Zeit mit der spezifisch deutschen Energiewende besch\u00e4ftigten, also dem nicht so sehr von Wissenschaftlern, aber von vielen Politikern und Journalisten unterst\u00fctzten Experiment, gleichzeitig aus Atomkraft, Kohle und neuerdings, wenn auch nicht ganz freiwillig, aus Gas auszusteigen und trotzdem Industrieland zu bleiben. \u00dcber den Stand dieses Gro\u00dfprojekts konnten die Tagungsteilnehmer wechselseitig viel erfahren. Noch mehr l\u00e4sst sich allerdings aus dem Niederschlag dieser Tagung in den deutschen Medien lernen. Zwar nicht so sehr \u00fcber die Tagung und ihr Thema, daf\u00fcr aber \u00fcber den Zustand der \u00d6ffentlichkeit in diesem Land im Allgemeinen und der Wissenschaftsberichterstattung im Speziellen.<br \/>\nUngef\u00e4hr zeitgleich mit der Tagung in Stuttgart fand an der Humboldt-Universit\u00e4t in Berlin der Vortrag einer Biologie-Doktorandin \u00fcber den Unterschied zwischen biologischem Geschlechtsbegriff und Geschlechterrollen erst nicht statt \u2013 und dann unter sehr besonderen Bedingungen und Sicherheitsvorkehrungen doch.<br \/>\nBeides, die Veranstaltung in Stuttgart und das nachgeholte Referat in Berlin und die jeweilige Medienreaktion darauf l\u00e4sst sich vielleicht so zusammenfassen: Das Verh\u00e4ltnis zwischen Wissenschaft und Presse wird in Follow the Science-Land gerade neu ausgehandelt. Im S\u00fcdwesten ging es im Kern um den Energieerhaltungssatz, weiter oben Unter den Linden um die Feststellung, dass nur zwei biologische Geschlechter existieren. Vor zehn Jahren h\u00e4tte vermutlich niemand darauf getippt, dass beide Feststellungen zu schweren Verwerfungen in den Redaktionen gro\u00dfer Medien f\u00fchren k\u00f6nnen.<br \/>\nAndererseits: Auf welche real existierenden Entwicklungen des Jahres 2022 h\u00e4tte jemand im Jahr 2012 \u00fcberhaupt getippt?<br \/>\n&#8230;. Alles vom 23.7.2022 von Alexander Wendt bitte lesen auf<br \/>\n<a href=\"https:\/\/www.publicomag.com\/2022\/07\/ueber-den-klimaleugnungsverdacht-die-narrativbastelstube-des-tagesspiegel-die-rechte-realitaet-und-die-zukunft-der-medien\/\">https:\/\/www.publicomag.com\/2022\/07\/ueber-den-klimaleugnungsverdacht-die-narrativbastelstube-des-tagesspiegel-die-rechte-realitaet-und-die-zukunft-der-medien\/<\/a><\/p>\n<p>&nbsp;<\/p>\n<p><strong>(2) Alexander Wendt: &#8222;Antirealistischer Schutzwall von ARD und ZDF&#8220;<\/strong><br \/>\nAlexander Wendt, der f\u00fcr das Image des deutschen Journalismus mehr tut als ganze Redaktionen, notiert auf seiner Facebookseite:<br \/>\n\u201eAm Wochenende auf der Tagung: \u201920 Jahre Energiewende\u2019 in Stuttgart, einer Veranstaltung, auf der Wissenschaftler eine Art Bilanz der Energie-Transformation der letzten zwei Jahrzehnte aufstellten. Und das au\u00dferordentlich sachlich und faktenunterf\u00fcttert. Organisator der Tagung war Professor Andr\u00e9 Thess vom Lehrstuhl f\u00fcr Energiespeicherung an der Universit\u00e4t Stuttgart; zu den Referenten geh\u00f6rten: der \u00d6konom Bj\u00f6rn Lomborg (\u00fcber die Effizienz von Klimapolitik), Professor Michael Beckmann (TU Dresden), \u00fcber Plan und Realit\u00e4t in der deutschen Energiepolitik, Professor Harald Schwarz (Brandenburgische Technische Universit\u00e4t Cottbus) \u00fcber Netzstabilit\u00e4t, Anna Veronika Wendland \u00fcber die deutsche Kernenergie-Debatte und Fritz Vahrenholt \u00fcber die Folgen der Energiekrise f\u00fcr Industrie und Gesellschaft (nur eine Auswahl aus der Referentenliste der zwei Tage).<br \/>\nIch (als Journalist, der das Thema seit 2012 verfolgt \u2013 in einem Buch und dutzenden Beitr\u00e4gen) konnte einen kleinen Vortrag zu Energiewende und Medienberichterstattung beisteuern und am Samstag in der Podiumsrunde mit der Ex-Gr\u00fcnenpolitikerin Antje Hermenau, Anna Veronika Wendland und Fritz Vahrenholt zum Thema Gesellschaftstransformation und Demokratie diskutieren.<br \/>\nAuf dem Kongress kam mir der Gedanke: Erstens, keiner der sehr fachkundigen und eloquenten Fachwissenschaftler h\u00e4tte vermutlich eine Chance, zu Will oder Maischberger eingeladen oder in den Tagesthemen zur Energiewende interviewt zu werden. Aber was w\u00e4re, wenn diese Demarkationslinie rund um die \u00f6ffentlich-rechtlichen Medien auch nur an einer Stelle durchbrochen w\u00fcrde? Vielleicht von Markus Lanz? Man darf ja noch Szenarien entwickeln, auch wenn ihre Wahrscheinlichkeit gering ist.<\/p>\n<p>Das <a href=\"https:\/\/www.freiburg-schwarzwald.de\/blog\/bildung\/wissenschaft\/\">Wissen<\/a> \u00fcber die Energie-Realit\u00e4t in Deutschland gibt es an Universit\u00e4ten, Hochschulen und in vielen mittelst\u00e4ndischen Unternehmen in konzentrierter Form. Gegen\u00fcber diesem Wissen haben ARD und ZDF eine Art antirealistischen Schutzwall errichtet. Aber solche Konstruktionen, das zeigt der Blick in die j\u00fcngere Geschichte, halten eben doch manchmal nicht so lange, wie ihre Konstrukteure glauben.\u201d<\/p>\n<p>Der \u201eantirealistische Schutzwall\u201d trennt nicht nur den Staatsfunk von der unerfreulichen Wirklichkeit, sondern auch den nahezu gesamten Rest der Branche; von einem Interview mit zwei der Referenten in der Welt abgesehen, nahm jedenfalls kein Medium Notiz von der Konferenz.<br \/>\n&#8230; Alles vom 21.7.2022 bitte lesen auf<br \/>\n<a href=\"https:\/\/www.klonovsky.de\/2022\/07\/21-juli-2022\/\">https:\/\/www.klonovsky.de\/2022\/07\/21-juli-2022\/<\/a><\/p>\n","protected":false},"excerpt":{"rendered":"<p>&#8222;Egal, ob es um die Energieerzeugung, ihre Speicherung, den Netzausbau oder die Frage der Bezahlbarkeit geht \u2013 zwischen der Vorstellung in der Politik und den begleitenden Erz\u00e4hlungen in vielen Medien einerseits und der Wirklichkeit klafft eine L\u00fccke, die sich auch &hellip; <a href=\"https:\/\/www.freiburg-schwarzwald.de\/blog\/antirealistischer-schutzwall\/\">Weiterlesen <span class=\"meta-nav\">&rarr;<\/span><\/a><\/p>\n","protected":false},"author":2,"featured_media":0,"comment_status":"open","ping_status":"closed","sticky":false,"template":"","format":"standard","meta":{"footnotes":""},"categories":[18,4,5,135,162,80,172],"tags":[239,667,720,745,762],"class_list":["post-102988","post","type-post","status-publish","format-standard","hentry","category-bildung","category-branchen","category-energie","category-energiepolitik","category-internet","category-medien","category-zukunft","tag-energiesparen","tag-krieg","tag-medien","tag-wirtschaft","tag-wissen"],"_links":{"self":[{"href":"https:\/\/www.freiburg-schwarzwald.de\/blog\/wp-json\/wp\/v2\/posts\/102988","targetHints":{"allow":["GET"]}}],"collection":[{"href":"https:\/\/www.freiburg-schwarzwald.de\/blog\/wp-json\/wp\/v2\/posts"}],"about":[{"href":"https:\/\/www.freiburg-schwarzwald.de\/blog\/wp-json\/wp\/v2\/types\/post"}],"author":[{"embeddable":true,"href":"https:\/\/www.freiburg-schwarzwald.de\/blog\/wp-json\/wp\/v2\/users\/2"}],"replies":[{"embeddable":true,"href":"https:\/\/www.freiburg-schwarzwald.de\/blog\/wp-json\/wp\/v2\/comments?post=102988"}],"version-history":[{"count":1,"href":"https:\/\/www.freiburg-schwarzwald.de\/blog\/wp-json\/wp\/v2\/posts\/102988\/revisions"}],"predecessor-version":[{"id":102989,"href":"https:\/\/www.freiburg-schwarzwald.de\/blog\/wp-json\/wp\/v2\/posts\/102988\/revisions\/102989"}],"wp:attachment":[{"href":"https:\/\/www.freiburg-schwarzwald.de\/blog\/wp-json\/wp\/v2\/media?parent=102988"}],"wp:term":[{"taxonomy":"category","embeddable":true,"href":"https:\/\/www.freiburg-schwarzwald.de\/blog\/wp-json\/wp\/v2\/categories?post=102988"},{"taxonomy":"post_tag","embeddable":true,"href":"https:\/\/www.freiburg-schwarzwald.de\/blog\/wp-json\/wp\/v2\/tags?post=102988"}],"curies":[{"name":"wp","href":"https:\/\/api.w.org\/{rel}","templated":true}]}}