{"id":102949,"date":"2022-07-30T21:21:25","date_gmt":"2022-07-30T19:21:25","guid":{"rendered":"https:\/\/www.freiburg-schwarzwald.de\/blog\/?p=102949"},"modified":"2022-08-02T17:34:18","modified_gmt":"2022-08-02T15:34:18","slug":"weniger-zuege-aber-puenktlicher","status":"publish","type":"post","link":"https:\/\/www.freiburg-schwarzwald.de\/blog\/weniger-zuege-aber-puenktlicher\/","title":{"rendered":"Weniger Z\u00fcge, aber p\u00fcnktlicher"},"content":{"rendered":"<p>Ohne <a href=\"https:\/\/www.freiburg-schwarzwald.de\/blog\/zugausfall-reparatur-als-grund\/\">Zuverl\u00e4ssigkeit<\/a> (p\u00fcnktliche <a href=\"https:\/\/www.freiburg-schwarzwald.de\/blog\/regio\/verkehr\/eisenbahn\/\">Bahnen<\/a> ohne Zugausf\u00e4lle) taugt ein <a href=\"https:\/\/www.freiburg-schwarzwald.de\/blog\/regio\/verkehr\/oepnv\/\">\u00d6PNV<\/a> nicht als \u00d6PNV. Da helfen weder Klimaanlage, luxuri\u00f6ser WC noch <a href=\"https:\/\/www.freiburg-schwarzwald.de\/blog\/regio\/verkehr\/eisenbahn\/piep\/\">Warn-Piep-Piep<\/a>. Seit 2 Jahren schafft es die <a href=\"https:\/\/www.freiburg-schwarzwald.de\/blog\/regio\/verkehr\/eisenbahn\/\">DB<\/a> nicht, einen zuverl\u00e4ssigen Bahnbetrieb aufrecht zu erhalten. Es fehlt an allem: <a href=\"https:\/\/www.freiburg-schwarzwald.de\/blog\/bildung\/duale-bildung\/facharbeiter\/\">Personal<\/a>, robuste <a href=\"https:\/\/www.freiburg-schwarzwald.de\/blog\/business\/industrie\/mikrosystemtechnik\/\">Technik<\/a> der neuen Z\u00fcge, <a href=\"https:\/\/www.freiburg-schwarzwald.de\/blog\/wissen-ist-keine-bringschuld\/\">Knowhow<\/a> zu Reparatur und Wartung.<!--more--> Dazu kommen einspurige Gleisabschnitte, die keine Versp\u00e4tungen auffangen k\u00f6nnen. Deshalb bleiben nur zwei M\u00f6glichkeiten:<br \/>\nEntweder die drei Bahnen der <a href=\"https:\/\/www.freiburg-schwarzwald.de\/blog\/regio\/verkehr\/eisenbahn\/breisgau-s-bahn\/\">Breisgau-S-Bahn<\/a> auf Schienenersatzverkehr mit Bussen umstellen.<br \/>\nOder aber den auch auf der <a href=\"https:\/\/www.freiburg-schwarzwald.de\/blog\/regio\/verkehr\/eisenbahn\/hoellentalbahn\/\">H\u00f6llentalbahn<\/a> bestehenden <em><strong>20-Minuten-Takt (drei ab und zu fahrende Z\u00fcge je Stunde) durch einen Halbstunden-Takt (zwei p\u00fcnktliche Z\u00fcge je Stunde) ersetzen.<\/strong><\/em><br \/>\nNur dann k\u00f6nnen die berufst\u00e4tigen Pendler und Sch\u00fcler den \u00d6PNV einplanen und zufrieden nutzen.<\/p>\n<p>Folgender Umstand vermittelt den Eindruck, da\u00df die Bahnverwaltung an einer Verbesserung des Desasters \u00fcberhaupt nicht interessiert ist: Die tagt\u00e4glich zigfachen Lautsprecherdurchsagen (Versp\u00e4tung 5 min, Versp\u00e4tung \u00fcber 5 min mit Begr\u00fcndung sowie Entschuldigung, Zugausfall mit Entschuldigung) werden automatisch aufgezeichnet. Die Bahn weigert sich nach wie vor, diese Protokolle zu ver\u00f6ffentlichen &#8211; eine Ver\u00f6ffentlichung an nur einem Bahnhof wie z.B. FR-Littenweiler w\u00fcrde gen\u00fcgen. Nur so gelang es dem Management der <a href=\"https:\/\/www.freiburg-schwarzwald.de\/blog\/breisgau-s-bahn-vertrauen-weg\/\">Breisgau-S-Bahn<\/a> bis heute, das wahre katastrophale Ausma\u00df der Unzuverl\u00e4ssigkeit verheimlichen zu k\u00f6nnen.<br \/>\nFazit: Schlu\u00df mit den billigen Ausreden (Corona, Ukrainekrieg, Klimawandel). Stattdessen alle Fakten auf den Tisch und Verantwortung \u00fcbernehmen.<br \/>\n29.7.2022<\/p>\n<p><strong>Breisgau-S-Bahn: Es ist ein st\u00e4ndiges Auf und Ab<\/strong><br \/>\nDiese Punkte zur Verbesserung der Breisgau-S-Bahn sind noch nicht erf\u00fcllt<br \/>\nDer Zweckverband Regio-Nahverkehr Freiburg ist nach wie vor unzufrieden mit dem Bahnverkehr auf der Ost-West-Achse der Breisgau-S-Bahn. Darum wird jetzt eine Unterschrift zun\u00e4chst verweigert.<br \/>\nAuf der Ost-West-Achse der Breisgau-S-Bahn gibt es weiter Probleme. Das wurde in der Versammlung des Zweckverbands Regio-Nahverkehr Freiburg (ZRF) von vielen Seiten betont. Zwar wurde durch das im Februar angek\u00fcndigte Acht-Punkte-Sofortprogramm einiges besser, doch zufriedenstellend sei die Situation nicht. Daher will die Region mit einer Unterschrift warten, die den grunds\u00e4tzlichen Ausbau der Breisgau-S-Bahn in den kommenden Jahren formal best\u00e4tigen sollte. Zun\u00e4chst m\u00fcssten die jetzigen Probleme gel\u00f6st werden.<br \/>\nWas l\u00e4uft bereits besser?<br \/>\nEine Hauptkritik der Vergangenheit war das Weglassen der Halte an der Uniklinik in Freiburg und am Bahnhof in Eichstetten. Um fehlende Zeit gut zu machen oder Anschl\u00fcsse zu erreichen, fuhren die Z\u00fcge an Wartenden vorbei. Dies ist aus Sicht des ZRF deutlich besser geworden. Wenn Menschen an den Halten Freiburg\/Messe, Landwasser und Hugstetten dennoch stehen gelassen werden, k\u00f6nnten sie ein Taxi nehmen und sich die Kosten vom Land erstatten lassen, das wiederum das Geld von der Bahn durch geleistete Strafzahlungen hole, was funktioniere.<br \/>\nWas l\u00e4uft weiter schlecht?<br \/>\nGottenheim ist ein wichtiger Umsteigebahnhof. Doch die Z\u00fcge warteten nicht aufeinander und fuhren teilweise den Menschen direkt vor der Nase weg. Zwischen Januar und Mitte April setzte die Bahn zus\u00e4tzliches Personal ein, sogenannte Anschlusssicherer, die Z\u00fcge auch zur\u00fcckhalten konnten, um so einen Umstieg zu erm\u00f6glichen. Damals habe sich die Situation gebessert. Doch seit diese Anschlusssicherer abgezogen wurden, hat sich diese laut ZRF &#8222;deutlich verschlechtert&#8220;, wie es in der Beratungsvorlage hei\u00dft. Es sei in erster Linie ein Kommunikations- und Schulungsproblem der Lokf\u00fchrer, das die Bahn beheben m\u00fcsse.<br \/>\nDer ZRF hatte auch Daten gefordert, die zeigen sollen, wie zuverl\u00e4ssig die Bahn und die SWEG auf den Strecken unterwegs sind. Mittlerweile gebe es zwar w\u00f6chentliche Berichte, doch diese seien nicht auf einzelne Strecken heruntergebrochen. Au\u00dferdem gab es die Forderung, auch der \u00d6ffentlichkeit diese Daten zur Verf\u00fcgung zu stellen. Dies sei bisher gar nicht erfolgt.<br \/>\nDossier: Alles zur Breisgau-S-Bahn<br \/>\n<a href=\"https:\/\/www.badische-zeitung.de\/breisgau-s-bahn-x3x\">https:\/\/www.badische-zeitung.de\/breisgau-s-bahn-x3x<\/a><\/p>\n<p>Was soll sich zeitnah verbessern?<br \/>\nEin weiteres gro\u00dfes \u00c4rgernis ist die fehlende Information an den Bahnsteigen bei Ausf\u00e4llen oder Versp\u00e4tungen \u2013 oder die teilweise widerspr\u00fcchlichen Informationen von App, Durchsage im Zug und Bahnhofsanzeige. Die Bahn habe zugesagt, in der Leitstelle sogenannte Fahrgastinformationsmanager einzusetzen. Sie sollen sich ausschlie\u00dflich um die korrekte Information der Fahrg\u00e4ste bei Problemen k\u00fcmmern. Zum 1. August sollen sie ihren Dienst antreten. Unklar sei zum jetzigen Zeitpunkt, wann die neuen Anzeigetafeln an den Bahnsteigen kommen, wodurch die Fahrg\u00e4ste besser informiert werden sollen. Hier gibt es laut ZRF noch technische und finanzielle Fragen zwischen Land und Bahn zu kl\u00e4ren.<br \/>\nZuletzt gab es auch immer wieder Kritik an zu kurzen Z\u00fcgen \u2013 auch im Zusammenhang mit gr\u00f6\u00dferen Veranstaltungen. Zahlreiche Fahrzeuge befanden sich zudem zur Reparatur in der Werkstatt und konnten gar nicht eingesetzt werden. Laut dem ZRF-Verbandsvorsitzenden, Emmendinges Landrat Hanno Hurth, zeichnet sich aber zum Fahrplanwechsel im Dezember 2022 eine Verbesserung ab. Dann sollen seinen Informationen nach mehr Kapazit\u00e4ten auf nachfragestarken Strecken eingesetzt werden.<\/p>\n<p>Wie lautet das derzeitige Fazit?<br \/>\nGerade am vergangenen Montag gab es auf der Steilstrecke der H\u00f6llentalbahn zwischen den Bahnh\u00f6fen Himmelreich und Hinterzarten kurz nach Mittag wieder eine mehrst\u00fcndige Komplettsperrung, weil ein Fahrzeug liegen blieb, wie ZRF-Gesch\u00e4ftsf\u00fchrer Uwe Schade best\u00e4tigte. Zur Verbandsversammlung am Mittwoch kam ein Mitglied zu sp\u00e4t, weil der Zug nicht rechtzeitig am Bahnhof eintraf. Auch der Badischen Zeitung werden immer wieder kleinere und gr\u00f6\u00dfere Probleme auf der Ost-West-Achse gemeldet.<br \/>\n&#8222;Der Betrieb ist alles andere als zufriedenstellend. Es ist ein st\u00e4ndiges Auf und Ab, und das ist nicht akzeptabel&#8220;, sagte Schade. Er registriert in letzter Zeit auch eine deutlich h\u00f6here Ausfallquote der neuen Elektrofahrzeuge im Vergleich zu den alten Doppelstockwagen.<\/p>\n<p>Warum wird nicht unterschrieben?<br \/>\nDie Beteiligten sind sich einig, dass der \u00d6ffentliche Nahverkehr weiter ausgebaut werden muss, um zum einen die aktuellen Probleme zu l\u00f6sen und zum anderen die ambitionierten Ziele der Landesregierung \u2013 15-Minuten Takt, Verdopplung der Fahrg\u00e4ste im \u00d6PNV \u2013 zu erreichen. Dies k\u00f6nnte durch den Bau von mehr zweigleisigen Abschnitten geschehen. Denn die vielen eingleisigen Streckenpassagen auf der Ost-West-Achse sind einer der Hauptgr\u00fcnde daf\u00fcr, dass der Zeitplan nicht eingehalten werden kann und es zu Ausf\u00e4llen und Versp\u00e4tungen kommt. Daher fordern beispielsweise die Gr\u00fcnen in der Region entsprechende Investitionen.<br \/>\nAu\u00dferdem steht der Ausbau der Schienenverbindung zwischen Freiburg und Colmar im Raum. Da all das auch noch mit dem Ausbau der Rheintalbahn zusammenh\u00e4ngt, soll sich eine Zukunftskommission Breisgau-S-Bahn 2030 Gedanken machen, wie man das koordiniert und finanziert bekommt. Damit das formal festgehalten wird, m\u00fcssen die Landkreise und die Stadt Freiburg eine Gr\u00fcndungserkl\u00e4rung unterschreiben.<\/p>\n<p>Doch der ZRF will dies erst machen, wenn die Vorgaben des Acht-Punkte-Sofortprogramms in wesentlichen Teilen umgesetzt sind \u2013 Hurth nannte auf Nachfrage etwas vage zwei Drittel. Zwar habe man Verst\u00e4ndnis f\u00fcr die aktuelle Corona-Lage, die zu vielen Personalausf\u00e4llen f\u00fchre. Das Gremium war sich aber bei drei Enthaltungen weitgehend einig, dass es ein falsches Signal an die \u00d6ffentlichkeit sende, wenn man jetzt \u00fcber die n\u00e4chsten Ausbauschritte nachdenke, wenn es im bestehenden System noch viele Probleme gebe. Au\u00dferdem wolle man abwarten, bis der Angebotszeitraum des Neun-Euro-Tickets im September ende. Die bereits tagenden Arbeitsgruppen sollten ihre Arbeit aber fortsetzen.<br \/>\n&#8230; Alles vom 29.7.2022 von Max Schuler bitte lesen auf<br \/>\n<a href=\"https:\/\/www.badische-zeitung.de\/es-ist-ein-staendiges-auf-und-ab--215544299.html\">https:\/\/www.badische-zeitung.de\/es-ist-ein-staendiges-auf-und-ab&#8211;215544299.html<\/a><\/p>\n<p>Kommentare:<br \/>\n<strong>Sind da nur noch Idioten am Werk?<\/strong><br \/>\n&#8222;Dies k\u00f6nnte durch den Bau von mehr zweigleisigen Abschnitten geschehen. Denn die vielen eingleisigen Streckenpassagen auf der Ost-West-Achse sind einer der Hauptgr\u00fcnde daf\u00fcr, dass der Zeitplan nicht eingehalten werden kann &#8230;&#8220;<br \/>\nDeshalb hat man wohl die Strecke Freiburg-Breisach erstmal eingleisig neu gebaut, obwohl damals ja schon zweigleisig geplant war. Sind da nur noch Idioten am Werk?<br \/>\n29.7.2022, K.H.<\/p>\n<p><strong>Zweigleisig mu\u00df sein!<\/strong><br \/>\nDa waren Kostensparer am Werk. F\u00fcr mehr hat das Geld nicht gereicht.<br \/>\nOhne mehr zweigleisige Abschnitte wird es immer wieder einzelne Ausf\u00e4lle geben.<br \/>\n29.7.202, St.Z.<br \/>\nEnde Kommentare<\/p>\n<p>.<\/p>\n<p><strong>Kein Zug wird kommen<\/strong><br \/>\nKrankenstand verursacht viele Ausf\u00e4lle in S\u00fcdbaden \/ Bahn bittet um Nachsicht \/<br \/>\n&#8230;.<br \/>\nAm Montag vergangene Woche berichteten Fahrg\u00e4ste von einem zwei Stunden in Hinterzarten festsitzenden Zug, am Dienstag Vormittag von einem kurzfristig wegen Personalerkrankung ausgefallenen Zug von Freiburg in den Schwarzwald. &#8230;<br \/>\nHinzu kommen technische St\u00f6rungen \u2013 beim in Hinterzarten liegen gebliebenen Zug habe es sich zum Beispiel um eine Bremsst\u00f6rung gehandelt. &#8222;Die andauernde Hitze macht den Fahrzeugen auch zu schaffen&#8220;, sagt sie.<br \/>\n&#8230;. Alles vom 2.8.2022 bitte lesen auf<br \/>\n<a href=\"https:\/\/www.badische-zeitung.de\/kein-zug-wird-kommen--215677313.html\">https:\/\/www.badische-zeitung.de\/kein-zug-wird-kommen&#8211;215677313.html<\/a><\/p>\n<p>&nbsp;<\/p>\n","protected":false},"excerpt":{"rendered":"<p>Ohne Zuverl\u00e4ssigkeit (p\u00fcnktliche Bahnen ohne Zugausf\u00e4lle) taugt ein \u00d6PNV nicht als \u00d6PNV. Da helfen weder Klimaanlage, luxuri\u00f6ser WC noch Warn-Piep-Piep. Seit 2 Jahren schafft es die DB nicht, einen zuverl\u00e4ssigen Bahnbetrieb aufrecht zu erhalten. Es fehlt an allem: Personal, robuste &hellip; <a href=\"https:\/\/www.freiburg-schwarzwald.de\/blog\/weniger-zuege-aber-puenktlicher\/\">Weiterlesen <span class=\"meta-nav\">&rarr;<\/span><\/a><\/p>\n","protected":false},"author":2,"featured_media":0,"comment_status":"open","ping_status":"closed","sticky":false,"template":"","format":"standard","meta":{"footnotes":""},"categories":[21,49,180,11],"tags":[787,726,510,334,762],"class_list":["post-102949","post","type-post","status-publish","format-standard","hentry","category-dienste","category-freiburg","category-hochschwarzwald","category-regio","tag-infra","tag-oeffentlicher-raum","tag-opnv","tag-strasse","tag-wissen"],"_links":{"self":[{"href":"https:\/\/www.freiburg-schwarzwald.de\/blog\/wp-json\/wp\/v2\/posts\/102949","targetHints":{"allow":["GET"]}}],"collection":[{"href":"https:\/\/www.freiburg-schwarzwald.de\/blog\/wp-json\/wp\/v2\/posts"}],"about":[{"href":"https:\/\/www.freiburg-schwarzwald.de\/blog\/wp-json\/wp\/v2\/types\/post"}],"author":[{"embeddable":true,"href":"https:\/\/www.freiburg-schwarzwald.de\/blog\/wp-json\/wp\/v2\/users\/2"}],"replies":[{"embeddable":true,"href":"https:\/\/www.freiburg-schwarzwald.de\/blog\/wp-json\/wp\/v2\/comments?post=102949"}],"version-history":[{"count":3,"href":"https:\/\/www.freiburg-schwarzwald.de\/blog\/wp-json\/wp\/v2\/posts\/102949\/revisions"}],"predecessor-version":[{"id":103049,"href":"https:\/\/www.freiburg-schwarzwald.de\/blog\/wp-json\/wp\/v2\/posts\/102949\/revisions\/103049"}],"wp:attachment":[{"href":"https:\/\/www.freiburg-schwarzwald.de\/blog\/wp-json\/wp\/v2\/media?parent=102949"}],"wp:term":[{"taxonomy":"category","embeddable":true,"href":"https:\/\/www.freiburg-schwarzwald.de\/blog\/wp-json\/wp\/v2\/categories?post=102949"},{"taxonomy":"post_tag","embeddable":true,"href":"https:\/\/www.freiburg-schwarzwald.de\/blog\/wp-json\/wp\/v2\/tags?post=102949"}],"curies":[{"name":"wp","href":"https:\/\/api.w.org\/{rel}","templated":true}]}}