{"id":10287,"date":"2012-09-01T20:44:22","date_gmt":"2012-09-01T18:44:22","guid":{"rendered":"https:\/\/www.freiburg-schwarzwald.de\/blog\/?p=10287"},"modified":"2012-09-02T12:30:29","modified_gmt":"2012-09-02T10:30:29","slug":"gestufter-strompreis-statt-sozialtarif","status":"publish","type":"post","link":"https:\/\/www.freiburg-schwarzwald.de\/blog\/gestufter-strompreis-statt-sozialtarif\/","title":{"rendered":"Gestufter Strompreis statt Sozialtarif"},"content":{"rendered":"<p>Das Problem der Geringverdiener ist einfach zu l\u00f6sen: Statt eines Sozialtarifs, der <a title=\"Sparsamkeit\" href=\"https:\/\/www.freiburg-schwarzwald.de\/blog\/engagement\/sparsamkeit\/\">Sparen<\/a> von billigem <a title=\"Strom\" href=\"https:\/\/www.freiburg-schwarzwald.de\/blog\/energie\/strom\/\">Strom<\/a> nicht belohnt, brauchen wir einen gestuften Strompreis, in dem eine Grundversorgung zu einem g\u00fcnstigen Preis berechnet wird. Ein dar\u00fcber hinaus gehender Verbrauch w\u00e4re dann umso teurer. Meine Stromrechnung im Ferienhaus in Kalifornien ist so strukturiert: 13 Dollar-Cent\/Kilowattstunde f\u00fcr den Grundverbrauch, 29 Cent\/Kilowattstunde f\u00fcr bis zu 200 Prozent des Grundverbrauchs und noch erheblich mehr f\u00fcr Haushalte mit Gro\u00dfverbrauch.<!--more--><\/p>\n<p>Die Zukunft der Solarindustrie wird aufregend:\u00a0\u00a0Deutsche Unternehmen erkennen nicht immer das Potenzial der Photovoltaik.<br \/>\nAlles von Eicke R. Weber, Direktor des Fraunhofer-Instituts f\u00fcr Solare Energiesysteme in Freiburg<br \/>\n<a href=\"https:\/\/www.badische-zeitung.de\/die-zukunft-der-solarindustrie-wird-aufregend\">https:\/\/www.badische-zeitung.de\/die-zukunft-der-solarindustrie-wird-aufregend<\/a><\/p>\n<p><strong><br \/>\nStrompreis heute &#8222;ehrlicher&#8220; als fr\u00fcher<br \/>\n<\/strong><br \/>\n(1) Der Strompreis wird im Zuge der Energiewende zun\u00e4chst einige Jahre weiter steigen, dann aber sinken und gro\u00dfe Wettbewerbsvorteile bringen.<br \/>\n(2) Heute ist das Ansteigen der Strompreise\u00a0\u00fcber die EEG-Umlage\u00a0sichtbar. Fr\u00fcher wurden F\u00f6rderprogramme Subventionen f\u00fcr Kohle und vor allem f\u00fcr Atomkraft vom Steuerzahler getrennt bezahlt. Auch die k\u00fcnftig zu erwartenden hohen Kosten der Entsorgung von AKWs wird nicht in den Strompreis eingerechnet.<br \/>\n(3) Landwirtschaft dient prim\u00e4r der Ern\u00e4hrungssicherung, nicht aber der Enetrgieerzeugung. Ausnahme: Abfallbiomasse zur Erzeugung von W\u00e4rem und Strom.<\/p>\n","protected":false},"excerpt":{"rendered":"<p>Das Problem der Geringverdiener ist einfach zu l\u00f6sen: Statt eines Sozialtarifs, der Sparen von billigem Strom nicht belohnt, brauchen wir einen gestuften Strompreis, in dem eine Grundversorgung zu einem g\u00fcnstigen Preis berechnet wird. Ein dar\u00fcber hinaus gehender Verbrauch w\u00e4re dann &hellip; <a href=\"https:\/\/www.freiburg-schwarzwald.de\/blog\/gestufter-strompreis-statt-sozialtarif\/\">Weiterlesen <span class=\"meta-nav\">&rarr;<\/span><\/a><\/p>\n","protected":false},"author":4,"featured_media":0,"comment_status":"open","ping_status":"closed","sticky":false,"template":"","format":"standard","meta":{"footnotes":""},"categories":[173,132],"tags":[239],"class_list":["post-10287","post","type-post","status-publish","format-standard","hentry","category-sparsamkeit","category-strom","tag-energiesparen"],"_links":{"self":[{"href":"https:\/\/www.freiburg-schwarzwald.de\/blog\/wp-json\/wp\/v2\/posts\/10287","targetHints":{"allow":["GET"]}}],"collection":[{"href":"https:\/\/www.freiburg-schwarzwald.de\/blog\/wp-json\/wp\/v2\/posts"}],"about":[{"href":"https:\/\/www.freiburg-schwarzwald.de\/blog\/wp-json\/wp\/v2\/types\/post"}],"author":[{"embeddable":true,"href":"https:\/\/www.freiburg-schwarzwald.de\/blog\/wp-json\/wp\/v2\/users\/4"}],"replies":[{"embeddable":true,"href":"https:\/\/www.freiburg-schwarzwald.de\/blog\/wp-json\/wp\/v2\/comments?post=10287"}],"version-history":[{"count":0,"href":"https:\/\/www.freiburg-schwarzwald.de\/blog\/wp-json\/wp\/v2\/posts\/10287\/revisions"}],"wp:attachment":[{"href":"https:\/\/www.freiburg-schwarzwald.de\/blog\/wp-json\/wp\/v2\/media?parent=10287"}],"wp:term":[{"taxonomy":"category","embeddable":true,"href":"https:\/\/www.freiburg-schwarzwald.de\/blog\/wp-json\/wp\/v2\/categories?post=10287"},{"taxonomy":"post_tag","embeddable":true,"href":"https:\/\/www.freiburg-schwarzwald.de\/blog\/wp-json\/wp\/v2\/tags?post=10287"}],"curies":[{"name":"wp","href":"https:\/\/api.w.org\/{rel}","templated":true}]}}