{"id":102731,"date":"2022-07-19T15:54:50","date_gmt":"2022-07-19T13:54:50","guid":{"rendered":"https:\/\/www.freiburg-schwarzwald.de\/blog\/?p=102731"},"modified":"2022-07-22T14:49:50","modified_gmt":"2022-07-22T12:49:50","slug":"faeser-sozialproteste-illegitim","status":"publish","type":"post","link":"https:\/\/www.freiburg-schwarzwald.de\/blog\/faeser-sozialproteste-illegitim\/","title":{"rendered":"Faeser: Sozialproteste illegitim"},"content":{"rendered":"<p>Der <a href=\"https:\/\/www.freiburg-schwarzwald.de\/blog\/der-zusammenhalt-in-d-sinkt\/\">Zusammenhalt<\/a>, &#8222;<a href=\"https:\/\/www.freiburg-schwarzwald.de\/blog\/global\/deutschland\/consent-of-the-governed\/\">Consent of the Governed<\/a>&#8220; bzw. <a href=\"https:\/\/www.freiburg-schwarzwald.de\/blog\/engagement\/zukunft\/frieden\/\">innere Frieden<\/a> der Bundesrepublik basieren nicht auf der Identifizierung der B\u00fcrger mit <a href=\"https:\/\/www.freiburg-schwarzwald.de\/blog\/engagement\/zukunft\/demokratie\/nation\/\">Nation<\/a>, <a href=\"https:\/\/www.freiburg-schwarzwald.de\/blog\/engagement\/zukunft\/demokratie\/volk\/\">Volk<\/a> bzw. <a href=\"https:\/\/www.freiburg-schwarzwald.de\/blog\/global\/deutschland\/nationalstaat\/\">Staat<\/a>, sondern auf einem hohen <a href=\"https:\/\/www.freiburg-schwarzwald.de\/blog\/selbsthilfe\/soziales\/wohlstand\/\">Wohlstandsniveau<\/a> und Sicherheitsgef\u00fchl der <a href=\"https:\/\/www.freiburg-schwarzwald.de\/blog\/engagement\/zukunft\/demokratie\/ordnung\/\">inneren Ordnung<\/a>. Deshalb ist zu erwarten, da\u00df der ab Herbst 2022 eintretende <a href=\"https:\/\/www.freiburg-schwarzwald.de\/blog\/selbsthilfe\/soziales\/wohlstandsverlust\/\">Wohlstandsverlust<\/a> <!--more-->(<a href=\"https:\/\/www.freiburg-schwarzwald.de\/blog\/business\/dienste\/banken\/inflation\/\">Inflation<\/a>, <a href=\"https:\/\/www.freiburg-schwarzwald.de\/blog\/energie\/gas\/\">Energie<\/a>&#8211; und Lebensmittelpreise) zu gesellschaftliche Verwerfungen f\u00fchren wird, die vor allem die <a href=\"https:\/\/www.freiburg-schwarzwald.de\/blog\/selbsthilfe\/soziales\/armut\/\">\u00e4rmeren<\/a> &#8222;schon l\u00e4nger hier Wohnenden&#8220; (Merkel&#8217;s Umschreibung f\u00fcr &#8222;B\u00fcrger&#8220;) sowie die <a href=\"https:\/\/www.freiburg-schwarzwald.de\/blog\/global\/migration\/migration2020\/\">Migranten<\/a> zu <a href=\"https:\/\/www.freiburg-schwarzwald.de\/blog\/engagement\/buergerinitiativen\/sozialprotest\/\">Protestdemonstrationen<\/a> auf die Strasse treiben werden.<br \/>\n.<br \/>\nBundesinnenministerin <a href=\"https:\/\/www.freiburg-schwarzwald.de\/blog\/faeser-heimat-positiv-umdeuten\/\">Nancy Faeser<\/a> ahnt diese Proteste und verortet sie deshalb im voraus bei der politischen Rechten, kriminalisiert sie also prophylaktisch und droht ihnen mit Staatsgewalt: &#8222;\u201eNat\u00fcrlich besteht die Gefahr, dass diejenigen, die schon in der Coronazeit ihre Verachtung gegen die Demokratie herausgebr\u00fcllt haben und dabei oftmals Seite an Seite mit Rechtsextremisten unterwegs waren, die stark steigenden Preise als neues Mobilisierungsthema zu missbrauchen versuchen.&#8220; Faeser verwechselt die von ihr den B\u00fcrgern unterstellte &#8222;Verachtung der Demokratie&#8220; mit der gem\u00e4\u00df demokratischer Grundordnung zul\u00e4ssigen <a href=\"https:\/\/www.freiburg-schwarzwald.de\/blog\/kultur\/medien\/kritik\/\">Kritik<\/a> an der Regierungspolitik.<\/p>\n<p>Mit der Gleichsetzung der im Herbst und Winter zu erwartenden Protestierenden als Rechte, Rechtsradikale, Rechtsextreme bzw. <a href=\"https:\/\/www.freiburg-schwarzwald.de\/blog\/religion\/juden\/nazi\/\">Nazis<\/a> treibt die Bundesinnenministerin Nancy Faaeser<br \/>\nDie Partei &#8222;Die Linke&#8220; k\u00fcndigt einen &#8222;hei\u00dfen Herbst der Proteste&#8220; an. Sind deren Parteianh\u00e4nger nun laut Faeser ebenfalls pl\u00f6tzlich Rechte bzw. Nazis?<\/p>\n<p><a href=\"https:\/\/www.freiburg-schwarzwald.de\/blog\/wp-content\/uploads\/2022\/07\/proteste-gas-links220715.jpg\"><img loading=\"lazy\" decoding=\"async\" class=\"alignnone size-full wp-image-102807\" src=\"https:\/\/www.freiburg-schwarzwald.de\/blog\/wp-content\/uploads\/2022\/07\/proteste-gas-links220715.jpg\" alt=\"\" width=\"600\" height=\"509\" srcset=\"https:\/\/www.freiburg-schwarzwald.de\/blog\/wp-content\/uploads\/2022\/07\/proteste-gas-links220715.jpg 600w, https:\/\/www.freiburg-schwarzwald.de\/blog\/wp-content\/uploads\/2022\/07\/proteste-gas-links220715-180x153.jpg 180w\" sizes=\"auto, (max-width: 600px) 100vw, 600px\" \/><\/a><\/p>\n<p>Sie instrumentalisiert den Nationalsozialismus als den gro\u00dfen <a href=\"https:\/\/www.freiburg-schwarzwald.de\/blog\/engagement\/zukunft\/schuld\/\">Schuldkomplex<\/a> der Deutschen, um die B\u00fcrger einzusch\u00fcchtern und zu ver\u00e4ngstigen. Ihre Message lautet sinngem\u00e4\u00df: &#8222;Murrt nicht. Bleibt zuhause in euren kalten Wohnungen. Sonst werdet ihr als Nazis verfolgt.&#8220;<br \/>\n.<br \/>\nPrek\u00e4r Besch\u00e4ftigte, die die <a href=\"https:\/\/www.freiburg-schwarzwald.de\/blog\/energie\/gas\/\">Heizungsrechnung<\/a> nicht mehr bezahlen k\u00f6nnen, wie auch Migranten, die die gewohnten 22 Grad bei teils ge\u00f6ffneten Fenstern auf 17 Grad reduzieren m\u00fcssen, werden der Polizei bei ihren <a href=\"https:\/\/www.freiburg-schwarzwald.de\/blog\/engagement\/buergerinitiativen\/sozialprotest\/\">Protesten<\/a> im Herbst\/Winter 2022 heftig zusetzen. Da wird Nancy Faeser vergeblich nach den von ihr a priori prophezeiten <a href=\"https:\/\/www.freiburg-schwarzwald.de\/blog\/engagement\/zukunft\/demokratie\/rechts\/rechts-links\/\">Rechten<\/a> und <a href=\"https:\/\/www.freiburg-schwarzwald.de\/blog\/religion\/juden\/nazi\/\">Nazis<\/a> Ausschau halten m\u00fcssen.<br \/>\n.<br \/>\nIm Rechtsstaat d\u00fcrfen keine vorzeitigen Verd\u00e4chtigungen vorgenommen werden. Genau dies tut die Bundesinnenministerin: Wer im Winter gegen kalte Wohnungen protestieren sollte, delegitimiert damit den Staat, was Konsequenzen haben wird: &#8222;Wir sind vorbereitet auf das neue Protestgeschehen.&#8220; B\u00fcrger werden eingesch\u00fcchtert, um so Kritik im Keim zu ersticken. Dazu Julian Reichelt im Video &#8222;Staat hat Angst vor Querfrierern&#8220;:<br \/>\n<a href=\"https:\/\/youtu.be\/ptQinCQk9GQ\">https:\/\/youtu.be\/ptQinCQk9GQ<\/a><br \/>\n.<br \/>\nDie <a href=\"https:\/\/www.freiburg-schwarzwald.de\/blog\/engagement\/zukunft\/demokratie\/ampel\/\">Ampel-Regierung<\/a> ist mit ihrer Energie- wie Wirtschaftspolitik f\u00fcr den sich deutlich anbahnenden <a href=\"https:\/\/www.freiburg-schwarzwald.de\/blog\/wohlstandsverwahrlosung\/\">Wohlstandsverlust<\/a> voll verantwortlich. Da sind <a href=\"https:\/\/www.freiburg-schwarzwald.de\/blog\/engagement\/buergerinitiativen\/demo\/demo2022\/\">Proteste<\/a> legitim und nicht als staatsfeindlich bzw. als &#8222;verfassungsschutzrelevante <a href=\"https:\/\/www.freiburg-schwarzwald.de\/blog\/delegitimierung-des-staates\/\">Delegitimierung des Staates<\/a>&#8220; abzutun.<br \/>\n19.7.2022<br \/>\n.<\/p>\n<p><strong>Bundesinnenministerin warnt vor radikalen Protesten wegen hoher Energiepreise<\/strong><br \/>\nEin drohender Gasnotstand verst\u00e4rkt die Sorge wegen m\u00f6glicher Folgen f\u00fcr die Bev\u00f6lkerung. Innenministerin Faeser sieht darin auch Risiken f\u00fcr die Sicherheitslage in Deutschland.<br \/>\nAngesichts neuer Unsicherheiten \u00fcber russische Gaslieferungen wachsen die Sorgen in der Politik vor sozialen Verwerfungen und politischen Auseinandersetzungen. Bundesinnenministerin Nancy Faeser (SPD) sagte dem Handelsblatt: \u201eNat\u00fcrlich besteht die Gefahr, dass diejenigen, die schon in der Coronazeit ihre Verachtung gegen die Demokratie herausgebr\u00fcllt haben und dabei oftmals Seite an Seite mit Rechtsextremisten unterwegs waren, die stark steigenden Preise als neues Mobilisierungsthema zu missbrauchen versuchen.\u201c Populisten und Extremisten nutzten jede Krise f\u00fcr Angst und Spaltung, aber auch f\u00fcr Hass und Bedrohungen. \u201eSie wollen Krisen noch versch\u00e4rfen, um daraus Profit zu schlagen\u201c, sagte Faeser. Die Sicherheitsbeh\u00f6rden h\u00e4tten die extremistischen Szenen aber sehr genau im Blick. \u201eWir sind vorbereitet, auch auf m\u00f6gliche neue Protestgeschehen\u201c, betonte die Ministerin.<br \/>\n&#8230; Alles vom 16.7.2022 bitte lesen auf<br \/>\n<a href=\"https:\/\/www.handelsblatt.com\/politik\/deutschland\/gaskrise-bundesinnenministerin-warnt-vor-radikalen-protesten-wegen-hoher-energiepreise\/28509956.html\">https:\/\/www.handelsblatt.com\/politik\/deutschland\/gaskrise-bundesinnenministerin-warnt-vor-radikalen-protesten-wegen-hoher-energiepreise\/28509956.html<\/a><\/p>\n<p>&nbsp;<\/p>\n<p>.<\/p>\n<p><strong>Faeser \u201evorbereitet\u201c, Proteste gegen steigende Preise als rechtsextrem einzustufen<\/strong><br \/>\nDie Inflations- und Energiekrise wird immer dramatischer. Jetzt reagiert die Regierung: mit unterschwelliger Androhung von Staatsgewalt gegen Proteste. Mit Verweis auf die Corona-Demonstrationen werden Proteste gegen steigende Preise schon im Voraus kriminalisiert. Versucht man sich wieder an \u201eVersammlungsverboten\u201c?<br \/>\n&#8230; Alles vom 18.7.2022 bitte lesen auf<br \/>\n<a href=\"https:\/\/www.tichyseinblick.de\/daili-es-sentials\/faeser-proteste-inflation-energie-rechtsextrem\/\">https:\/\/www.tichyseinblick.de\/daili-es-sentials\/faeser-proteste-inflation-energie-rechtsextrem\/<\/a><\/p>\n<p>Einige Kommentare:<br \/>\nFrau Faeser hat keine Skrupel, im kommenden Winter Menschen, vor allem alte Leute und Kinder frieren und hungern zu lassen. Wer sich aber dagegen aufbegehrt und demonstriert, ist ein Rechter und Nazi. Derartige Demonstrationen m\u00fcssen unterdr\u00fcckt werden. Sie selbst aber mit ihrem 25 Tsd \u20ac Monatsgehalt sitzt sicherlich im Winter garantiert in einer Luxuswohnung, nat\u00fcrlich geheizt, und g\u00f6nnt sich Kavier o.\u00e4. und schl\u00fcrft Sekt. \u201eSp\u00e4tr\u00f6mische Dekadenz\u201c w\u00e4re eine Beleidigung der Sp\u00e4tr\u00f6mer. Da fallen mir eher Vergleiche mit menschenverachtenden Diktatoren ein.<br \/>\n19.7.022, Rec<\/p>\n<p><strong>\u201eSchaden vom Deutschen Volk abwenden\u201c.<\/strong><br \/>\nSehe ich bei keinen der derzeit in der Regierung sitzenden Quasi- Politiker.<br \/>\nWas soll man von Menschen und \u201eMenschinnen\u201c erwarten, denen das eigene Land und Volk egal ist?<br \/>\nPersonen, die andere bei der Schaffung von Bruttosozialprodukt hindern, nennt man Aktivisten. Kritiker, die die Demokratie, Wirtschaft und das soziale Miteinander durch diese Politik gef\u00e4hrdet sehen, werden Extremisten bzw. Rechtsradikale bezeichnet.<br \/>\n19.7.2022, SvP<\/p>\n<p><strong>Frau Faesers Denkweise ist ja logisch nachzuvollziehen.<\/strong><br \/>\nWer mit dem linken Klimaschwindel und dem linken Umbau der Gesellschaft in eine kommunistische Klimadiktatur mit all den Nachteilen die wir jetzt sehen nicht einverstanden ist und dies in Form des demokratischen Demonstrationsrechts zum Ausdruck bringen will, der kann ja gar nicht links sein\u2026\u2026 Also bleibt nur rechts \u00fcbrig\u2026\u2026eine andere M\u00f6glichkeit wird gar nicht erst zugelassenen. So wie es bei den Kommunisten eben \u00fcblich ist. Schon krass, was hier gerade geschieht.<br \/>\nDiese Regierung hat nicht mal ein halbes Jahr gebraucht um Deutschland an den Rand des Abgrundes zu f\u00fchren. Und sie werden kein ganzes Jahr brauchen um es komplett zu ruinieren. \u2026\u2026und das Schlafvolk schaut zu. Die meisten eben. Die Angst der Faesers ist die Angst vor ein paar wenigen Aufgewachten. Und der Angst davor, dass das Schlafvolk durch die drohende Kaltwasserdusche aus dem Schlaf gerissen wird. Denn dann wird\u2019s tats\u00e4chlich gef\u00e4hrlich.<br \/>\n18.7.2022, F.SCh<\/p>\n<p><strong>Es ist eine Frechheit,<\/strong><br \/>\nwie legitime Proteste gegen irrsinniges Regierungshandeln zu Demokratiefeindlichkeit umgelogen werden! M\u00fcssen wir frieren und hungern, ohne zu klagen? Sind wir Sklaven?<br \/>\n18.7.2022, A.P.<\/p>\n<p><strong>Von innerhalb der BRD wird es keine Ver\u00e4nderung zum Besseren geben.<\/strong><br \/>\nDer Brexit war eine Ver\u00e4nderung zum Besseren, weil er die EU geschw\u00e4cht hat. Beim Euro k\u00f6nnte eine Verbesserung von Italien kommen, wenn der Euro f\u00fcr Italien nicht mehr tragbar ist. Weiterhin k\u00f6nnte es Verbesserungen aus dem Ausland geben, wenn die BRD die EU nicht mehr finanzieren kann.<br \/>\n18.7.2022, E.B.<\/p>\n<p>\u201eder Gr\u00fcnen-Fraktionsvize Konstantin von Notz meint, es sei zu bef\u00fcrchten, \u201edass Rechtspopulisten auch diese gesellschaftliche Krise f\u00fcr die eigene Agitation ausnutzen\u201c.\u201c<br \/>\nUnd auch wenn dem so sein sollte, dann hat man es hinzunehmen !! Nach Art. 8 Abs. 1 des Grundgesetzes ( GG ) haben alle Deutschen das Recht, sich ohne Anmeldung oder Erlaubnis friedlich und ohne Waffen zu versammeln\u2026! Das gilt auch f\u00fcr sogenannte \u201eRechte\u201c , zumal f\u00fcr Frau Faeser und Herrn von Notz offensichtlich alles als \u201eRechts\u201c definiert wird, was sich nicht Links von der SPD finden l\u00e4sst.<br \/>\n18.7.2022, E.K.<\/p>\n<p>Welt-Online und andere Zeitungen berichten von der gro\u00dfen Gefahr, die uns im Herbst bevorsteht, wo jede Wut an der Regierungspolitik (an der Verarmung der Bev\u00f6lkerung, an frierenden Menschen, die das nicht wollen, an den Tafeln, die niemanden mehr aufnehmen, an nicht zu stemmenden Energiekosten, usw.) laut Faeser als populistisch, rechtsextrem und demokratiegef\u00e4hrdend eingestuft wird. Es l\u00e4uft wie bei Corona: Kritische Berichterstattung war einmal. Jetzt wird nur noch regierungsamtlich verk\u00fcndet. Wer dem nicht folgt, ist raus. Demokratie ade.<br \/>\n18.7.2022, A.W.<\/p>\n<p><strong>Die Angst vorm Souver\u00e4n sitzt offensichtlich tief,<\/strong><br \/>\nwenn man jegliche Meinungskonkurrenz und Proteste in das Lieblingsr\u00e4hmchen \u201eRechts\u201c presst. Billiger Versuch, redliche Proteste durch Einsch\u00fcchterung zu diskreditieren. Machen alle totalit\u00e4r-autorit\u00e4ren Politcharaktere so.<br \/>\nEin B\u00fcrgerprotest hat einen Protestgegenstand. Wenn der berechtigt ist, k\u00f6nnten auch nackige Nazis Seit an Seit mit nackigen Kommunisten protestieren. Es \u00e4nderte nichts an meinem eigenen Protest. Sonst h\u00e4tte ich wohl das Recht auf Demonstration nicht richtig verstanden.<br \/>\nEs ist zudem am\u00fcsant, wie Faeser die m\u00f6glichen Proteste um existenzielle Grundbed\u00fcrfnisse im Lichte der Coronaproteste sehen will. Es wird die Coronaproteste in den Schatten stellen. Ich gehe von einem Millionen starken Mobilisierungspotenzial aus. L\u2019etat c\u2019est nous!<br \/>\n18.7.2022, Dr.B.<\/p>\n<p><strong>Und nochmals: Die gr\u00f6\u00dfte Gefahr f\u00fcr Demokratie und Gesellschaft<\/strong><br \/>\ngeht nicht von Rechten aus, die oft nur behauptete Rechte sind. Die gr\u00f6\u00dfte Gefahr f\u00fcr Demokratie und Gesellschaft geht von Polit-Personal wie Nancy Faeser aus.<br \/>\nEine Regierung, die Proteste schon delegitimiert und Protestierer kriminalisiert, bevor \u00fcberhaupt der Erste auf die Stra\u00dfe ging, hat sich schon sehr weit von demokratischen Grundregeln entfern.<br \/>\nArt. 8 GG: Alle Deutschen haben das Recht, sich ohne Anmeldung oder Erlaubnis friedlich und ohne Waffen zu versammeln. Nat\u00fcrlich wird die Regierung wieder von den \u201eQualit\u00e4tsmedien\u201c unterst\u00fctzt. Eins hat Faeser immerhin geschafft: Ich bin mittlerweile so weit, dass ich mich an solchen Protesten beteiligen w\u00fcrde.<br \/>\n18.7.2022, Lot<\/p>\n<p><strong>Querfront?<\/strong><br \/>\nEine in solchem Ausma\u00df geschwungene Rechtsextremisten-, Rechtspopulisten- und Querdenker-Keule hat sich schon vorher ersch\u00f6pft. Denn am Ende stellen die meisten Menschen, darunter viele Arbeiter, die sich die Heizkosten nicht mehr leisten k\u00f6nnen und die Bauern, deren Betriebe von der EU und der gr\u00fcnen Regierung kaputtgemacht werden, fest, dass es unter dieser Regierung offenbar normal ist, rechtsextremistisch zu sein.<br \/>\nIm franz\u00f6sischen Parlament hat sich jetzt schon eine \u201eQuerfront\u201c zwischen Linksau\u00dfen- und Rechtsau\u00dfenpolitikern gebildet. Sollten in Deutschland die Linken und Rechten weiter schlafen, dann wird diese Entwickluing aus dem Volk kommen.<br \/>\nDie Antifa bek\u00e4mpft nach Aussage des baden-w\u00fcrttembergischen Innenministers Strobl inzwischen die am Ukrainekrieg beteiligten R\u00fcstungsfirmen. Ein Anfang ist gemacht.<br \/>\n18.7.2022, J.R.<br \/>\nEnde Kommentare<\/p>\n<p>.<\/p>\n<p><strong>Im Zweifel rechts: Framing f\u00fcr Sozialproteste, die noch gar nicht angefangen haben<\/strong><br \/>\nKurz nachdem die Linke-Chefin ank\u00fcndigte, dass ihre Partei sich des Themas annehmen will, reden Ampel-Politiker eine Instrumentalisierung durch Rechtsextreme herbei. Bundesinnenministerin Nancy Faeser wirkt ernsthaft besorgt: Die Verarmung breiter Bev\u00f6lkerungsschichten durch steigende Energiepreise und Inflation k\u00f6nnte zu unsch\u00f6nen Szenen auf der Stra\u00dfe f\u00fchren. &#8222;Nat\u00fcrlich besteht die Gefahr, dass diejenigen, die schon in der Coronazeit ihre Verachtung gegen die Demokratie herausgebr\u00fcllt haben und dabei oftmals Seite an Seite mit Rechtsextremisten unterwegs waren, die stark steigenden Preise als neues Mobilisierungsthema zu missbrauchen versuchen&#8220;, sagte die SPD-Politikerin dem Handelsblatt vom Wochenende.<br \/>\n&#8230;.<br \/>\nWas, wenn das Framing zur &#8222;Self-fullfilling prophecy&#8220; wird?<br \/>\nIn einen &#8222;hei\u00dfen Herbst&#8220; der Sozialproteste will sich laut Janine Wissler die Partei Die Linke einbringen. Tats\u00e4chlich dauerte es keine Woche von dieser Ank\u00fcndigung der Ko-Vorsitzenden der Linkspartei bis zu Faesers eindringlicher Warnung, dies k\u00f6nne das neue Mobilisierungsthema der Rechten werden. Tats\u00e4chlich haben bisher weder Die Linke noch rechte Kr\u00e4fte dazu Massen mobilisiert. So stellt sich vor allem die Frage, was Parteien der Ampel-Regierung damit erreichen wollen, schon jetzt die Besetzung des Themas auf der Stra\u00dfe durch Rechte herbeizureden. Wenn verunsicherte Linke lieber zu Hause bleiben und abwarten, ob etwaige Demos tats\u00e4chlich von Rechten organisiert oder gekapert werden, kann dies nat\u00fcrlich zur &#8222;Self-fullfilling prophecy&#8220; werden.<br \/>\n&#8230; Alles vom 18.7.2022 bei Telepolis bitte lesen auf<br \/>\n<a href=\"https:\/\/www.heise.de\/tp\/features\/Im-Zweifel-rechts-Framing-fuer-Sozialproteste-die-noch-gar-nicht-angefangen-haben-7182414.html\">https:\/\/www.heise.de\/tp\/features\/Im-Zweifel-rechts-Framing-fuer-Sozialproteste-die-noch-gar-nicht-angefangen-haben-7182414.html<\/a><\/p>\n<p>Einige Kommentare:<br \/>\n<strong>Dieses Framing hat doch bei Corona schon bestens funktioniert<\/strong><br \/>\nJede von der Regierungslinie abweichende Meinung wurde im rechten und extremen Spektrum verortet und so in den Augen derer, die anf\u00e4llig f\u00fcr billige Propaganda sind, so undenkbar und unsagbar.<br \/>\n&#8222;Populisten und Extremisten&#8220; w\u00fcrden jede Krise f\u00fcr Angst und Spaltung,<br \/>\nSpalten tun vor allem diejenigen Politiker, die jede abweichende Meinung als rechts oder extremistisch abqualifizieren.<br \/>\naber auch f\u00fcr Hass und Bedrohungen nutzen. &#8222;Sie wollen Krisen noch versch\u00e4rfen, um daraus Profit zu schlagen&#8220;,<br \/>\nBisherige Krisen wurden vor allem von einer plan- und konzeptlos agierenden Politik versch\u00e4rft. Bzw ist eine solche Politik die Ursache mancher Krise.<br \/>\nUnd, ja, es war absehbar, dass die Politik dieses Instrument, nachdem sie gesehen hat, wie gut das funktioniert, immer wieder anwenden wird. Denn nichts bringt Politiker mehr aus der Fassung als ein rebellisches Volk. Vor allem, wenn die st\u00fcmperhafte Politik auch noch fachlich fundiert zerlegt wird.<br \/>\nUnd, ja, es gab Leute, die haben genau davor gewarnt. Dass man abweichende Meinungen nicht auf diese Weise abkanzeln darf. Weil sonst diese Methode auch bei k\u00fcnftigen Themen angewendet wird, um Kritik abzublocken.<br \/>\nEs wollte nur nicht jeder h\u00f6ren. Die Anh\u00e4nger von Cancel-Culture &amp; Co kapieren nun hoffentlich langsam, wohin die Reise geht.<br \/>\n18.7.2022, Nat<\/p>\n<p><strong>Mittlerweile gibt es mehr &#8222;Rechte&#8220; als im 3.Reich &#8230;<\/strong><br \/>\nWenn man der Definition von Faeser &amp; Co. folgen m\u00f6chte. Krass! Da wird uns wohl die rote Armee befreien m\u00fcssen.<br \/>\n18.7.2022, Kar<br \/>\nWer nicht protestiert ist dann also ein linksextremer Arschkr******?<br \/>\noder wie soll man das Gefasel dieser (wer w\u00e4hlt sowas eigentlich?) Politikerin verstehen? Dann gelte ich doch lieber als einer, der wenigstens noch (Quer)denkt, als ein Wackeldackel mit kalter Wohnung und keinem Fressen auf dem Tisch.<br \/>\n18..7.2022, O.T.<\/p>\n<p><strong>Und da ist sie wieder&#8230; die Nazikeule<\/strong><br \/>\nAnalog zu vielen Coronaprotesten, welche recht schnell als &#8222;instrumentalisiert&#8220; ausgemacht wurden, wird schon mal prophylaktisch gezeigt, womit man es &#8222;zu tun haben wird&#8220;.<br \/>\nEs ist anzunehmen, dass dann auch genauso wenig eine Diskussion \u00fcber die Themen und Argumente der Protestierenden stattfindet.<br \/>\nWas z\u00e4hlt ist die &#8222;m\u00f6gliche Instrumentalisierung&#8220; oder &#8222;Kontamination&#8220; von und durch &#8222;rechte Kr\u00e4fte&#8220;.<br \/>\nSelbstverst\u00e4ndlich entf\u00e4llt damit auch jede Pflicht der Regierenden zur Reflexion, ob ihr Wirken irgend etwas mit den Protesten zu tun haben k\u00f6nnte.<br \/>\nAlles sehr geschickt und in diesem Punkt stringent.<br \/>\nDas damit die Menge der &#8222;dem rechten Spektrum offen Stehenden&#8220; potentiert wird und schlu\u00dfendlich jeder zum kleinen Nazi avanciert? Geschenkt.<br \/>\nUnd \u00fcber &#8222;Relativierung der deutschen Geschichte&#8220; braucht dann auch nicht mehr gesprochen zu werden.<br \/>\n18-7-2022, G.M.<\/p>\n<p><strong>Im Zweifel rechts: Sozialproteste, die noch gar nicht angefangen haben<\/strong><br \/>\nDie Angst vor dem frierenden B\u00fcrger, der genau wei\u00df wem er das Desaster zu verdanken hat, scheint so stark zu sein, dass man jetzt schon alle Proteste die da kommen werden als Naziquerdenkerradikalinskis framed. Bisschen unbeholfen f\u00fcr meinen Geschmack, aber gut, versuchen kann man das. Gibt ja auch Leute, die halten es f\u00fcr eine gute Idee, die Zunge mit Schwung in eine Steckdose zu stecken. Glaubt man verantwortungsbewussten Leuten aus der Industrie, wird das der h\u00e4rteste Winter seit 1945.<br \/>\nMal sehen wer im Dezember noch zwischen rechten und nichtrechten Demonstranten unterscheiden will, wenn das Wasser und die Bude kalt bleiben. Mein Tipp: Sitzen die Verantwortlichen in Berlin dann in warmen Regierungsgeb\u00e4uden und schwingen kluge Reden \u00fcber das Sparen von Energie, dem schuldigen Russen und dass man ja W\u00e4rmehallen nutzen k\u00f6nnen, d\u00fcrften sich einige Leute umschauen, was der gemeine P\u00f6bel so anstellt, wenn er merkt dass er verarscht wird. Spannende Zeiten&#8230;<br \/>\n18.7.2022, A.L.<\/p>\n<p><strong>Bei der Dimension grenzenloser Verlogenheit<\/strong><br \/>\nKann die Politik und ihre gr\u00f6\u00dftenteils Jubelpresse schon lange gar nicht mehr anders, als s\u00e4mtlichen auch nur sanften Protest unmittelbar und mit aller H\u00e4rte zu bek\u00e4mpfen und zu diffamieren. Dadurch beschleunigt sie den Prozess der fortschreitenden Aufkl\u00e4rung allerdings auch immer schneller.<br \/>\nEs bedarf meist eine Art Schockerlebnis, bevor Menschen anfangen, ihre gewohnten Strukturen und Narrative zu hinterfragen. Von solchen Schockmomenten und -erlebnissen gab es in den letzten Jahrezehnten so einige (2001, 2008, 2014, 2015, 2020,&#8230;) und inzwischen ist die Gruppe der politisierten und unzufriedenen Menschen ganz stattlich geworden. Es knarzt heftig im Geb\u00e4lg.<br \/>\nMit Corona hat diese Entwicklung zuletzt ihren H\u00f6hepunkt erreicht. War der Impact 2014 schon erheblich, als unsere &#8222;Qualit\u00e4tsmedien&#8220; f\u00fcr jeder Mann erkennbar verlogen \u00fcber die Ukraine berichtete, ist der Impact dagegen ab 2020 mit Corona noch einmal um ein Vielf\u00e4ltiges h\u00f6her ausgefallen.<br \/>\n&#8222;The paste is out of the tube&#8220; und wird sich auch nicht wieder so einfach zur\u00fcckpressen lassen. Alle Menschen, die Politik und Medien im Rahmen der vollkommen unverh\u00e4ltnism\u00e4\u00dfigen wie stramm totalit\u00e4ren Coronama\u00dfnahmen verloren haben, bekommen sie auch nicht wieder zur\u00fcck.<br \/>\nWenn in den kommenden Monaten die Menschen dann wieder mit totalit\u00e4ren Coronama\u00dfnahmen geg\u00e4ngelt werden und dazu die Wohnungen immer k\u00e4lter und die K\u00fchlschr\u00e4nke immer leerer werden, d\u00fcrfte das der Protestbewegung noch einmal eine erheblliche Dynamik verpassen. Das wissend, versuchen die politischen Verantwortlichen jetzt schon mit Gift, Galle und Hetze vorzubeugen.<br \/>\n18.7.2022, Sch<\/p>\n<p><strong>Ganz weit rechts ist, wer gegen Grunds\u00e4tze der Regierung ist<\/strong><br \/>\nZumindest wenn es nach f\u00fchrenden Politikern und zuweilen deren Apparate und Journalisten im Nachklang geht.<br \/>\nDas sah man schon als Merkel und ihr Pressesprecher die &#8222;Hetzjagd&#8220; erfanden, und in dem man Linke die gegen den rechtextremen politischen Islam waren in die rechtsextreme Ecke stellte, und zog sich \u00fcber Kritiker der Covid Ma\u00dfnahmen, bis jetzt zu Kritikern der Sanktionspolitik hin.<br \/>\nUnd die Herangehensweise ist f\u00fcr die Politiker doppelt vorteilhaft, so k\u00f6nnen sie mit massig viel Geldern Fakestudien und Projekte f\u00fcr ihre Politik (angebliche Demokratie F\u00f6rderungen(1)) produzieren,<br \/>\ndie Geheimdienste und Polizei auf Kritiker ihrer Agenda hetzen und so massenhaft W\u00e4hler dazu bringen zu ihrem eigenen Nachteil zu w\u00e4hlen. Und ganz wichtig dabei, die allt\u00e4gliche Zensur, damit die Winston Smiths nicht zu sehr dar\u00fcber nachdenken.<br \/>\n(1) https:\/\/www.rtl.de\/cms\/nancy-faeser-innenministerin-loescht-peinliches-foto-islamistische-gesten-von-schuelern-4988574.html<br \/>\n18.7.2022, D.H.<br \/>\nEnde Kommentare<\/p>\n","protected":false},"excerpt":{"rendered":"<p>Der Zusammenhalt, &#8222;Consent of the Governed&#8220; bzw. innere Frieden der Bundesrepublik basieren nicht auf der Identifizierung der B\u00fcrger mit Nation, Volk bzw. Staat, sondern auf einem hohen Wohlstandsniveau und Sicherheitsgef\u00fchl der inneren Ordnung. Deshalb ist zu erwarten, da\u00df der ab &hellip; <a href=\"https:\/\/www.freiburg-schwarzwald.de\/blog\/faeser-sozialproteste-illegitim\/\">Weiterlesen <span class=\"meta-nav\">&rarr;<\/span><\/a><\/p>\n","protected":false},"author":2,"featured_media":0,"comment_status":"open","ping_status":"closed","sticky":false,"template":"","format":"standard","meta":{"footnotes":""},"categories":[355,5,36,80,132,172],"tags":[325,633,239,525,289],"class_list":["post-102731","post","type-post","status-publish","format-standard","hentry","category-buergerinitiativen","category-energie","category-engagement","category-medien","category-strom","category-zukunft","tag-demo","tag-demokratie","tag-energiesparen","tag-politik","tag-preis"],"_links":{"self":[{"href":"https:\/\/www.freiburg-schwarzwald.de\/blog\/wp-json\/wp\/v2\/posts\/102731","targetHints":{"allow":["GET"]}}],"collection":[{"href":"https:\/\/www.freiburg-schwarzwald.de\/blog\/wp-json\/wp\/v2\/posts"}],"about":[{"href":"https:\/\/www.freiburg-schwarzwald.de\/blog\/wp-json\/wp\/v2\/types\/post"}],"author":[{"embeddable":true,"href":"https:\/\/www.freiburg-schwarzwald.de\/blog\/wp-json\/wp\/v2\/users\/2"}],"replies":[{"embeddable":true,"href":"https:\/\/www.freiburg-schwarzwald.de\/blog\/wp-json\/wp\/v2\/comments?post=102731"}],"version-history":[{"count":5,"href":"https:\/\/www.freiburg-schwarzwald.de\/blog\/wp-json\/wp\/v2\/posts\/102731\/revisions"}],"predecessor-version":[{"id":102809,"href":"https:\/\/www.freiburg-schwarzwald.de\/blog\/wp-json\/wp\/v2\/posts\/102731\/revisions\/102809"}],"wp:attachment":[{"href":"https:\/\/www.freiburg-schwarzwald.de\/blog\/wp-json\/wp\/v2\/media?parent=102731"}],"wp:term":[{"taxonomy":"category","embeddable":true,"href":"https:\/\/www.freiburg-schwarzwald.de\/blog\/wp-json\/wp\/v2\/categories?post=102731"},{"taxonomy":"post_tag","embeddable":true,"href":"https:\/\/www.freiburg-schwarzwald.de\/blog\/wp-json\/wp\/v2\/tags?post=102731"}],"curies":[{"name":"wp","href":"https:\/\/api.w.org\/{rel}","templated":true}]}}