{"id":102198,"date":"2022-07-01T18:18:56","date_gmt":"2022-07-01T16:18:56","guid":{"rendered":"https:\/\/www.freiburg-schwarzwald.de\/blog\/?p=102198"},"modified":"2022-07-03T19:20:10","modified_gmt":"2022-07-03T17:20:10","slug":"g7-treffen-in-elmau-minderheit","status":"publish","type":"post","link":"https:\/\/www.freiburg-schwarzwald.de\/blog\/g7-treffen-in-elmau-minderheit\/","title":{"rendered":"G7-Treffen in Elmau: Minderheit"},"content":{"rendered":"<p>Beim 2. Treffen der G7-Staaten (D, F, I, J, CDN, GBR und USA) auf Schlo\u00df Elmau zwischen Garmisch und Mittenwald am 26.-28.6.2022 waren 18.000 Polizisten eine Woche im Einsatz, um <a href=\"https:\/\/www.freiburg-schwarzwald.de\/blog\/business\/dienste\/immobilien\/linksterror\/\">linke Terroristen<\/a> fernzuhalten. 166 Mio Euro Kosten &#8211; billig im Vergleich zum 3-fachen Betrag, den Deutschland allj\u00e4hrlich an China <!--more-->als &#8222;Entwicklungshilfe&#8220; \u00fcberweist.<\/p>\n<p>Hierzulande verbreiten die Medien zwei Narrative zum G7-Gipfel:<br \/>\nEinerseits seien in Elmau die \u201ewichtigsten Industriel\u00e4nder\u201c und damit generell die wichtigsten L\u00e4nder der Welt versammelt. Leider nur Wunschdenken. Sind denn L\u00e4nder wie Italien oder Kanada von gr\u00f6\u00dferer Wichtigkeit wie Brasilien oder Indien?<\/p>\n<p>Andererseits wird zum <a href=\"https:\/\/www.freiburg-schwarzwald.de\/blog\/global\/ukraine\/ukraine-russland\/\">Ukrainekrieg<\/a> als dem alles andere \u00fcberlagernden Thema (<a href=\"https:\/\/www.freiburg-schwarzwald.de\/blog\/engagement\/zukunft\/krieg\/panzer\/\">Waffenlieferung<\/a> an die Ukraine, Sanktionspolitik gegen Russland) suggeriert, <a href=\"https:\/\/www.freiburg-schwarzwald.de\/blog\/global\/russland\/\">Russland<\/a> sei isoliert und fast die gesamte Welt st\u00fcnde auf der Seite der Ukraine und des Westens. Das Gegenteil ist richtig:<br \/>\nKein einziger asiatischer, s\u00fcdamerikanischer oder afrikanischer Staat und mit Ausnahme von Japan und S\u00fcdkorea hat sich den Sanktionen gegen Putin angeschlossen. Auch Staaten, die in der Einflu\u00dfsph\u00e4re der USA liegen, wie Israel, Saudi-Arabien, Mexiko, Kolumbien oder Pakistan, lehnen die Wirtschaftsembargos ab.<br \/>\nDer Wirtschaftskrieg gegen Russland ist eine reine NATO- und <a href=\"https:\/\/www.freiburg-schwarzwald.de\/blog\/global\/eu\/eu-aussenpolitik\/\">EU<\/a>-Aktion, bei der dar\u00fcberhinaus lediglich Australien und S\u00fcdkorea mitmachen wollten; selbst die <a href=\"https:\/\/www.freiburg-schwarzwald.de\/blog\/global\/eu\/europa\/nato\/\">NATO<\/a> steht mit der T\u00fcrkei nicht geschlossen hinter den Sanktionen.<\/p>\n<p>Fazit: Elmau war ein Treffen, auf dem der Westen mit EU und NATO unter sich blieb und sich durch neue <a href=\"https:\/\/www.freiburg-schwarzwald.de\/blog\/business\/wirtschaft\/sanktionen\/\">Sanktionen<\/a> gegen Russland weiter international isolierte. Die BRICS-Staaten (Brasilien, Russland, Indien, China, S\u00fcdafrika) hingegen haben weiter Zulauf.<br \/>\nDas Positive: Auf Elmau konnte S\u00f6der seine bayerischen Trachten vorf\u00fchren (siehe (1)) und Scholz hatte endlich etwas Zeit f\u00fcr seine Frau (siehe (2)).<br \/>\nDas Negative: Es herrschte Kriegsrhetorik (siehe (3)) statt Friedensrhetorik.<br \/>\n1.7.2022<br \/>\n.<\/p>\n<p><strong>(1) Markus S\u00f6der l\u00e4sst zum G7-Gipfel Trachten aufmarschieren wie dressierte Pudel<\/strong><br \/>\nEin Zynismus, der kaum mehr zu \u00fcberbieten ist: Die Tracht als traditionelles Zeichen der Zugeh\u00f6rigkeit zu einer Volksgruppe der Deutschen, runtergebrochen zur Karnevalseinlage von einem Ministerpr\u00e4sidenten, dessen Wertesystem sich l\u00e4ngst in vollkommener Selbstaufl\u00f6sung befindet.<\/p>\n<div id=\"attachment_102200\" style=\"width: 649px\" class=\"wp-caption alignnone\"><a href=\"https:\/\/www.freiburg-schwarzwald.de\/blog\/wp-content\/uploads\/2022\/07\/trachten-g7gipfel-elmau220625pan-1.jpg\"><img loading=\"lazy\" decoding=\"async\" aria-describedby=\"caption-attachment-102200\" class=\"size-full wp-image-102200\" src=\"https:\/\/www.freiburg-schwarzwald.de\/blog\/wp-content\/uploads\/2022\/07\/trachten-g7gipfel-elmau220625pan-1.jpg\" alt=\"\" width=\"639\" height=\"322\" srcset=\"https:\/\/www.freiburg-schwarzwald.de\/blog\/wp-content\/uploads\/2022\/07\/trachten-g7gipfel-elmau220625pan-1.jpg 639w, https:\/\/www.freiburg-schwarzwald.de\/blog\/wp-content\/uploads\/2022\/07\/trachten-g7gipfel-elmau220625pan-1-180x91.jpg 180w\" sizes=\"auto, (max-width: 639px) 100vw, 639px\" \/><\/a><p id=\"caption-attachment-102200\" class=\"wp-caption-text\">G7-Gipfel in Elmau 26.6.2022: Bayerische Trachten als Alibi-Heimatfolklore<\/p><\/div>\n<p>Selten war so klar erkennbar, an welchem Punkt der polit-medialen Selbstzerst\u00f6rung sich dieses Land unter dem Jubel weiter Teile der Gesellschaft aktuell befindet.<br \/>\nGemeint ist hier jener Moment, wo der bayerische Ministerpr\u00e4sident Markus S\u00f6der zum G7-Gipfel den US-Pr\u00e4sidenten an einer Reihe von Menschen in unterschiedlichen deutschen\/bayerischen Volkstrachten vorbeidefilieren l\u00e4sst.<br \/>\nEin Zynismus bzw. Sarkasmus, der kaum mehr zu \u00fcberbieten ist: Die Volkstracht als traditionelles Zeichen der Zugeh\u00f6rigkeit zu einer Volksgruppe der Deutschen, runtergebrochen zur Karnevalseinlage von einem Ministerpr\u00e4sidenten, der unter Merkel einer der Unterst\u00fctzer der illegalen Massenzuwanderung war, der w\u00e4hrend der Pandemie einer der gro\u00dfen Verfechter umfangreicher Einschr\u00e4nkungen der Grundrechte war und der sich zuletzt vor den Gr\u00fcnen in den Staub geworfen hat in der tr\u00fcgerischen Hoffnung, dass ihm diese Demutsgeste noch ein paar Jahre pers\u00f6nlicher Machtverl\u00e4ngerung bescheren k\u00f6nnte.<br \/>\nS\u00f6der l\u00e4sst also aufmarschieren, was er bek\u00e4mpft, und pr\u00e4sentiert ein Abziehbild des Eigenen. Eine Persiflage auf das Deutsche. Das Tragische dabei: Wer das Deutschsein von jeher verspottet mit einem Klischee von Seppellederhose und prallgef\u00fclltem Dirndl, von dem ist auch nicht mehr zu erwarten.<br \/>\n&#8230;<br \/>\nZuletzt sei hier noch die taz erw\u00e4hnt. Die gr\u00fcnen Printideologen sind zweifellos die Meister der Schlagzeilen bei den Altmedien. Und es gelingt ihnen, den Zynismus noch auf die Spitze zu treiben. Denn w\u00e4hrend sich junge einheimische Frauen und M\u00e4nner nicht mehr an den Badesee oder in die Innenst\u00e4dte und Gastronomien trauen, weil sich dort diverse, teils illegal zugewanderte ethnische Minderheiten machtvoll eingerichtet haben, titelt die taz zum Aufmarsch der Trachten vor Joe Biden: \u201eEndlich indigene V\u00f6lker beim G7-Gipfel\u201c<br \/>\n&#8230;. Alles vom 27.6.2022 bitte lesen auf<br \/>\n<a href=\"https:\/\/www.alexander-wallasch.de\/kultur\/markus-soeder-laesst-zum-g7-gipfel-trachten-aufmarschieren-wie-dressierte-pudel\">https:\/\/www.alexander-wallasch.de\/kultur\/markus-soeder-laesst-zum-g7-gipfel-trachten-aufmarschieren-wie-dressierte-pudel<\/a><br \/>\n.<br \/>\n.<br \/>\n<strong>(2) R\u00fcckspiegel: Mit Olaf in Schloss Elmau<\/strong><br \/>\nIn Schloss Elmau trafen sich die G7. Und trotz Krieg und Inflation fand Kanzler Olaf Scholz dort endlich Zeit f\u00fcr seine Frau. Das Treffen kostete den Steuerzahler auch viel, viel weniger als Deutschland j\u00e4hrlich als Entwicklungshilfe an China zahlt.<br \/>\n&#8230; Alles vom 1.7.2022 bitte lesen auf<br \/>\n<a href=\"https:\/\/www.achgut.com\/artikel\/rueckspiegel_2022_07_01\">https:\/\/www.achgut.com\/artikel\/rueckspiegel_2022_07_01<\/a><br \/>\n.<br \/>\n.<br \/>\n<strong>(3) Somuncu: Putin und Selenskyj nach Elmau einladen<\/strong><br \/>\nIn der Sendung &#8222;Schroeder&amp;Somuncu&#8220; auf <a href=\"https:\/\/www.radioeins.de\">https:\/\/www.radioeins.de<\/a> beim Thema \u201eUkraine-Krieg und Putin\u201c h\u00e4lt Serdar Somuncu dem linientreuen Moderatur Florian Schr\u00f6der vor: &#8222;Warum laden die G7-Staatschefs nicht Putin und Selenskyj nach Elmau ein? Mit der Forderung: &#8222;Wenn ihr Frieden wollt, dann setzt euch an einen Tisch und redet miteinander.&#8220; Ich wei\u00df nicht, ob Putin abgesagt h\u00e4tte &#8211; aber man mu\u00df es versuchen&#8220;.<br \/>\n<em><strong>Eine h\u00f6renswerte Sendung:<\/strong><\/em><br \/>\n<strong><a href=\"https:\/\/youtu.be\/35AjOQ2Vq5s\">https:\/\/youtu.be\/35AjOQ2Vq5s<\/a> ,<\/strong><br \/>\n1.7.2022<\/p>\n","protected":false},"excerpt":{"rendered":"<p>Beim 2. Treffen der G7-Staaten (D, F, I, J, CDN, GBR und USA) auf Schlo\u00df Elmau zwischen Garmisch und Mittenwald am 26.-28.6.2022 waren 18.000 Polizisten eine Woche im Einsatz, um linke Terroristen fernzuhalten. 166 Mio Euro Kosten &#8211; billig im &hellip; <a href=\"https:\/\/www.freiburg-schwarzwald.de\/blog\/g7-treffen-in-elmau-minderheit\/\">Weiterlesen <span class=\"meta-nav\">&rarr;<\/span><\/a><\/p>\n","protected":false},"author":2,"featured_media":0,"comment_status":"open","ping_status":"closed","sticky":false,"template":"","format":"standard","meta":{"footnotes":""},"categories":[195,210,63,172],"tags":[489,667,785,525,86],"class_list":["post-102198","post","type-post","status-publish","format-standard","hentry","category-eu","category-gewalt","category-krise","category-zukunft","tag-european-union","tag-krieg","tag-nato","tag-politik","tag-waffen"],"_links":{"self":[{"href":"https:\/\/www.freiburg-schwarzwald.de\/blog\/wp-json\/wp\/v2\/posts\/102198","targetHints":{"allow":["GET"]}}],"collection":[{"href":"https:\/\/www.freiburg-schwarzwald.de\/blog\/wp-json\/wp\/v2\/posts"}],"about":[{"href":"https:\/\/www.freiburg-schwarzwald.de\/blog\/wp-json\/wp\/v2\/types\/post"}],"author":[{"embeddable":true,"href":"https:\/\/www.freiburg-schwarzwald.de\/blog\/wp-json\/wp\/v2\/users\/2"}],"replies":[{"embeddable":true,"href":"https:\/\/www.freiburg-schwarzwald.de\/blog\/wp-json\/wp\/v2\/comments?post=102198"}],"version-history":[{"count":4,"href":"https:\/\/www.freiburg-schwarzwald.de\/blog\/wp-json\/wp\/v2\/posts\/102198\/revisions"}],"predecessor-version":[{"id":102211,"href":"https:\/\/www.freiburg-schwarzwald.de\/blog\/wp-json\/wp\/v2\/posts\/102198\/revisions\/102211"}],"wp:attachment":[{"href":"https:\/\/www.freiburg-schwarzwald.de\/blog\/wp-json\/wp\/v2\/media?parent=102198"}],"wp:term":[{"taxonomy":"category","embeddable":true,"href":"https:\/\/www.freiburg-schwarzwald.de\/blog\/wp-json\/wp\/v2\/categories?post=102198"},{"taxonomy":"post_tag","embeddable":true,"href":"https:\/\/www.freiburg-schwarzwald.de\/blog\/wp-json\/wp\/v2\/tags?post=102198"}],"curies":[{"name":"wp","href":"https:\/\/api.w.org\/{rel}","templated":true}]}}