{"id":101910,"date":"2022-06-22T10:54:44","date_gmt":"2022-06-22T08:54:44","guid":{"rendered":"https:\/\/www.freiburg-schwarzwald.de\/blog\/?p=101910"},"modified":"2022-06-22T10:56:16","modified_gmt":"2022-06-22T08:56:16","slug":"berlin-panzerlieferung-im-web","status":"publish","type":"post","link":"https:\/\/www.freiburg-schwarzwald.de\/blog\/berlin-panzerlieferung-im-web\/","title":{"rendered":"Berlin: Panzerlieferung im Web"},"content":{"rendered":"<p>Die <a href=\"https:\/\/www.freiburg-schwarzwald.de\/blog\/engagement\/zukunft\/demokratie\/ampel\/\">Bundesregierung<\/a> gibt ihre Geheimhaltung auf dokumentiert nun ihre Milit\u00e4rhilfe f\u00fcr die <a href=\"https:\/\/www.freiburg-schwarzwald.de\/blog\/global\/ukraine\/\">Ukraine<\/a> im Internet. Ein furchterregendes Bild: Ein deutscher <a href=\"https:\/\/www.freiburg-schwarzwald.de\/blog\/engagement\/zukunft\/krieg\/panzer\/\">Panzer<\/a> auf der A1 auf dem Weg in den <a href=\"https:\/\/www.freiburg-schwarzwald.de\/blog\/global\/ukraine\/donbass\/\">Donbass<\/a> an die <a href=\"https:\/\/www.freiburg-schwarzwald.de\/blog\/global\/ukraine\/ukraine-russland\/\">russische Grenze<\/a>. Eine unvorstellbare <a href=\"https:\/\/www.freiburg-schwarzwald.de\/blog\/engagement\/zukunft\/demokratie\/naivitaet\/\">Naivit\u00e4t<\/a>: Die Ver\u00f6ffentlichung der gelieferten Panzer und Waffen.<br \/>\n<!--more-->Krieg als spannender Aufreger einer gelangweilt-dekadenten deutschen Gesellschaft. Unter dem <a href=\"https:\/\/www.freiburg-schwarzwald.de\/blog\/engagement\/zukunft\/groessenwahn\/\">gr\u00f6\u00dfenwahnsinnigen<\/a> Stichwort &#8222;Russland ruinieren&#8220; (Annalena Baerbock).<br \/>\nDas macht Angst.<\/p>\n<p><a href=\"https:\/\/www.freiburg-schwarzwald.de\/blog\/wp-content\/uploads\/2022\/06\/panzerhaubitze2000-A1-ukraine220620.jpg\"><img loading=\"lazy\" decoding=\"async\" class=\"alignnone size-thumbnail wp-image-101911\" src=\"https:\/\/www.freiburg-schwarzwald.de\/blog\/wp-content\/uploads\/2022\/06\/panzerhaubitze2000-A1-ukraine220620-180x125.jpg\" alt=\"\" width=\"180\" height=\"125\" srcset=\"https:\/\/www.freiburg-schwarzwald.de\/blog\/wp-content\/uploads\/2022\/06\/panzerhaubitze2000-A1-ukraine220620-180x125.jpg 180w, https:\/\/www.freiburg-schwarzwald.de\/blog\/wp-content\/uploads\/2022\/06\/panzerhaubitze2000-A1-ukraine220620-640x445.jpg 640w, https:\/\/www.freiburg-schwarzwald.de\/blog\/wp-content\/uploads\/2022\/06\/panzerhaubitze2000-A1-ukraine220620-768x534.jpg 768w, https:\/\/www.freiburg-schwarzwald.de\/blog\/wp-content\/uploads\/2022\/06\/panzerhaubitze2000-A1-ukraine220620.jpg 799w\" sizes=\"auto, (max-width: 180px) 100vw, 180px\" \/><\/a>\u00a0 Panzerhaubitze 2000 auf der A1 am 20.6.2022<br \/>\n.<br \/>\n22.6.2022<\/p>\n<p><strong>Krieg in der Ukraine &#8211; Milit\u00e4rische Unterst\u00fctzungsleistungen f\u00fcr die Ukraine<\/strong><br \/>\nDiese Aufstellung gibt eine \u00dcbersicht \u00fcber deutsche letale und nicht-letale milit\u00e4rische Unterst\u00fctzungsleistungen f\u00fcr die Ukraine. Sie umfasst sowohl Abgaben aus Best\u00e4nden der Bundeswehr, als auch aus Mitteln der Ert\u00fcchtigungsinitiative der Bundesregierung finanzierte Lieferungen durch die Industrie.<br \/>\nIm Rahmen des Haushaltsverfahrens 2022 wurden die Mittel f\u00fcr die Ert\u00fcchtigungsinitiative auf insgesamt 2 Milliarden Euro f\u00fcr das Jahr 2022 erh\u00f6ht. Die zus\u00e4tzlichen Mittel sollen vornehmlich der Unterst\u00fctzung der Ukraine zugutekommen.<br \/>\n&#8230;<br \/>\n3.000 Patronen \u201ePanzerfaust 3\u201c zuz\u00fcglich 900 Griffst\u00fccke<br \/>\n14.900 Panzerabwehrminen<br \/>\n500 Fliegerabwehrraketen STINGER<br \/>\n2.700 Fliegerf\u00e4uste STRELA<br \/>\n7 Panzerhaubitzen 2000 inklusive Anpassung, Ausbildung und Ersatzteile &#8230;<br \/>\n&#8230; Alles vom 21.6.2022 bitte lesen auf<br \/>\n<a href=\"https:\/\/www.bundesregierung.de\/breg-de\/themen\/krieg-in-der-ukraine\/lieferungen-ukraine-2054514\">https:\/\/www.bundesregierung.de\/breg-de\/themen\/krieg-in-der-ukraine\/lieferungen-ukraine-2054514<\/a><\/p>\n","protected":false},"excerpt":{"rendered":"<p>Die Bundesregierung gibt ihre Geheimhaltung auf dokumentiert nun ihre Milit\u00e4rhilfe f\u00fcr die Ukraine im Internet. Ein furchterregendes Bild: Ein deutscher Panzer auf der A1 auf dem Weg in den Donbass an die russische Grenze. Eine unvorstellbare Naivit\u00e4t: Die Ver\u00f6ffentlichung der &hellip; <a href=\"https:\/\/www.freiburg-schwarzwald.de\/blog\/berlin-panzerlieferung-im-web\/\">Weiterlesen <span class=\"meta-nav\">&rarr;<\/span><\/a><\/p>\n","protected":false},"author":2,"featured_media":0,"comment_status":"open","ping_status":"closed","sticky":false,"template":"","format":"standard","meta":{"footnotes":""},"categories":[14,162,80,157],"tags":[633,682,667,525],"class_list":["post-101910","post","type-post","status-publish","format-standard","hentry","category-global","category-internet","category-medien","category-oeffentlicher-raum","tag-demokratie","tag-freiheit","tag-krieg","tag-politik"],"_links":{"self":[{"href":"https:\/\/www.freiburg-schwarzwald.de\/blog\/wp-json\/wp\/v2\/posts\/101910","targetHints":{"allow":["GET"]}}],"collection":[{"href":"https:\/\/www.freiburg-schwarzwald.de\/blog\/wp-json\/wp\/v2\/posts"}],"about":[{"href":"https:\/\/www.freiburg-schwarzwald.de\/blog\/wp-json\/wp\/v2\/types\/post"}],"author":[{"embeddable":true,"href":"https:\/\/www.freiburg-schwarzwald.de\/blog\/wp-json\/wp\/v2\/users\/2"}],"replies":[{"embeddable":true,"href":"https:\/\/www.freiburg-schwarzwald.de\/blog\/wp-json\/wp\/v2\/comments?post=101910"}],"version-history":[{"count":3,"href":"https:\/\/www.freiburg-schwarzwald.de\/blog\/wp-json\/wp\/v2\/posts\/101910\/revisions"}],"predecessor-version":[{"id":101914,"href":"https:\/\/www.freiburg-schwarzwald.de\/blog\/wp-json\/wp\/v2\/posts\/101910\/revisions\/101914"}],"wp:attachment":[{"href":"https:\/\/www.freiburg-schwarzwald.de\/blog\/wp-json\/wp\/v2\/media?parent=101910"}],"wp:term":[{"taxonomy":"category","embeddable":true,"href":"https:\/\/www.freiburg-schwarzwald.de\/blog\/wp-json\/wp\/v2\/categories?post=101910"},{"taxonomy":"post_tag","embeddable":true,"href":"https:\/\/www.freiburg-schwarzwald.de\/blog\/wp-json\/wp\/v2\/tags?post=101910"}],"curies":[{"name":"wp","href":"https:\/\/api.w.org\/{rel}","templated":true}]}}