{"id":101839,"date":"2022-06-18T15:40:34","date_gmt":"2022-06-18T13:40:34","guid":{"rendered":"https:\/\/www.freiburg-schwarzwald.de\/blog\/?p=101839"},"modified":"2022-06-19T12:04:33","modified_gmt":"2022-06-19T10:04:33","slug":"islamist-als-verfassungsschueler","status":"publish","type":"post","link":"https:\/\/www.freiburg-schwarzwald.de\/blog\/islamist-als-verfassungsschueler\/","title":{"rendered":"Islamist als Verfassungssch\u00fcler"},"content":{"rendered":"<p>Auf der vom Steuerzahler finanzierten Seite <a href=\"https:\/\/verfassungsschueler.de\/\">https:\/\/verfassungsschueler.de\/<\/a> des Bundesinnenministeriums steht: <em>&#8222;Das Projekt \u201eDie <a href=\"https:\/\/www.freiburg-schwarzwald.de\/blog\/engagement\/zukunft\/demokratie\/verfassung\/\">Verfassungssch\u00fcler<\/a>\u201c best\u00e4rkt Jugendliche darin, f\u00fcr ihre Rechte selbst einzustehen und sich einzubringen \u2013 in der Nachbarschaft, der Schule, einem Verein, einer Partei oder einer Initiative ihrer Wahl. Schulen und Jugendeinrichtungen werden dabei zum Trainingsplatz f\u00fcr <a href=\"https:\/\/www.freiburg-schwarzwald.de\/blog\/engagement\/zukunft\/demokratie\/demokratie-nation\/\">Demokratie<\/a>. Im Projekt finden Demokratiescouts die Demokratietalente von morgen. Sie bieten Jugendlichen Zeit und Raum, um Demokratie f\u00fcr sich zu entdecken und zu erleben. Sie unterst\u00fctzen insbesondere Jugendliche, die sich bisher von der Demokratie nicht angesprochen f\u00fchlen.&#8220;<\/em><br \/>\nDas liest sich zun\u00e4chst einmal gut. Unter diesem Statement finden sich aber u.a. diese Bilder, auf denen sich die Innenministerin Nancy Faeser mit islam-motivierten <a href=\"https:\/\/www.freiburg-schwarzwald.de\/blog\/engagement\/zukunft\/demokratie\/extremismus\/\">Extremisten<\/a> zeigt, die die Demokratie ver\u00e4chtlich machen, indem sie offen und ungeniert die H\u00e4nde zu rechtsradikalen Gr\u00fc\u00dfen emporstrecken:<\/p>\n<p><a href=\"https:\/\/www.freiburg-schwarzwald.de\/blog\/wp-content\/uploads\/2022\/06\/faeser-verfassungsschueler220615.jpg\"><img loading=\"lazy\" decoding=\"async\" class=\"alignnone size-thumbnail wp-image-101840\" src=\"https:\/\/www.freiburg-schwarzwald.de\/blog\/wp-content\/uploads\/2022\/06\/faeser-verfassungsschueler220615-139x180.jpg\" alt=\"\" width=\"139\" height=\"180\" srcset=\"https:\/\/www.freiburg-schwarzwald.de\/blog\/wp-content\/uploads\/2022\/06\/faeser-verfassungsschueler220615-139x180.jpg 139w, https:\/\/www.freiburg-schwarzwald.de\/blog\/wp-content\/uploads\/2022\/06\/faeser-verfassungsschueler220615-495x640.jpg 495w, https:\/\/www.freiburg-schwarzwald.de\/blog\/wp-content\/uploads\/2022\/06\/faeser-verfassungsschueler220615.jpg 526w\" sizes=\"auto, (max-width: 139px) 100vw, 139px\" \/><\/a><br \/>\nNancy Faeser mit den von ihr ausgezeichneten &#8222;Verfassungssch\u00fclern&#8220;<\/p>\n<p>&nbsp;<\/p>\n<p><a href=\"https:\/\/www.freiburg-schwarzwald.de\/blog\/wp-content\/uploads\/2022\/06\/faeser1verfassungsschueler220615.jpg\"><img loading=\"lazy\" decoding=\"async\" class=\"alignnone size-thumbnail wp-image-101841\" src=\"https:\/\/www.freiburg-schwarzwald.de\/blog\/wp-content\/uploads\/2022\/06\/faeser1verfassungsschueler220615-180x103.jpg\" alt=\"\" width=\"180\" height=\"103\" srcset=\"https:\/\/www.freiburg-schwarzwald.de\/blog\/wp-content\/uploads\/2022\/06\/faeser1verfassungsschueler220615-180x103.jpg 180w, https:\/\/www.freiburg-schwarzwald.de\/blog\/wp-content\/uploads\/2022\/06\/faeser1verfassungsschueler220615-640x368.jpg 640w, https:\/\/www.freiburg-schwarzwald.de\/blog\/wp-content\/uploads\/2022\/06\/faeser1verfassungsschueler220615.jpg 712w\" sizes=\"auto, (max-width: 180px) 100vw, 180px\" \/><\/a><br \/>\n&#8230; darunter sind auch diese muslimischen Extremisten (im Bild hinten)<\/p>\n<p>Im unteren Bild diese &#8222;Verfassungsch\u00fcler&#8220; mit<br \/>\n&#8211; <a href=\"https:\/\/www.freiburg-schwarzwald.de\/blog\/is-sunniten-gegen-schiiten\/\">ISIS-Gru\u00df<\/a> des Islamischen Staates (der Zeigefinger getreckt)<br \/>\n&#8211; Wolfsgruss der t\u00fcrkischen Rassisten &#8222;Graue W\u00f6lfe&#8220; (Zeigefinger und kleiner Finger<br \/>\ngestreckt, Daumen h\u00e4lt die anderen Finger), die als ultranationalistisch und faschistisch<br \/>\ngelten und in Frankreich verboten sind.<br \/>\n&#8211; Rabia-Symbol der islamistischen Muslimbr\u00fcder (vier ausgestreckte Finger mit dem<br \/>\neingeklappptem Daumen)<br \/>\n&#8211; geballter Faust von <a href=\"https:\/\/www.freiburg-schwarzwald.de\/blog\/linke-contra-lifestyle-linke-pmc\/\">BLM<\/a> &#8211; Black Lives Matter.<\/p>\n<p>Ganz im Sinne von <a href=\"https:\/\/www.freiburg-schwarzwald.de\/blog\/kultur\/leitkultur\/multikulti\/\">Multikulti<\/a> sind nur Migranten zu sehen und prim\u00e4r junge M\u00e4nner. Nancy Faeser hat diese allesamt als Verfassungssch\u00fcler ausgezeichnet, obwohl einige mit rechtsradikalen Gesten deutlich zeigten, dass sie die <a href=\"https:\/\/www.freiburg-schwarzwald.de\/blog\/engagement\/zukunft\/demokratie\/freiheit\/freiheitsrechte\/\">freiheitlich<\/a>&#8211;<a href=\"https:\/\/www.freiburg-schwarzwald.de\/blog\/engagement\/zukunft\/demokratie\/demokratie-nation\/\">demokratische <\/a><a href=\"https:\/\/www.freiburg-schwarzwald.de\/blog\/freiheitliche-grundordnung\/\">Grundordnung<\/a> und ihre Verfassung mi\u00dfachten &#8211; mehr noch: dass sie das Grundgesetz hassen und vernichten wollen.<br \/>\nAuch diese Bilder unterstreichen, wie einseitig die <a href=\"https:\/\/www.freiburg-schwarzwald.de\/blog\/faeser-heimat-positiv-umdeuten\/\">Bundesinnenministerin<\/a> gegen den Extremismus vorgeht.<br \/>\n&#8211; Rechtsextremismus bek\u00e4mpfen &#8211; gut so.<br \/>\n&#8211; &#8222;Kampf gegen rechts&#8220; mit Rechtsextremismus gleichsetzen &#8211;<br \/>\nUnsinn, da rechts und rechtsextrem nicht identisch sind.<br \/>\n&#8211; <a href=\"https:\/\/www.freiburg-schwarzwald.de\/blog\/engagement\/zukunft\/demokratie\/extremismus\/linksextremismus\/\">Linksextremismus<\/a> ignorieren &#8211; bedenklich.<br \/>\n&#8211; <a href=\"https:\/\/www.freiburg-schwarzwald.de\/blog\/religion\/islam\/islamismus\/\">Islam-motivierten Extremismus<\/a> ignorieren &#8211; bedenklich.<\/p>\n<p>Zudem fragt sich, ob zur Demokratief\u00f6rderung \u00fcberhaupt immer neue finanziell und personell teure Projekte erforderlich sind wie hier die Verfassungssch\u00fcler, wo wir doch \u00fcber so gute Schulen und Institutionen (wie z.B. die Bundes- und Landeszentralen f\u00fcr <a href=\"https:\/\/www.freiburg-schwarzwald.de\/blog\/bildung\/politische-bildung\/\">Politische Bildung<\/a> BpB bzw.LpB) verf\u00fcgen?<\/p>\n<p>Warum werden diese Migranten nicht nach dem neuen Ph\u00e4nomenbereich &#8222;<a href=\"https:\/\/www.freiburg-schwarzwald.de\/blog\/delegitimierung-des-staates\/\">verfassungsrelevante Delegitimation des Staates<\/a>&#8222;, indem &#8222;Ver\u00e4chtlichmachen&#8220; als juristischer Straftatbestand eingef\u00fchrt wurde,\u00a0 vom <a href=\"https:\/\/www.freiburg-schwarzwald.de\/blog\/engagement\/zukunft\/demokratie\/verfassung\/bundesverfassungsgericht\/\">BVerfG<\/a> juristisch belangt, wo sie doch mit ISIS-Gru\u00df, Wolfsgru\u00df, Rabia-Symbol und BLM-Faust den deutschen Staat ver\u00e4chtlich machen?<br \/>\n18.6.2022<br \/>\n.<br \/>\n.<br \/>\n<strong>(1) Mega-Bauchplatscher: Innenministerin lobt islamische Extremisten<\/strong><br \/>\n<strong>Blind gegen\u00fcber nicht-rechtem Extremismus<\/strong>?<br \/>\nTats\u00e4chlich zeigt der Fall exemplarisch: W\u00e4hrend Faeser und ihre Genossen hinter jeder Eiche einen Rechtsextremisten wittern und Regierungskritik generell f\u00fcr verd\u00e4chtig halten, sind sie gegen\u00fcber religi\u00f6s motiviertem (und auch linkem) Extremismus Couleur blind, ja nicht einmal in der Lage, diesen zu erkennen. Und f\u00f6rdern ihn wie in diesem Projekt mit Steuergelder.<br \/>\n&#8230; Alles vom 17.6.2022 bitte lesen auf<br \/>\n<a href=\"https:\/\/reitschuster.de\/post\/mega-bauchplatscher-innenministerin-lobt-islamische-extremisten\/\">https:\/\/reitschuster.de\/post\/mega-bauchplatscher-innenministerin-lobt-islamische-extremisten\/<\/a><br \/>\n.<\/p>\n<p><strong>(2) Die Gesten der Verfassungssch\u00fcler<\/strong><br \/>\nDas Innenministerium zeichnet 150 \u00bbVerfassungssch\u00fcler\u00ab aus \u2013 und die zeigen stolz islamistische Gesten. Man bedenke: Diese Sch\u00fcler hatten zuvor explizit \u00fcber deutsche Demokratie gelernt. Der Wolfsgru\u00df etc. war deren Reaktion auf das Gelernte.<br \/>\n&#8230;<br \/>\nBeim Projekt \u00bbVerfassungssch\u00fcler\u00ab (siehe <a href=\"https:\/\/www.verfassungsschueler.de\">https:\/\/www.verfassungsschueler.de<\/a>) wird mit den Sch\u00fclern ganz explizit \u00fcber Demokratie gesprochen, so erfahren wir auf der Website. Oder dar\u00fcber, was Linke heute unter Demokratie verstehen?!<br \/>\nUnd zum Schluss zeigen die Sch\u00fcler dem Steuerzahler, was sie wirklich von dem Gelernten halten.<br \/>\nIm Jahr 2016 schrieb ich einen Essay mit dem Titel: \u00bbWir m\u00fcssen hinschauen, endlich hinschauen.\u00ab <a href=\"https:\/\/www.dushanwegner.com\/endlich-hinschauen\/\">https:\/\/www.dushanwegner.com\/endlich-hinschauen\/<\/a> Oh ja, wir m\u00fcssen heute hinschauen. Sehr genau hinschauen! Die Innenministerin hat das Foto mit den rechtsradikalen Gesten inzwischen gel\u00f6scht. Nach dem Skandal. Diese Gesten seien \u00bbinakzeptabel\u00ab, so hei\u00dft es nun. \u2013 Das waren sie vor dem Skandal etwa nicht? H\u00e4tten die einfachen B\u00fcrger nicht hingeschaut, w\u00e4re es den linken Fachkr\u00e4ften wie Frau Faeser vermutlich niemals aufgefallen. Denen kommt es vielleicht inzwischen normal vor. Es ist aber nicht normal.<br \/>\nWir m\u00fcssen hinschauen, ganz genau hinschauen. Heute mehr denn je.<br \/>\nEs ist ein Gesetz der Natur: Nur wer hinschaut, bekommt mit, was wirklich passiert!<br \/>\n&#8230; Alles vom 17.6.2022 von Dushan Wegner bitte lesen auf<br \/>\n<a href=\"https:\/\/www.dushanwegner.com\/verfassungsschueler\/\">https:\/\/www.dushanwegner.com\/verfassungsschueler\/<\/a><br \/>\n.<br \/>\n.<br \/>\n<strong>(3) Ach, das Grundgesetz gilt in Teilen immer noch?<\/strong><br \/>\nHeftige Reaktionen auf das Urteil des Bundesverfassungsgerichts, wonach Bundeskanzlerin Angela Merkel ihre Neutralit\u00e4tspflicht verletzt hat, zeigen: Medien, Politik, aber auch Richter stellen verfassungsrechtliche Selbstverst\u00e4ndlichkeiten in Frage.<br \/>\nas Urteil des Bundesverfassungsgerichts (BVerfG), Kanzlerin Merkel habe mit ihren \u00c4u\u00dferungen zur Wahl des Ministerpr\u00e4sidenten in Th\u00fcringen das Neutralit\u00e4tsgebot verletzt, sei lebensfern. So jedenfalls urteilen S\u00fcddeutsche Zeitung und Spiegel, Letzterer h\u00e4lt die Entscheidung f\u00fcr fragw\u00fcrdig. Der S\u00fcddeutschen merkt man ihr Entsetzen in dem Satz \u201eDie Karlsruher Richter geben der AfD im Streit mit der fr\u00fcheren Kanzlerin Angela Merkel allen Ernstes recht\u201c an.<br \/>\n&#8230;.<br \/>\nDer verfassungsrechtlich gesch\u00fctzte Status der politischen Parteien (Art. 21 Abs. 1 S. 1 GG) gew\u00e4hrleistet das Recht, gleichberechtigt am politischen Wettbewerb teilzunehmen, weshalb jede Einwirkung von Staatsorganen und Regierungsmitgliedern zu Gunsten oder zu Lasten einzelner Parteien pflichtwidrig ist: Die Regierungsmitglieder \u2013 und dazu geh\u00f6rt der Kanzler \u2013 m\u00fcssen Neutralit\u00e4t wahren.<br \/>\nDas sind keine \u201epeanuts\u201c, denn in einer Demokratie geht alle Staatsgewalt vom Volke aus. \u201eDemokratische Legitimation im Sinne des Art. 20 Abs. 2 GG verm\u00f6gen Wahlen und Abstimmungen nur zu vermitteln, wenn sie frei sind. Dies setzt nicht nur voraus, dass der Akt der Stimmabgabe frei von Zwang und unzul\u00e4ssigem Druck bleibt, sondern auch, dass die W\u00e4hler ihr Urteil in einem freien und offenen Prozess der Meinungsbildung gewinnen und f\u00e4llen k\u00f6nnen (vgl. BVerfGE 148, 11 &lt;23 Rn. 40&gt;; 154, 320 &lt;334 Rn. 44&gt;; stRspr).\u201c<\/p>\n<p>Beeinflussung der freien Meinungsbildung durch die Kraft eines Regierungsamtes, welches dem Standpunkt besonderes Gewicht verleiht, ist daher absolut unzul\u00e4ssig.<br \/>\nEs kommt ein weiterer Gesichtspunkt hinzu: S\u00e4mtliche Staatsorgane, allen voran die Regierung, sind dem gesamten Volk verpflichtet. Daher kommen nur \u00fcberragende Staatswohlgesichtspunkte als Rechtfertigung einer objektiven Verletzung des Neutralit\u00e4tsgebots in Betracht, die hier aber nicht vorlagen. \u201eStaatsorgane haben als solche allen zu dienen und sich neutral zu verhalten\u201c, so das BVerfG.<br \/>\n&#8230;.<br \/>\nEigentlich birgt die Entscheidung des BVerfG also keinen Z\u00fcndstoff. Merkel hat sich falsch verhalten, jedem auch nur halbwegs mit unserer Verfassung Vertrauten war das bekannt. Warum also die Aufregung?<br \/>\nZum einen war beeindruckend, wie sehr die Medien bei diesem Vorfall versagt haben, die Kanzlerin zu diesem verfassungswidrigen Verhalten sogar bewegten. Es offenbarte sich damals ein nicht nur mangelhaftes Verfassungsverst\u00e4ndnis vieler Journalisten, sondern ein geradezu entgegengesetztes. Demokratie hei\u00dft auch, dass die \u201efalsche\u201c Partei an der Macht sein kann und darf. Das ist die Zumutung, welche die Demokratie ihren B\u00fcrgern abverlangt. In diesem Fall konnten weite Teile der Medien aber nicht einmal ertragen, dass ein Ministerpr\u00e4sident mit den Stimmen einer nach ihrer Ansicht falschen Partei gew\u00e4hlt wurde, und entfachten einen einzigartigen Medienhype. Es ist nachvollziehbar, dass es nun f\u00fcr die entsprechenden Teile der Medien unangenehm ist zu erfahren, dass sie falsch lagen.<br \/>\nZum anderen wurde wohl von vielen nicht mehr erwartet, dass das BVerfG die Verfassung wahrt. Nach den Klima- und Corona-Entscheidungen des 1. Senats unter Vorsitz des fr\u00fcheren CDU-Bundestagsabgeordneten Stephan Harbarth ist das Vertrauen in die Objektivit\u00e4t und Neutralit\u00e4t des BVerfG schwer besch\u00e4digt. In derart wichtigen politischen Fragen noch das BVerfG anzurufen, wird unter Juristen als wenig erfolgversprechend angesehen, denn dieses wirke als verl\u00e4ngerter Arm der Bundesregierung, nicht aber als Kontrollinstanz.<br \/>\nIm vorliegenden Fall hat jedoch der 2. Senat entschieden, dieser hat (noch) seine Unabh\u00e4ngigkeit behauptet. Allerdings geh\u00f6rt zur Wahrheit auch, dass es eine knappe Entscheidung war. F\u00fcnf Richter votierten f\u00fcr, drei gegen die Entscheidung, die Richterin Wallrabenstein mit einem Sondervotum. Da das Urteil auf der bekannten Rechtsprechung basiert, ist dies durchaus beachtenswert.<br \/>\n&#8230;. Alles vom 17.6.2022 von &#8222;Der Verfasser ist der Redaktion namentlich bekannt.&#8220; bitte lesen auf<br \/>\n<a href=\"https:\/\/www.tichyseinblick.de\/gastbeitrag\/merkel-urteil-bundesverfassungsgericht-grundgesetz-gilt-noch\/\">https:\/\/www.tichyseinblick.de\/gastbeitrag\/merkel-urteil-bundesverfassungsgericht-grundgesetz-gilt-noch\/<\/a><\/p>\n<p>Einige Kommentare:<br \/>\n<strong>&#8222;Der Verfasser ist der Redaktion namentlich bekannt.&#8220;<\/strong><br \/>\nKlasse , weit haben wir es gebracht in diesem besten Deutschland aller Zeiten , heute mu\u00df man aufpassen , wenn man die Wahrheit schreibt , danke an den Verfasser das er es trotzdem macht .<br \/>\nWas hat H. M. Broder so treffend gesagt am Tag der Wiederkehr der Reichsprogromnacht vom 9. November 1938 auftauchende Frage, wie es soweit kommen konnte. :\u201cWeil sie damals so waren, wie ihr heute seid!\u201d<br \/>\n17.6.2022, Hek<\/p>\n<p><strong>Tja, wie sieht die Strafe f\u00fcr eine Verfassungsbrecherin aus?<\/strong><br \/>\n10 Jahre oder lebensl\u00e4nglich Gef\u00e4ngnis? Nein sie geht straffrei aus und lacht sich ins F\u00e4ustchen. Ihr Anweisung wird auch nicht r\u00fcckg\u00e4ngig durch Neuwahlen gemacht. Mehr als ein Augenzwinkern des DuDuDu, das machst du das n\u00e4chste Mal geschickter war das nicht.<br \/>\nWir brauchen einen funktionierenden Rechtsstaat mit Gewaltenteilung und nicht weisungsgebundenen Staatsanwaltschaft. Komisch das bei uns so wenige sprich null Politiker zur Verantwortung gezogen werden. Ein Justizminister geh\u00f6rt der Exekutiven an, gleichzeitig hockt er noch im Parlament der Legislative und beruft noch Richter und sagt den Staatsanwaltschaften was sie zu tun und zu lassen hat (siehe Strobel Aff\u00e4re gerade in BW oder die Ermittlungen gegen Scholz wegen Wartburg oder die Verfolgung des Weimarer Richters).<br \/>\nNur so, wer bei uns die GEZ nicht zahlt wandert ins Gef\u00e4ngnis wegen 400\u20ac. Da ist doch das verfassungsbrechen eine Lappalie dagegen.<br \/>\n17.6.2022, Swe<\/p>\n<p><strong>Das 5:3 Votum zeigt, wie besch\u00e4digt die rechtstaatliche Gewaltenteilung schon ist<\/strong>.<br \/>\nDie 3 stellen keine Meinung sondern einen Kulturbruch dar. Der Kommentar von Jutizminister Buschmann ist eine herbe Entt\u00e4uschung. So ein Armutszeugnis h\u00e4tte ihm keiner ausgestellt, das konnte nur er selbst.<br \/>\n17.6.2022, rox<\/p>\n<p><strong>Die Grund\u00fcberzeugung von Frau Merkel &amp; Co. zur AfD,<\/strong><br \/>\nund die ger\u00fcgte Neutralit\u00e4tsverletzung sind mir eher gleichg\u00fcltig. \u201c unverzeihlich-r\u00fcckg\u00e4ngig machen\u201c ist, da es leider auch umgesetzt wurde, obwohl Herr Kemmerich nicht zur\u00fccktreten mu\u00dfte, der Bruch der FDGO. Die Landtagsabgeordneten waren legal gew\u00e4hlt, und, sie hatten legal f\u00fcr einen Ministerpr\u00e4sidenten gestimmt, der damit legal gew\u00e4hlt war. Ob das politisch genehm ist, oder nicht, ist nicht FDGO-relevant.<br \/>\n17.6.2022, bkk<\/p>\n<p><strong>Damit ist beweiskraeftig festgestellt,<\/strong><br \/>\ndass es unter den Richtern des BVerfG einige gibt, die nicht (mehr) auf dem Boden des GG und der FDGO stehen. Bekannt war das natuerlich schon lange und in den letzten Entscheidungen auch bestaetigt.<br \/>\nDas \u201eVerst\u00e4ndnis\u201c dieser votierenden Richter von einer Demokratie, in der ordnungsgem\u00e4\u00dfe Wahlen unabh\u00e4ngig vom Ergebnis konstitutiv sind, und damit ihre Sicht auf Art 20 GG ist ebenso entlarvend wie verheerend. Ich hoffe, dass sich der Verfassungsschutz zumindest mit diesen \u201eRichtern\u201c eingehend befasst. Die \u201eBegr\u00fcndungen\u201c verraten sich wie immer selbst oder um es zu simplifizieren : Es gibt auf dem Boden des GG, das keine Parteienherrschaft \u2013 oder Autokratie vorsieht, schlicht keine Begruendung fuer ein abweichendes Votum. In einem funktionierenden Rechtsstaat muessten die betreffenden \u201eRichter\u201c ihren Hut nehmen. Hier wurden, wenig ueberraschend, von den entsprechenden Parteien die Boecke zu G\u00e4rtnern gemacht. Die zitierte Dame wurde von den \u201edemokratieaffinen\u201c Gruenen in das Amt gehievt. Mehr muss man nicht wissen.<br \/>\n17.6.2022, R.E.<br \/>\nEnde Kommentare<\/p>\n<p>.<\/p>\n<p>.<\/p>\n<p><strong>(4)\u00a0Faeser feiert ihre \u201eVerfassungssch\u00fcler\u201c \u2013 wobei einige den faschistischen Wolfsgru\u00df zeigen<\/strong><br \/>\nNancy Faeser will vor allem Rechtsextremismus bek\u00e4mpfen. Dennoch erkennt sie die Zeichen der gr\u00f6\u00dften rechtsextremistischen Organisation in Deutschland nicht \u2013 und teilt deren Anh\u00e4nger freudig als Musterbeispiele f\u00fcr Integration. Erst nachtr\u00e4glich distanzierte sie sich.<br \/>\nFaeser hat in ihrer kurzen Zeit vor allem mit einem Thema auf sich aufmerksam gemacht: der Bek\u00e4mpfung von Rechtsextremismus. Diese hat in ihrem Hause oberste Priorit\u00e4t, wie sie mehrmals und immer wieder unmissverst\u00e4ndlich klar machte und macht.<br \/>\nAber als Innenministerin k\u00fcmmert sich Nancy Faeser auch um andere Projekte: Eines davon ist das Projekt \u201eVerfassungssch\u00fcler\u201c. Dieses Projekt soll Jugendlichen \u201eZeit und Raum\u201c bieten, die Demokratie \u201ef\u00fcr sich zu entdecken und zu erleben\u201c \u2013 insbesondere Jugendlichen, die sich bisher von der Demokratie \u201enicht angesprochen\u201c f\u00fchlten und sie so zu \u201eVerfassungssch\u00fclern\u201c machen. Stolz twitterte Faeser heute ein Foto von diesen \u201eVerfassungssch\u00fclern\u201c: Das Projekt l\u00e4ge ihr \u201esehr am Herzen. Es schafft R\u00e4ume, Begegnungen und Vorbilder, um Demokratie zu erleben\u201c, schreibt sie.<br \/>\nDas Problem f\u00fcr Faeser: Nicht alle wollen \u201eDemokratie erleben\u201c, wie das Foto zeigt. Das Bild wurde schnell zum Peinlich-Tweet f\u00fcr die Ministerin: In der letzten Reihe des Fotos versammelten sich n\u00e4mlich mehrere junge M\u00e4nner, die verschiedene Handgesten in die Kamera halten. Eines davon ist der \u201eWolfsgru\u00df\u201c t\u00fcrkischer Rechtsradikaler. Das Handzeichen mit zwei gespreizten Fingern symbolisiert einen Wolf und ist seit jeher Gru\u00df der t\u00fcrkischen Faschisten, der \u201eGrauen W\u00f6lfe\u201c. Graue W\u00f6lfe ist ein Oberbegriff f\u00fcr antisemitische, homophobe, rassistische Rechtsradikale in der T\u00fcrkei.<\/p>\n<p>Links davon zeigt ein weiterer mit dem Finger gen Himmel \u2013 ein muslimisches Zeichen des Bekenntnisses zu Allah, welches durch den \u201eIslamischen Staat\u201c weltweit Bekanntheit erlangte. Rechts von ihm (verortend, vielleicht auch ideologisch) zeigen mehrere Jungs die sogenannte \u201eRabia-Hand\u201c, die als Zeichen der Muslimbruderschaft gilt. Ein faschistisch-islamistischer Hattrick, k\u00f6nnte man zynisch festhalten \u2013 und drei riesige Eigentore f\u00fcr die gr\u00f6\u00dfte \u201eGegen-Rechts\u201c-K\u00e4mpferin der Bundesrepublik, die offenbar nicht einmal das Handzeichen der gr\u00f6\u00dften rechtsextremen Gruppierung in Deutschland, der Grauen W\u00f6lfe, erkennen kann. Erst, nachdem sie von zahlreichen Twitter-Usern auf die Fascho-Jungs in der letzten Reihe hingewiesen wird, twittert sie eine knappe Distanzierung hinterher.<br \/>\n2020 wollte die SPD die \u201eGrauen W\u00f6lfe\u201c sogar verbieten, stimmte einem entsprechenden Antrag im Bundestag zu. Faeser hat dieses Memo wohl nicht bekommen \u2013 oder selbst ihr Rechtsextremismusbegriff ist ein unehrlicher, halbierter, der nur \u201ewei\u00dfen Rechtsextremismus\u201c sehen will. Was auch immer der Grund f\u00fcr dieses Eigentor ist \u2013 Schlampigkeit, Naivit\u00e4t oder bewusste Blindheit \u2013, ein dickes Eigentor der gr\u00f6\u00dften \u201eGegen-Rechts\u201c-K\u00e4mpferin aller Zeiten ist und bleibt es.<br \/>\nNach Kritik reagierte Nancy Faeser. Derweil bleiben Tweet mitsamt Bild und enthaltenen demokratiefeindlichen Gesten aber weiterhin online.<br \/>\n&#8230; Alles vom 16.6.2022 bitte lesen auf<br \/>\n<a href=\"https:\/\/www.tichyseinblick.de\/daili-es-sentials\/nancy-faeser-verfassungsschueler-wolfssgruss\/\">https:\/\/www.tichyseinblick.de\/daili-es-sentials\/nancy-faeser-verfassungsschueler-wolfssgruss\/<\/a><\/p>\n<p>&nbsp;<\/p>\n","protected":false},"excerpt":{"rendered":"<p>Auf der vom Steuerzahler finanzierten Seite https:\/\/verfassungsschueler.de\/ des Bundesinnenministeriums steht: &#8222;Das Projekt \u201eDie Verfassungssch\u00fcler\u201c best\u00e4rkt Jugendliche darin, f\u00fcr ihre Rechte selbst einzustehen und sich einzubringen \u2013 in der Nachbarschaft, der Schule, einem Verein, einer Partei oder einer Initiative ihrer Wahl. &hellip; <a href=\"https:\/\/www.freiburg-schwarzwald.de\/blog\/islamist-als-verfassungsschueler\/\">Weiterlesen <span class=\"meta-nav\">&rarr;<\/span><\/a><\/p>\n","protected":false},"author":2,"featured_media":0,"comment_status":"open","ping_status":"closed","sticky":false,"template":"","format":"standard","meta":{"footnotes":""},"categories":[18,60,80,157,19],"tags":[682,725,421,622,525],"class_list":["post-101839","post","type-post","status-publish","format-standard","hentry","category-bildung","category-jugend","category-medien","category-oeffentlicher-raum","category-religion","tag-freiheit","tag-integration","tag-islam","tag-migration","tag-politik"],"_links":{"self":[{"href":"https:\/\/www.freiburg-schwarzwald.de\/blog\/wp-json\/wp\/v2\/posts\/101839","targetHints":{"allow":["GET"]}}],"collection":[{"href":"https:\/\/www.freiburg-schwarzwald.de\/blog\/wp-json\/wp\/v2\/posts"}],"about":[{"href":"https:\/\/www.freiburg-schwarzwald.de\/blog\/wp-json\/wp\/v2\/types\/post"}],"author":[{"embeddable":true,"href":"https:\/\/www.freiburg-schwarzwald.de\/blog\/wp-json\/wp\/v2\/users\/2"}],"replies":[{"embeddable":true,"href":"https:\/\/www.freiburg-schwarzwald.de\/blog\/wp-json\/wp\/v2\/comments?post=101839"}],"version-history":[{"count":5,"href":"https:\/\/www.freiburg-schwarzwald.de\/blog\/wp-json\/wp\/v2\/posts\/101839\/revisions"}],"predecessor-version":[{"id":101863,"href":"https:\/\/www.freiburg-schwarzwald.de\/blog\/wp-json\/wp\/v2\/posts\/101839\/revisions\/101863"}],"wp:attachment":[{"href":"https:\/\/www.freiburg-schwarzwald.de\/blog\/wp-json\/wp\/v2\/media?parent=101839"}],"wp:term":[{"taxonomy":"category","embeddable":true,"href":"https:\/\/www.freiburg-schwarzwald.de\/blog\/wp-json\/wp\/v2\/categories?post=101839"},{"taxonomy":"post_tag","embeddable":true,"href":"https:\/\/www.freiburg-schwarzwald.de\/blog\/wp-json\/wp\/v2\/tags?post=101839"}],"curies":[{"name":"wp","href":"https:\/\/api.w.org\/{rel}","templated":true}]}}