{"id":101533,"date":"2022-05-26T09:09:27","date_gmt":"2022-05-26T07:09:27","guid":{"rendered":"https:\/\/www.freiburg-schwarzwald.de\/blog\/?p=101533"},"modified":"2022-06-06T09:48:11","modified_gmt":"2022-06-06T07:48:11","slug":"erfahrung-in-stadt-und-land","status":"publish","type":"post","link":"https:\/\/www.freiburg-schwarzwald.de\/blog\/erfahrung-in-stadt-und-land\/","title":{"rendered":"Erfahrung in Stadt und Land"},"content":{"rendered":"<p><a href=\"https:\/\/www.freiburg-schwarzwald.de\/blog\/business\/gesund\/corona-virus\/corona-kinder\/\">Kinder<\/a> denken in Gut und B\u00f6se. Die menschlichen Zwischent\u00f6ne werden sp\u00e4ter dann durch eigene <a href=\"https:\/\/www.freiburg-schwarzwald.de\/blog\/bildung\/duale-bildung\/erfahrung\/\">Erfahrung<\/a> angeh\u00e4uft. Die heutige <a href=\"https:\/\/www.freiburg-schwarzwald.de\/blog\/bildung\/infantil\/\">Infantilisierung<\/a> der Gesellschaft vor allem der <a href=\"https:\/\/www.freiburg-schwarzwald.de\/blog\/kultur\/medien\/mainstream\/\">Medien<\/a> (<a href=\"https:\/\/www.freiburg-schwarzwald.de\/blog\/kultur\/medien\/journalismus\/haltungsjournalismus\/\">Journalisten<\/a>) und <a href=\"https:\/\/www.freiburg-schwarzwald.de\/blog\/bundestagsrede-emilia-fester\/\">Politik<\/a> (<a href=\"https:\/\/www.freiburg-schwarzwald.de\/blog\/engagement\/zukunft\/demokratie\/bundestag\/\">Abgeordnete<\/a>) ist ein Zeichen daf\u00fcr, da\u00df das\u00a0 Erfahrungswissen gegen\u00fcber dem am PC bequem erworbenem Theoriewissen <!--more-->immer weniger eine Rolle spielt.<\/p>\n<p>Erfahrungswissen hat im l\u00e4ndlichen Raum bei den <a href=\"https:\/\/www.freiburg-schwarzwald.de\/blog\/somewheres-gegen-anywheres\/\">Somewheres<\/a> (<a href=\"https:\/\/www.freiburg-schwarzwald.de\/blog\/natur\/landwirt\/\">Landwirte<\/a>, <a href=\"https:\/\/www.freiburg-schwarzwald.de\/blog\/natur\/wald\/forst\/\">Forstleute<\/a>, <a href=\"https:\/\/www.freiburg-schwarzwald.de\/blog\/business\/handwerk\/\">Handwerker<\/a>) noch Bedeutung, bei den <a href=\"https:\/\/www.freiburg-schwarzwald.de\/blog\/global\/deutschland\/gesellschaft\/anywheres\/\">Anywheres<\/a> in <a href=\"https:\/\/www.freiburg-schwarzwald.de\/blog\/spaltung-stadt-und-landleben\/\">Gro\u00dfst\u00e4dten<\/a> und Ballungsgebieten hingegen weniger. Kennet Anders geht im Interview auf Kontrafunk.ch auf diese Spaltung der <a href=\"https:\/\/www.freiburg-schwarzwald.de\/blog\/global\/deutschland\/gesellschaft\/zivilgesellschaft\/\">Zivilgesellschaft<\/a> ein (siehe Link unten).<\/p>\n<p>Zum Interview: <a href=\"https:\/\/www.freiburg-schwarzwald.de\/blog\/natur\/landschaft\/\">Landschaft<\/a> ist angeeignete Natur und Kulturlandschaft ist Ausdruck unseres Empfindens \u00fcber Jahre hinweg. Aneignung von Natur ist existenziell wichtig, wird aber von St\u00e4dtern als Anywheres mit Unbehagen verfolgt &#8211; dies zumeist aus Unwissen, da ihnen die Erfahrung der Landwirte, F\u00f6rster, Handwerker usw. als Somewheres im Umgang mit den Ressourcen der Natur (Boden, Wald, Wasser, &#8230;) fehlt. Unsere Gesellschaft ist zu sehr dominiert von Verbrauch bzw. <a href=\"https:\/\/www.freiburg-schwarzwald.de\/blog\/engagement\/verbraucher\/konsum\/\">Konsum<\/a> und hat Defizite im Umweltdiskurs. &#8222;D\u00fcnger ist Teufelszeug&#8220;, sagt der St\u00e4dter, dabei gedeiht ohne D\u00fcngung nichts.<br \/>\nEs ist ein Kulturdrama, da\u00df sich die moderne Zivilisation so sehr entfernt hat von der Erfahrung im Umgang mit den Ressourcen der Natur. Nur wer aus der eigenen Erfahrung heraus spricht, steht auf gutem Grunde.<br \/>\nKenneth Anders unterscheidet drei Produzententypen. die immer mehr dominieren:<br \/>\n(1) Die Modellierer: Modelle werden als Hypothese entworfen und mit Daten gef\u00fcttert, um gem\u00e4\u00df den angenommenen Algorithmen eine Ex-ante-Analyse f\u00fcr die Zukunft zu liefern &#8211; mit allen Unsicherheiten.<br \/>\n(2) Die Messwissenschaftler, die auf Basis statistischer Daten eine Ex-post-Analyse durchf\u00fchren.<br \/>\n(3) Die Ideologieproduzenten, die sich im Gegensatz zu (1) und (2) gar nicht erst die M\u00fche machen, Informationen zu erheben, sondern ihre quasi-religi\u00f6sen Heilslehren an Moral und Glaube ausrichten.<\/p>\n<p>\u00dcberspitzt ausgedr\u00fcckt, stehen sich zwei &#8218;Welten&#8216; gegen\u00fcber:<br \/>\n&#8211; Kopfwelt versus Erfahrungswelt, wobei sich erstere als DIE Experten bezeichnen.<br \/>\n&#8211; Theoriewissen versus Praxiswissen.<br \/>\n&#8211; Anywheres versus Somewheres, die verwurzelt sind.<br \/>\n&#8211; Virtuell (Narrative, Mythen) versus real.<br \/>\n&#8211; <a href=\"https:\/\/www.freiburg-schwarzwald.de\/blog\/spaltung-stadt-und-landleben\/\">Stadt- und Landleben<\/a><br \/>\nDie jeweils Erstgenannten f\u00fchren in eine scholastische Gesellschaft, die irgendwelchen Lehrmeinungen anh\u00e4ngt, welche von sog. Experten propagiert werden. Menschen mit eigenem Erfahrungswissen bleibt nur, dar\u00fcber den Kopf zu sch\u00fctteln. In dieser Expertengesellschaft beherrschen Unerfahrene die Diskussion:<br \/>\n&#8211; Die Agrardiskussion wird weitgehend ohne Landwirte gef\u00fchrt.<br \/>\n&#8211; Die Gesundheitsdiskussion kommt ohne Mitsprache der \u00c4rzte und Pfleger aus.<br \/>\n&#8211; Die <a href=\"https:\/\/www.freiburg-schwarzwald.de\/blog\/bildung\/bildungsmisere\/\">Bildungsdiskussion<\/a> geht \u00fcber die K\u00f6pfe der Lehrer und Erzieher hinweg vonstatten.<br \/>\n&#8211; In der Handwerksdiskussion haben Handwerker nur dann etwas zu sagen, wenn sie nach Abschlu\u00df der Lehre studiert und gerne noch promoviert haben.<\/p>\n<p>Die Diskriminierung des Erfahrungswissens mu\u00df dann zwangsl\u00e4ufig zu unbefriedigenden Ergebnissen f\u00fchren, als Resultat eines &#8222;Pink-pong zwischen Politik, Wissenschaft, Experten, NGOs und Medien&#8220;. Dieses Ping-pong pr\u00e4gt die \u00f6ffentliche bzw. ver\u00f6ffentlichte Meinung. Wo bleibt die <a href=\"https:\/\/www.freiburg-schwarzwald.de\/blog\/kultur\/medien\/meinungsfreiheit\/eigene-meinung\/\">eigene Meinung<\/a> zwischen <a href=\"https:\/\/www.freiburg-schwarzwald.de\/blog\/kultur\/medien\/meinungsfreiheit\/\">Meinungsfreiheit<\/a>, <a href=\"https:\/\/www.freiburg-schwarzwald.de\/blog\/meinungsvielfalt-medienvielfalt\/\">Meinungsvielfalt <\/a>und und\u00a0<a href=\"https:\/\/www.freiburg-schwarzwald.de\/blog\/kultur\/medien\/meinungsterror\/\">Meinungsterror<\/a>?<br \/>\n26.5.2022<\/p>\n<p>&nbsp;<\/p>\n<p><strong>Anders: Feld, Wald, Viren &#8211; Wenn wir in Frieden leben wollen<\/strong><br \/>\nDer Kulturhistoriker Kenneth Anders (neues Buch: <em>\u201eWenn wir in Frieden leben wollen: Texte aus der Coronazeit\u201c<\/em>, Aufland Verlag, 126 Seiten) spricht mit Burkhard M\u00fcller-Ullrich \u00fcber Bauernweisheit und St\u00e4dterdummheit, \u00fcber landwirtschaftliche Technologie und Landschaft als Erkenntnisquelle sowie \u00fcber Ackerbau, Viehzucht und Forstpflege als oft mi\u00dfverstandene, oft idealisierte, aber h\u00f6chst wahrhaftige Lebensform.<br \/>\n&#8230; Alles vom 26.5.2022 bitte anh\u00f6ren auf<br \/>\n<a href=\"https:\/\/www.kontrafunk.ch\/de\/podcast\/flg-16-feld-wald-und-viren\">https:\/\/www.kontrafunk.ch\/de\/podcast\/flg-16-feld-wald-und-viren<\/a><\/p>\n<p><a href=\"https:\/\/www.kreatives-brandenburg.de\/de\/\">https:\/\/www.kreatives-brandenburg.de\/de\/<\/a><br \/>\n<a href=\"https:\/\/www.kubi-online.de\/\">https:\/\/www.kubi-online.de\/<\/a><\/p>\n<p><a href=\"https:\/\/landschaftskommunikation.de\/\">https:\/\/landschaftskommunikation.de\/<\/a><br \/>\n<a href=\"https:\/\/auflandverlag.de\/\">https:\/\/auflandverlag.de\/<\/a><br \/>\n<a href=\"https:\/\/auflandverlag.de\/produkt\/kenneth-anders-wenn-wir-in-frieden-leben-wollen\/\">https:\/\/auflandverlag.de\/produkt\/kenneth-anders-wenn-wir-in-frieden-leben-wollen\/<\/a><\/p>\n","protected":false},"excerpt":{"rendered":"<p>Kinder denken in Gut und B\u00f6se. Die menschlichen Zwischent\u00f6ne werden sp\u00e4ter dann durch eigene Erfahrung angeh\u00e4uft. Die heutige Infantilisierung der Gesellschaft vor allem der Medien (Journalisten) und Politik (Abgeordnete) ist ein Zeichen daf\u00fcr, da\u00df das\u00a0 Erfahrungswissen gegen\u00fcber dem am PC &hellip; <a href=\"https:\/\/www.freiburg-schwarzwald.de\/blog\/erfahrung-in-stadt-und-land\/\">Weiterlesen <span class=\"meta-nav\">&rarr;<\/span><\/a><\/p>\n","protected":false},"author":2,"featured_media":0,"comment_status":"open","ping_status":"closed","sticky":false,"template":"","format":"standard","meta":{"footnotes":""},"categories":[18,154,13,201,80,12,11,95,68],"tags":[277,716,360,415,682,621,363,532,762],"class_list":["post-101533","post","type-post","status-publish","format-standard","hentry","category-bildung","category-ernaehrung","category-kultur","category-landwirt","category-medien","category-natur","category-regio","category-schulen","category-umwelt","tag-bauer","tag-bauernhof","tag-bio","tag-ernte","tag-freiheit","tag-land","tag-lernen","tag-city","tag-wissen"],"_links":{"self":[{"href":"https:\/\/www.freiburg-schwarzwald.de\/blog\/wp-json\/wp\/v2\/posts\/101533","targetHints":{"allow":["GET"]}}],"collection":[{"href":"https:\/\/www.freiburg-schwarzwald.de\/blog\/wp-json\/wp\/v2\/posts"}],"about":[{"href":"https:\/\/www.freiburg-schwarzwald.de\/blog\/wp-json\/wp\/v2\/types\/post"}],"author":[{"embeddable":true,"href":"https:\/\/www.freiburg-schwarzwald.de\/blog\/wp-json\/wp\/v2\/users\/2"}],"replies":[{"embeddable":true,"href":"https:\/\/www.freiburg-schwarzwald.de\/blog\/wp-json\/wp\/v2\/comments?post=101533"}],"version-history":[{"count":4,"href":"https:\/\/www.freiburg-schwarzwald.de\/blog\/wp-json\/wp\/v2\/posts\/101533\/revisions"}],"predecessor-version":[{"id":101551,"href":"https:\/\/www.freiburg-schwarzwald.de\/blog\/wp-json\/wp\/v2\/posts\/101533\/revisions\/101551"}],"wp:attachment":[{"href":"https:\/\/www.freiburg-schwarzwald.de\/blog\/wp-json\/wp\/v2\/media?parent=101533"}],"wp:term":[{"taxonomy":"category","embeddable":true,"href":"https:\/\/www.freiburg-schwarzwald.de\/blog\/wp-json\/wp\/v2\/categories?post=101533"},{"taxonomy":"post_tag","embeddable":true,"href":"https:\/\/www.freiburg-schwarzwald.de\/blog\/wp-json\/wp\/v2\/tags?post=101533"}],"curies":[{"name":"wp","href":"https:\/\/api.w.org\/{rel}","templated":true}]}}