{"id":10140,"date":"2012-08-29T15:22:54","date_gmt":"2012-08-29T13:22:54","guid":{"rendered":"https:\/\/www.freiburg-schwarzwald.de\/blog\/?p=10140"},"modified":"2012-08-31T15:25:09","modified_gmt":"2012-08-31T13:25:09","slug":"bike-arena-im-dreisamtaeler-runder-tisch","status":"publish","type":"post","link":"https:\/\/www.freiburg-schwarzwald.de\/blog\/bike-arena-im-dreisamtaeler-runder-tisch\/","title":{"rendered":"Bike-Arena im Dreisamtaeler &#8211; Runder Tisch"},"content":{"rendered":"<p>Zum Bericht \u00fcber die Pressekonferenz, bei der \u00fcber den aktuellen Diskussionsstand am \u201eRunden Tisch\u201c in Sachen <a title=\"Bike-Arena\" href=\"https:\/\/www.freiburg-schwarzwald.de\/blog\/sport\/sportlern\/biken\/bike-arena\/\">Bike-Arena<\/a>\u00a0informiert wurde, erreichte die Redaktion ein Anruf von Egbert Greiwe, dem Schatzmeister der IG Giersberg. Er legt Wert auf die Feststellung, dass sowohl die Verlegung der Trainingsstrecke auf das Gebiet Birkenreute als auch der Verbleib eines Kinder-Geschicklichkeitsparcours am Giersberg am \u201eRunden Tisch\u201c noch strittig seien. Au\u00dferdem komme am Beginn des Beitrags unklar r\u00fcber, dass sowohl der Moderator Schr\u00f6der-Klings als auch der Experte Ralf Roth von der Gemeinde, und nicht vom SVK, bestellt wurden. Im \u00dcbrigen wird der \u201eDreisamt\u00e4ler\u201c auch weiterhin \u2013 zumindest solange der \u201eRunde Tisch\u201c noch tagt \u2013 keine Leserbriefe zum Thema \u201eBike-Arena\u201c abdrucken, da ihre Inhalte keine weiteren Erkenntnisse in den Diskussionsprozess einbringen.<br \/>\n29.8.2012, <a href=\"https:\/\/www.dreisamtaeler.de\/\">www.dreisamtaeler.de<\/a><\/p>\n","protected":false},"excerpt":{"rendered":"<p>Zum Bericht \u00fcber die Pressekonferenz, bei der \u00fcber den aktuellen Diskussionsstand am \u201eRunden Tisch\u201c in Sachen Bike-Arena\u00a0informiert wurde, erreichte die Redaktion ein Anruf von Egbert Greiwe, dem Schatzmeister der IG Giersberg. Er legt Wert auf die Feststellung, dass sowohl die &hellip; <a href=\"https:\/\/www.freiburg-schwarzwald.de\/blog\/bike-arena-im-dreisamtaeler-runder-tisch\/\">Weiterlesen <span class=\"meta-nav\">&rarr;<\/span><\/a><\/p>\n","protected":false},"author":4,"featured_media":0,"comment_status":"open","ping_status":"closed","sticky":false,"template":"","format":"standard","meta":{"footnotes":""},"categories":[1],"tags":[],"class_list":["post-10140","post","type-post","status-publish","format-standard","hentry","category-allgemein"],"_links":{"self":[{"href":"https:\/\/www.freiburg-schwarzwald.de\/blog\/wp-json\/wp\/v2\/posts\/10140","targetHints":{"allow":["GET"]}}],"collection":[{"href":"https:\/\/www.freiburg-schwarzwald.de\/blog\/wp-json\/wp\/v2\/posts"}],"about":[{"href":"https:\/\/www.freiburg-schwarzwald.de\/blog\/wp-json\/wp\/v2\/types\/post"}],"author":[{"embeddable":true,"href":"https:\/\/www.freiburg-schwarzwald.de\/blog\/wp-json\/wp\/v2\/users\/4"}],"replies":[{"embeddable":true,"href":"https:\/\/www.freiburg-schwarzwald.de\/blog\/wp-json\/wp\/v2\/comments?post=10140"}],"version-history":[{"count":0,"href":"https:\/\/www.freiburg-schwarzwald.de\/blog\/wp-json\/wp\/v2\/posts\/10140\/revisions"}],"wp:attachment":[{"href":"https:\/\/www.freiburg-schwarzwald.de\/blog\/wp-json\/wp\/v2\/media?parent=10140"}],"wp:term":[{"taxonomy":"category","embeddable":true,"href":"https:\/\/www.freiburg-schwarzwald.de\/blog\/wp-json\/wp\/v2\/categories?post=10140"},{"taxonomy":"post_tag","embeddable":true,"href":"https:\/\/www.freiburg-schwarzwald.de\/blog\/wp-json\/wp\/v2\/tags?post=10140"}],"curies":[{"name":"wp","href":"https:\/\/api.w.org\/{rel}","templated":true}]}}