{"id":101363,"date":"2022-05-31T13:18:08","date_gmt":"2022-05-31T11:18:08","guid":{"rendered":"https:\/\/www.freiburg-schwarzwald.de\/blog\/?p=101363"},"modified":"2022-05-31T13:20:33","modified_gmt":"2022-05-31T11:20:33","slug":"kein-spd-frauenpreis-schutz","status":"publish","type":"post","link":"https:\/\/www.freiburg-schwarzwald.de\/blog\/kein-spd-frauenpreis-schutz\/","title":{"rendered":"Kein SPD-Frauenpreis: &#8222;Schutz&#8220;"},"content":{"rendered":"<p>Mitglieder der <a href=\"https:\/\/www.freiburg-schwarzwald.de\/blog\/global\/integration\/eigeninitiative\/\">InitiativeFamilien<\/a> hat am 22.5.21 an Freiburgs Rathausplatz demonstriert &#8211; gegen die <a href=\"https:\/\/www.freiburg-schwarzwald.de\/blog\/business\/gesund\/corona-virus\/\">Coronapolitik<\/a> zu Lasten der <a href=\"https:\/\/www.freiburg-schwarzwald.de\/blog\/masken-runter-kinder-befreien\/\">Kinder<\/a>. Sie bezogen sich dabei auch auf den Kinder- und Jugendpsychiater <a href=\"https:\/\/www.freiburg-schwarzwald.de\/blog\/business\/gesund\/corona-virus\/corona-kinder\/\">Dr. Christian Fleischhaker<\/a>. Inzwischen haben sich alle &#8211; damals als\u00a0 <a href=\"https:\/\/www.freiburg-schwarzwald.de\/blog\/kultur\/medien\/verschwoerungstheorien\/\">Verschw\u00f6rungstheorie<\/a> diffamierten &#8211; Einw\u00e4nde der demonstrierenden <a href=\"https:\/\/www.freiburg-schwarzwald.de\/blog\/familie-geht-vor-initiative\/\">Eltern<\/a> <!--more-->als <a href=\"https:\/\/www.freiburg-schwarzwald.de\/blog\/engagement\/zukunft\/wahrheit\/\">wahr<\/a> erwiesen: <a href=\"https:\/\/www.freiburg-schwarzwald.de\/blog\/ein-jahr-lockdown-umsonst\/\">Lockdowns<\/a> wirkungslos, <a href=\"https:\/\/www.freiburg-schwarzwald.de\/blog\/business\/gesund\/corona-virus\/impfzwang\/\">Impfzwang<\/a> bei Kinder nicht hilfreich.<br \/>\n.<br \/>\nKatharina Willmann (35), Wirtschaftsinformatikerin und Mutter dreier Kinder aus Denzlingen bei Freiburg, sollte am 5.6.2022 den <a href=\"https:\/\/www.freiburg-schwarzwald.de\/blog\/vereine\/partei\/spd\/\">SPD<\/a>-Frauenpreis f\u00fcr ihr <a href=\"https:\/\/www.freiburg-schwarzwald.de\/blog\/engagement\/\">Engagement<\/a> f\u00fcr die Bed\u00fcrfnisse von Kindern und Jugendlichen verliehen werden. Diese Ehrung sagte der SPD Ortsverein am 28.5.2022 nach einem Tweet von <a href=\"https:\/\/www.freiburg-schwarzwald.de\/blog\/deutsche-sind-keine-covidioten\/\">Saskia Esken<\/a> ab mit der Begr\u00fcndung &#8222;Frau Willmann als Privatperson sch\u00fctzen&#8220; zu wollen (siehe unten).<\/p>\n<p>Drei Fragen zu diesem Geschm\u00e4ckle:<br \/>\nKann sich eine so gro\u00dfartige Frau wie Katharina Willmann nicht selbst sch\u00fctzen &#8211; ist die Begr\u00fcndung nicht fadenscheinig?<br \/>\nIst die InitiativeFamilien eine <a href=\"https:\/\/www.freiburg-schwarzwald.de\/blog\/engagement\/buergerinitiativen\/\">B\u00fcrgerinitiative<\/a>, deren zahlreiche Mitglieder und Sympathisanten allesamt von der SPD als Volkspartei mit den <a href=\"https:\/\/www.freiburg-schwarzwald.de\/blog\/kultur\/kulturverlust\/woke\/\">woken<\/a> Instrumenten von <a href=\"https:\/\/www.freiburg-schwarzwald.de\/blog\/kultur\/medien\/diskussionskultur\/sippenhaft\/\">Sippenhaft<\/a>, <a href=\"https:\/\/www.freiburg-schwarzwald.de\/blog\/kultur\/medien\/diskussionskultur\/kontaktschuld\/\">Kontaktschuld<\/a> bzw. <a href=\"https:\/\/www.freiburg-schwarzwald.de\/blog\/kultur\/kulturverlust\/cancelculture\/\">CancelCulture<\/a> belegt werden d\u00fcrfen?<br \/>\nMit dem derzeit von der <a href=\"https:\/\/www.freiburg-schwarzwald.de\/blog\/engagement\/zukunft\/demokratie\/ampel\/\">Ampel<\/a>-Regierung geplanten Demokratief\u00f6rderungsgesetz soll zivilgesellschaftliches <a href=\"https:\/\/www.freiburg-schwarzwald.de\/blog\/engagement\/\">Engagement<\/a> von Privatpersonen gef\u00f6rdert werden. Gut so. Wird durch diese kurzfristige Zur\u00fccknahme der Ehrung von Katharina Willmann aus Denzlingen nicht genau das Gegenteil bewirkt &#8211; indem man ein solches Engagement bestraft?<\/p>\n<p>Quellen:<br \/>\n20.5.2022: \u201eCorona: Vielen Kindern geht es schlecht \u2013 auch in Freiburg\u201c<br \/>\n<a href=\"https:\/\/www.freiburg-schwarzwald.de\/blog\/business\/gesund\/corona-virus\/corona-kinder\/\">https:\/\/www.freiburg-schwarzwald.de\/blog\/business\/gesund\/corona-virus\/corona-kinder\/<\/a><br \/>\n23.5.2021:<a href=\"https:\/\/www.freiburg-schwarzwald.de\/blog\/5vor12-fuer-kids-und-teens-in-fr\/\"> https:\/\/www.freiburg-schwarzwald.de\/blog\/5vor12-fuer-kids-und-teens-in-fr\/<\/a><br \/>\n2.7.2021: <a href=\"https:\/\/www.freiburg-schwarzwald.de\/blog\/initiativefamilien-de-10-7-demo\/\">https:\/\/www.freiburg-schwarzwald.de\/blog\/initiativefamilien-de-10-7-demo\/<\/a><br \/>\n<a href=\"https:\/\/www.initiativefamilien.de\">https:\/\/www.initiativefamilien.de<\/a><br \/>\nWeitere Quellen unten<br \/>\n31.5.2022<br \/>\n.<\/p>\n<p><strong>Frauenpreis-Absage bringt Emmendinger SPD \u00c4rger ein<\/strong><br \/>\n<em>Die Sozialdemokraten wollten eine Denzlingerin auszeichnen, doch die ist Mitglied einer umstrittenen Initiative. Der \u00c4rger ist nun gro\u00df. Er entlud sich auch unter einem Tweet von Saskia Esken.<\/em><\/p>\n<p>Eigentlich h\u00e4tten die Emmendinger Sozialdemokraten am Sonntag den SPD-Frauenpreis an die Denzlingerin Katharina Willmann verleihen wollen. Doch dann sagten sie Feierstunde und Preisvergabe ab: Willmann ist Mitglied der &#8222;Initiative Familien&#8220;, der Kritiker N\u00e4he zur Querdenkerbewegung vorwerfen. Der \u00c4rger ist gro\u00df jetzt, die ehemalige SPD-Landtagsabgeordnete Sabine W\u00f6lfle spricht sogar von einem &#8222;Shitstorm&#8220;.<\/p>\n<p><em>R\u00fcckblick: Emmendinger SPD sagt Vergabe von Frauenpreis ab<\/em><br \/>\n<em><a href=\"https:\/\/www.badische-zeitung.de\/emmendinger-spd-sagt-vergabe-von-frauenpreis-an-denzlingerin-ab\">https:\/\/www.badische-zeitung.de\/emmendinger-spd-sagt-vergabe-von-frauenpreis-an-denzlingerin-ab<\/a><\/em><br \/>\n&#8222;Frau Willmann engagiert sich im Namen der Initiative Familien f\u00fcr die Bed\u00fcrfnisse von Kindern und Jugendlichen&#8220; \u2013 so stand es in der Einladung der Arbeitsgemeinschaft sozialdemokratischer Frauen (ASF). Ein Problem: Die Initiative Familien unterst\u00fctzte zuletzt Eltern in Berlin im Kampf gegen die Testpflicht an Schulen: &#8222;Die Tests sind nicht harmlos, sie schaden unseren Kindern&#8220;, hei\u00dft es auf der Webseite der Initiative. In sozialen Netzwerken, vor allem auf Twitter, wurde heftige Kritik an der Emmendinger SPD und ihrer Entscheidung laut. Sie entlud sich, unter anderem, unter einem Tweet der Bundesvorsitzenden Saskia Esken.<br \/>\n<em>Kommentar: Emmendinger SPD h\u00e4tte sich den \u00c4rger ersparen k\u00f6nnen<\/em><br \/>\n<em><a href=\"https:\/\/www.badische-zeitung.de\/emmendinger-spd-haette-sich-viel-aerger-ersparen-koennen\">https:\/\/www.badische-zeitung.de\/emmendinger-spd-haette-sich-viel-aerger-ersparen-koennen<\/a><\/em><\/p>\n<p>Die ehemalige SPD-Landtagsabgeordnete Sabine W\u00f6lfle h\u00e4tte am Sonntag die Laudatio auf Willmann halten sollen. Sie hielt beim Kurznachrichtendienst dagegen: Nicht die Initiative sollte geehrt werden, schrieb sie, sondern &#8222;eine mehrfache und berufst\u00e4tige Mutter, die schon zu Beginn der Pandemie Testpflicht an Schulen zur Vermeidung von Schulschlie\u00dfungen gefordert hatte&#8220;. Aktuell werde ein &#8222;Shitstorm auf Twitter losgetreten, der nicht nur mich betroffen macht&#8220;.<br \/>\nAm Samstag sagte die ASF die Preisverleihung dann ab \u2013 aufgrund der &#8222;Kommentare und unverh\u00e4ltnism\u00e4\u00dfigen Reaktionen in den Sozialen Medien&#8220;, wie es hie\u00df. Dabei gehe es auch darum, Willmann als Privatperson zu sch\u00fctzen. Die wiederum spricht von einer Hetzkampagne und erkl\u00e4rt, dass sie traurig sei, weil ihr Anliegen sehr wichtig sei. Sie sieht sich und ihr Engagement im Einklang mit den Positionen der Deutschen Gesellschaft f\u00fcr P\u00e4diatrische Infektiologie oder auch des Deutschen \u00c4rztetages.<br \/>\n.<br \/>\n<em>BZ-Interview (April 2021): Denzlingerin setzt sich f\u00fcr Kinder ein<\/em><br \/>\n<em>Zur Person: Katharina Willmann (35) stammt aus Freiburg und lebt schon seit vielen Jahren mit ihrer Familie in Denzlingen. Die Wirtschaftsinformatikerin hat ein Kind im Alter von drei Jahren und Zwillinge im Alter von sieben Jahren.<\/em><br \/>\n<em>&#8230; Alles vom 13.4.2022 von Markus Zimmermann bitte lesen auf<\/em><br \/>\n<em><a href=\"https:\/\/www.badische-zeitung.de\/denzlingerin-setzt-sich-als-aktivistin-fuer-die-beduerfnisse-von-kindern-ein--201217650.html\">https:\/\/www.badische-zeitung.de\/denzlingerin-setzt-sich-als-aktivistin-fuer-die-beduerfnisse-von-kindern-ein&#8211;201217650.html<\/a><\/em><\/p>\n<p>Schon in einem BZ-Interview vom April 2021 hatte Willmann gesagt, dass sie keine Querdenkerin sei und keine Corona-Leugnerin, dass sie die Pandemie und ihre Gefahren wahr und ernst nehme. &#8222;F\u00fcr uns ist klar, dass strengere Ma\u00dfnahmen zur Eind\u00e4mmung der Pandemie durchaus notwendig sein k\u00f6nnen. Schulen und Kitas zu schlie\u00dfen darf dabei keine Option sein&#8220;, erkl\u00e4rte die damals 35-J\u00e4hrige. Es bestehe &#8222;ein Ungleichgewicht zwischen dem, was Kindern in der Pandemie abverlangt wird, und dem, was Erwachsene leisten sollen&#8220;.<br \/>\nDie Initiative Familien bezeichnet sich auf ihrer Webseite als Verein aus ehrenamtlich t\u00e4tigen Eltern, der sich gegr\u00fcndet habe, um &#8222;auf die Benachteiligung von Kindern, Jugendlichen und Familien in der Corona-Situation aufmerksam zu machen.&#8220; Mit extremen Gruppierungen egal welcher Richtungen wolle man nicht zusammenarbeiten \u2013 &#8222;unsere Positionen und Forderungen basieren auf Wissenschaft, Studien und Daten.&#8220; Nach der Beteiligung an einer Demonstration im Oktober 2021 in Stuttgart, deren Hauptorganisatorin Verbindungen in die Querdenkerszene gehabt haben soll, entschuldigte sich die Initiative offiziell. Doch das nahm ihr nicht jeder ab. Die Ziele der Initiative, schrieb W\u00f6lfle bei Twitter, seien nicht die der SPD \u2013 und man k\u00f6nne die Person Willmann nicht komplett von ihrer Sprecherfunktion trennen.<br \/>\nDen Jurorinnen, erkl\u00e4rt die ASF, sei \u00fcbrigens grunds\u00e4tzlich bekannt gewesen, dass die Initiative Familien umstritten ist. Willmann sei vor Bekanntgabe der Preisverleihung kontaktiert worden \u2013 und habe glaubhaft versichert, dass sie sich von Querdenkern und Coronaleugnern abgrenze. &#8222;Frau Willmann&#8220;, hei\u00dft es noch, &#8222;steht mit beiden Beinen fest auf dem Boden unseres Grundgesetzes und hat sich in vorbildlicher Weise f\u00fcr unsere Zivilgesellschaft eingesetzt.&#8220;<br \/>\n. . . Alles vom 30.5.2022 von Patrik M\u00fcller bitte lesen auf<br \/>\n<a href=\"https:\/\/www.badische-zeitung.de\/spd-sagt-frauenpreisverleihung-ab--213356551.html\">https:\/\/www.badische-zeitung.de\/spd-sagt-frauenpreisverleihung-ab&#8211;213356551.html<\/a><br \/>\n.<br \/>\n.<br \/>\n<strong>SPD sagt Preis &#8211; Begr\u00fcndung&#8220;Frau Willmann als Privatperson sch\u00fctzen&#8220;<\/strong><br \/>\nPressemitteilung der Arbeitsgemeinschaft Sozialdemokratischer Frauen im Kreis Emmendingen vom 28.05.2022: In eigener Sache: SPD-Frauenpreisverleihung wird abgesagt<br \/>\nDie Arbeitsgemeinschaft sozialdemokratischer Frauen (AsF) musste die diesj\u00e4hrige Verleihung des SPD-Frauenpreises an Frau Katharina Willmann absagen.<br \/>\n&#8230;.<br \/>\nFrau Willmann wurde vor der Bekanntgabe der Preisverleihung kontaktiert, um sicherzustellen, dass sie selbst nie auf einer solchen Demo war und sich ebenfalls klar von Querdenkern und Coronaleugnern abgrenzt. Dies konnte sie immer wieder glaubhaft versichern. Ziel der Preisverleihung war, das demokratische Engagement von Frau Willmann f\u00fcr die Belange und Interessen von Kindern und Jugendlichen w\u00e4hrend der Corona-Pandemie zu w\u00fcrdigen. Als SPD setzten wir uns mit Nachdruck f\u00fcr Demokratie, Solidarit\u00e4t, Freiheit, Rechtsstaatlichkeit und eine l\u00f6sungsorientierte Debattenkultur ein. Diese Werte wollen wir auch bei unseren Preistr\u00e4gerinnen verk\u00f6rpert sehen. Frau Willmann steht mit beiden Beinen fest auf dem Boden unseres Grundgesetztes und hat sich in vorbildlicher Weise f\u00fcr unsere Zivilgesellschaft eingesetzt.<br \/>\nDoch aufgrund der Kommentare und unverh\u00e4ltnism\u00e4\u00dfigen Reaktionen in den Sozialen Medien &#8211; vor allem auf Twitter \u2013 und der daraus resultierenden aggressiven Stimmung m\u00f6chte die Arbeitsgemeinschaft sozialdemokratischer Frauen Emmendingen Frau Willmann als Privatperson sch\u00fctzen und ist daher zu dem Entschluss gelangt, die Preisverleihung abzusagen.<br \/>\n&#8230; Alles vom 28.5.2022 bitte lesen auf<br \/>\n<a href=\"https:\/\/www.spd-denzlingen.de\/meldungen\/spd-frauenpreisverleihung-wird-abgesagt\/\">https:\/\/www.spd-denzlingen.de\/meldungen\/spd-frauenpreisverleihung-wird-abgesagt\/<\/a><br \/>\n.<\/p>\n<p><strong>Initiative Familien: Offener Brief an Kretschmann<\/strong><br \/>\nWelchen Beitrag m\u00fcssen Kinder zur Bek\u00e4mpfung der Corona Pandemie noch leisten?<br \/>\nSehr geehrter Herr Kretschmann, sehr geehrte Damen und Herren Landtagsabgeordnete,<br \/>\nW\u00e4hrend viele Sch\u00fcler:innen bundesweit nach mehr als drei Monaten noch immer nicht in ihre Schulen zur\u00fcckgekehrt sind, nur mit sehr geringem Stundenumfang oder nur Wechselunterricht erhalten, wird diskutiert, inwieweit Schulen und Kinderg\u00e4rten als Infektionstreiber gesehen werden k\u00f6nnen.<br \/>\n&#8230;<br \/>\n16,5% der deutschen Bev\u00f6lkerung sind Kinder und Jugendliche bis 17 Jahre. Ca. 8,33 Millionen Kinder besuchen die allgemeinbildenden Schulen, 3,7 Millionen Kinder besuchen eine Kita. Wir fordern mehr Beachtung f\u00fcr diesen erheblichen Teil unserer Gesellschaft!<br \/>\n&#8230; Alles vom 20.3.2021 bitte lesen auf<br \/>\n<a href=\"https:\/\/www.initiativefamilien.de\/wp-content\/uploads\/2021\/03\/Offener-Brief-Welchen-Beitrag-muessen-Knder-noch-leisten.pdf\">https:\/\/www.initiativefamilien.de\/wp-content\/uploads\/2021\/03\/Offener-Brief-Welchen-Beitrag-muessen-Knder-noch-leisten.pdf<\/a><br \/>\n<strong>Preisabsage nach Tweet von Saskia Esken<\/strong><br \/>\nOliver Freisenich @hcinesierf<br \/>\n&#8222;Doch aufgrund der Kommentare und unverh\u00e4ltnism\u00e4\u00dfigen Reaktionen in den Sozialen Medien &#8211; vor allem auf Twitter \u2013 und der daraus resultierenden aggressiven Stimmung m\u00f6chte die Arbeitsgemeinschaft sozialdemokratischer Frauen Emmendingen Frau Willmann als Privatperson sch\u00fctzen und<br \/>\n6:53 nachm. \u00b7 28. Mai 2022\u00b7Twitter Web App<br \/>\nSaskia Esken @EskenSaskia<br \/>\nDie Veranstaltung wurde vom SPD-Kreisverband Emmendingen abgesagt.<br \/>\n11:00 vorm. \u00b7 28. Mai 2022\u00b7Twitter for iPhone<br \/>\nOliver Freisenih @hcinesierf<br \/>\n&#8222;ist daher zu dem Entschluss gelangt, die Preisverleihung abzusagen.&#8220; Pressemitteilung des #SPD KV-Emmendingen. Mal wieder haben die Sozialen Medien Schuld. Ein verschobenes Weltbild. #Willmann #InitiativeFamilien.<br \/>\n6:53 nachm. \u00b7 28. Mai 2022\u00b7<br \/>\n&#8230; Alles vom 28.5.2022 bitte lesen auf<br \/>\n<a href=\"https:\/\/twitter.com\/search?q=%23initiativefamilien\">https:\/\/twitter.com\/search?q=%23initiativefamilien<\/a><br \/>\n.<br \/>\n.<\/p>\n<p><strong>Emmendinger SPD sagt Vergabe von Frauenpreis an Denzlingerin ab<\/strong><br \/>\nAm Sonntag h\u00e4tte Katharina Willmann den Frauenpreis der Emmendinger SPD bekommen sollen. Doch die Partei sagte den Termin nach Kritik ab \u2013 und Willmann spricht von einer Hetzkampagne.<br \/>\n&#8222;Frau Willmann engagiert sich im Namen der Initiative Familien f\u00fcr die Bed\u00fcrfnisse von Kindern und Jugendlichen&#8220; hei\u00dft es in der Einladung der Arbeitsgemeinschaft Sozialdemokratischer Frauen f\u00fcr die Feierstunde, die an diesem Sonntagmorgen in Denzlingen h\u00e4tte stattfinden sollen. &#8222;Gerade die Bedingungen f\u00fcr Kinder und Jugendliche gilt es in Pandemiezeiten ganz besonders in den Blick zu nehmen und zu verbessern.&#8220; Auf Katharina Willmann aufmerksam geworden waren die Jurorinnen \u00fcber ein BZ-Interview aus dem April 2021.<br \/>\n<em>BZ-Interview: Katharina Willmann k\u00e4mpft gegen Schul- und Kita-Schlie\u00dfungen<\/em><br \/>\n<a href=\"https:\/\/www.badische-zeitung.de\/denzlingerin-setzt-sich-als-aktivistin-fuer-die-beduerfnisse-von-kindern-ein--201217650.html\"><em>https:\/\/www.badische-zeitung.de\/denzlingerin-setzt-sich-als-aktivistin-fuer-die-beduerfnisse-von-kindern-ein&#8211;201217650.html<\/em><\/a><\/p>\n<p>Das Problem: Katharina Willmann spricht in dem Interview als Mitglied der Initiative Familien \u2013 und die unterst\u00fctzte Eltern in Berlin in ihrem Kampf gegen die Testpflicht an Berliner Schulen: &#8222;Die Tests sind nicht harmlos, sie schaden unseren Kindern&#8220;, hei\u00dft es auf der Webseite der Initiative. In sozialen Netzwerken, vor allem auf Twitter, wurde heftige Kritik an der Emmendinger SPD laut. &#8222;Sie verleihen einen Preis f\u00fcr das Engagement f\u00fcr Kinder und Jugendliche an das Mitglied einer Initiative, die Masken f\u00fcr Kindesmisshandlung h\u00e4lt und Demos mit Querdenkern organisiert? Das kann nicht Ihr Ernst sein!&#8220;, schrieb Twitter-Nutzerin @FrauT18. &#8222;Das exzessive Vorgehen gegen Masken mutete schon sehr coronaleugnerisch an&#8220;, tippte @chaosimkittel.<\/p>\n<p>Willmann: Bin keine Querdenkerin<br \/>\nSabine W\u00f6lfle h\u00e4lt dagegen \u2013 die fr\u00fchere SPD-Landtagsabgeordnete h\u00e4tte am Sonntag die Laudatio auf Willmann halten sollen. Nicht die Initiative sollte geehrt werden, schreibt W\u00f6lfle beim Kurznachrichtendienst, sondern &#8222;eine mehrfache und berufst\u00e4tige Mutter, die schon zu Beginn der Pandemie Testpflicht an Schulen zur Vermeidung von Schulschlie\u00dfungen gefordert hatte.&#8220; Tats\u00e4chlich sagte Willmann im BZ-Interview, dass sie keine Querdenkerin sei und dass sie die Pandemie und ihre Gefahren durchaus wahr und ernst nehme. &#8222;F\u00fcr uns ist klar, dass strengere Ma\u00dfnahmen zur Eind\u00e4mmung der Pandemie durchaus notwendig sein k\u00f6nnen. Schulen und Kitas zu schlie\u00dfen darf dabei keine Option sein&#8220;, erkl\u00e4rte die damals 35-J\u00e4hrige noch.<br \/>\n.<br \/>\nAbsage soll Willmann auch sch\u00fctzen<br \/>\n&#8222;Aktuell wird ein Shitstorm auf Twitter losgetreten, der nicht nur mich betroffen macht&#8220;, schreibt W\u00f6lfle am Samstagmittag dann. Um Frau Willmann als Privatperson zu sch\u00fctzen, werde die Preisverleihung abgesagt. &#8222;Ich bin froh, dass versucht wird, mich zu sch\u00fctzen&#8220;, sagt Katharina Willmann selbst am Telefon. &#8222;Aber ich bin auch traurig, weil mein Anliegen, f\u00fcr das ich geehrt werden sollte, sehr wichtig ist.&#8220;<\/p>\n<p>W\u00f6lfle: Person und Initiative sind nicht zu trennen<br \/>\nDie Initiative Familien bezeichnet sich selbst auf ihrer Webseite als Verein aus ehrenamtlich t\u00e4tigen Eltern, der sich gegr\u00fcndet habe, um &#8222;auf die Benachteiligung von Kindern, Jugendlichen und Familien in der Corona-Situation aufmerksam zu machen.&#8220; Mit extremen Gruppierungen egal welcher Richtungen wolle man nicht zusammenarbeiten \u2013 &#8222;unsere Positionen und Forderungen basieren auf Wissenschaft, Studien und Daten.&#8220; Nach der Beteiligung an einer Demonstration im Oktober 2021 in Stuttgart, deren Hauptorganisatorin Verbindungen in die Querdenkerszene gehabt haben soll, entschuldigte sich die Initiative offiziell \u2013 doch das nahm ihr nicht jeder ab.<\/p>\n<p>W\u00f6lfle: Ziele der Initiative sind nicht unsere<br \/>\n&#8222;Allerdings sehen auch wir, dass die Ziele dieser Initiative nicht unsere sind&#8220;, schreibt die Emmendinger SPDlerin Sabine W\u00f6lfle bei Twitter noch. &#8222;Leider kann man die Person Willmann aber nicht komplett von ihrer Sprecherfunktion l\u00f6sen, ihr aber auch nicht unterstellen, Ziele der Querdenker zu unterst\u00fctzen. Deshalb Absage.&#8220; Sp\u00e4ter am Samstag l\u00f6scht W\u00f6lfle diese Tweets wieder.<\/p>\n<p>Jury wusste von Kritik an Initiative Bescheid<br \/>\nDass die Initiative von ihren Kritikern immer wieder in die N\u00e4he von Querdenkern ger\u00fcckt werde, sei der Jury grunds\u00e4tzlich sogar bekannt gewesen, erkl\u00e4rt am Samstagmittag die Arbeitsgemeinschaft Sozialdemokratischer Frauen im Kreis Emmendingen in einer Stellungnahme. Die Initiative habe sich daf\u00fcr aber &#8222;in aller Klarheit entschuldigt&#8220;. Katharina Willmann sei vor Bekanntgabe der Preisverleihung kontaktiert worden, um sicherzustellen, dass sie selbst &#8222;nie auf einer solchen Demo war und sich ebenfalls klar von Querdenkern und Coronaleugnern abgrenzt.&#8220; Dies habe sie glaubhaft versichern k\u00f6nnen. Ziel der Preisverleihung h\u00e4tte es sein sollen, das &#8222;demokratische Engagement von Frau Willmann f\u00fcr die Belange und<br \/>\nInteressen von Kindern und Jugendlichen w\u00e4hrend der Corona-Pandemie zu w\u00fcrdigen&#8220;, hei\u00dft es weiter. Die Nominierte stehe mit beiden Beinen fest auf dem Boden des Grundgesetzes und habe sich in vorbildlicher Weise f\u00fcr unsere Zivilgesellschaft eingesetzt.<\/p>\n<p>Sozialdemokratinnen kritisieren Netz-Reaktionen<br \/>\nDann \u00fcbt die Arbeitsgemeinschaft Sozialdemokratischer Frauen Kritik: &#8222;Aufgrund der Kommentare und unverh\u00e4ltnism\u00e4\u00dfigen Reaktionen in den Sozialen Medien \u2013 vor allem auf Twitter \u2013 und der daraus resultierenden aggressiven Stimmung&#8220; wolle man Willmann sch\u00fctzen.<\/p>\n<p>Initiative Familien wehrt sich gegen Netz-Vorw\u00fcrfe<br \/>\nAm sp\u00e4ten Samstagabend schaltet sich auch die Initiative Familien in die Debatte ein. Zarah Abendsch\u00f6n-Sawall von der Landesgruppe Baden-W\u00fcrttemberg schreibt in einer Mail an die Redaktion, dass die Initiative sich im Rahmen der demokratischen Mittel und damit vor allem des Gespr\u00e4chs f\u00fcr ihre Positionen einsetze. &#8222;Wir bitten daher um Erg\u00e4nzung Ihres Artikels, damit deutlich zum Ausdruck kommt, dass die Initiative Familien keinerlei Verbindungen oder Sympathien zu Coronaleugnern oder extremen Gruppierungen jeglicher Art hat&#8220;, schreibt sie. Die Initiative lehne eine Testpflicht f\u00fcr Kinder und Jugendliche zwar ab, dies geschehe aber in enger Abstimmung mit den p\u00e4diatrischen Fachgesellschaften, deren Haltung sich im Laufe der Pandemie auch ver\u00e4ndert habe. Der Verein habe sich fr\u00fcher bei gef\u00e4hrlicheren Corona-Varianten und vor dem Vorhandensein eines Impfangebotes deutlich daf\u00fcr ausgesprochen, Schulkinder zu testen \u2013 damit &#8220; Schulen verl\u00e4sslich offen bleiben h\u00e4tten k\u00f6nnen&#8220;. Im BZ-Interview im April vergangenen Jahres, durch das die SPD auf Willmann aufmerksam wurde, sagt sie w\u00f6rtlich: &#8222;Es braucht Selbsttests, die m\u00f6glichst schon vor dem Schulbesuch in den Familien gemacht werden sollten.&#8220; Abendsch\u00f6n-Sawall schreibt auch, dass man rechtlich gegen einige Twitter-Nutzer wegen Falschbehauptungen vorgehe. Katharina Willmann wiederum spricht von einer &#8222;Hetzkampagne&#8220; gegen sie als Person und ihren Verein. Der Verdacht, dass sie &#8222;querdenkernah&#8220; agiere, sei unhaltbar. Die Querdenker seien eine Organisation, die &#8222;auf vielerlei Ebenen mehr als bedenklich ist und mit welcher ich in keinster Weise in Verbindung gebracht werden kann und unbedingt auch nicht will&#8220;, schreibt sie.<br \/>\n.<br \/>\nFrauenpreis<br \/>\nDie Arbeitsgemeinschaft Sozialdemokratischer Frauen (AsF) im Landkreis Emmendingen hat ihren Frauenpreis im Jahr 2007 zum ersten Mal verliehen. Die ersten Preistr\u00e4gerinnen waren Carola Grasse, Hanna Fexer und Ute Teschemacher vom Verein f\u00fcr J\u00fcdische Geschichte und Kultur in Emmendingen. Die Initiative zur Verleihung war von der fr\u00fcheren Landtagsabgeordneten Marianne Wonnay ausgegangen \u2013 sie stiftete auch das erste Preisgeld in H\u00f6he von 300 Euro.<br \/>\n&#8230; Alles vom 28.5.2022 von Patrik M\u00fcller bitte lesen auf<br \/>\n<a href=\"https:\/\/www.badische-zeitung.de\/emmendinger-spd-sagt-vergabe-von-frauenpreis-an-denzlingerin-ab\">https:\/\/www.badische-zeitung.de\/emmendinger-spd-sagt-vergabe-von-frauenpreis-an-denzlingerin-ab<\/a><\/p>\n<p>Einige Kommentare:<br \/>\nDurch die Pandemiepolitik ist Alles aus dem Ruder gelaufen. Es gibt f\u00fcr mich nur eine Gruppierung, die Schuld auf sich geladen hat und das ist unsere Politikerkaste, die es der Mehrheit Recht machen will um wieder Gew\u00e4hlt zu werden. Reiner Selbsterhaltungstrieb. Dabei wurde allerdings ein gro\u00dfer Schaden Verursacht, der den Herren und Damen auf die F\u00fc\u00dfe fallen wird.<br \/>\n28.5.2022, St.K.<\/p>\n<p>@Patrik M\u00fcller<br \/>\nIch habe in der Vergangenheit immer mal wieder Ihre Berichte kritisiert. Da will ich heute nun auch schreiben, dass ich den obigen \u00fcber die Absage der Preisverleihung ob seiner differenzierenden und deshalb ausgewogenen Darstellung gut finde.<br \/>\n29.5.2022, A.Sch.<br \/>\nEnde Kommentare<\/p>\n<p>.<\/p>\n<p><strong>Initiative Familien<\/strong><br \/>\nDer Verein ist Anfang Februar aus dem Zusammenschluss der Gruppen &#8222;Kinder brauchen Kinder&#8220; und &#8222;Familien in der Krise&#8220; entstanden. Die Gruppe &#8222;Familien in der Krise&#8220; wiederum hatte sich von der vor einem Jahr zun\u00e4chst als Facebook-Gruppe entstandenen Gruppierung &#8222;Eltern in der Krise&#8220; abgel\u00f6st. Die Initiative hat einen f\u00fcnfk\u00f6pfigen Vereinsvorstand, allesamt M\u00fctter. Dazu gibt es auf Ebene der Bundesl\u00e4nder inzwischen zehn Regionalteams, darunter auch f\u00fcr Baden-W\u00fcrttemberg. Zentrales Anliegen der Initiative ist es, Bildungseinrichtungen f\u00fcr Kinder auch in der Pandemie offen zu halten, indem m\u00f6glichst viele Mittel f\u00fcr Infektionsschutz eingesetzt werden. Dabei gibt es teilweise deutliche Gegens\u00e4tze zu Gruppen, die mehr auf Distanzunterricht setzen und auf die Infektionsgefahr in Kitas und Schulen verweisen. Die Auseinandersetzungen zwischen den beteiligten Gruppen werden auch in den sozialen Medien gef\u00fchrt.<br \/>\n<a href=\"https:\/\/www.initiativefamilien.de\">https:\/\/www.initiativefamilien.de<\/a><\/p>\n","protected":false},"excerpt":{"rendered":"<p>Mitglieder der InitiativeFamilien hat am 22.5.21 an Freiburgs Rathausplatz demonstriert &#8211; gegen die Coronapolitik zu Lasten der Kinder. Sie bezogen sich dabei auch auf den Kinder- und Jugendpsychiater Dr. Christian Fleischhaker. Inzwischen haben sich alle &#8211; damals als\u00a0 Verschw\u00f6rungstheorie diffamierten &hellip; <a href=\"https:\/\/www.freiburg-schwarzwald.de\/blog\/kein-spd-frauenpreis-schutz\/\">Weiterlesen <span class=\"meta-nav\">&rarr;<\/span><\/a><\/p>\n","protected":false},"author":2,"featured_media":0,"comment_status":"open","ping_status":"closed","sticky":false,"template":"","format":"standard","meta":{"footnotes":""},"categories":[355,36,58,59,49,400,158,61,13,80,11,172],"tags":[766,281,700,325,717,521,612,682,721,784,289,585],"class_list":["post-101363","post","type-post","status-publish","format-standard","hentry","category-buergerinitiativen","category-engagement","category-familie","category-frauen","category-freiburg","category-freiwillig","category-gesund","category-kinder","category-kultur","category-medien","category-regio","category-zukunft","tag-buerger","tag-burgerinitiativen","tag-corona","tag-demo","tag-ehrenamt","tag-family","tag-frau","tag-freiheit","tag-kindergarten","tag-kont","tag-preis","tag-schule"],"_links":{"self":[{"href":"https:\/\/www.freiburg-schwarzwald.de\/blog\/wp-json\/wp\/v2\/posts\/101363","targetHints":{"allow":["GET"]}}],"collection":[{"href":"https:\/\/www.freiburg-schwarzwald.de\/blog\/wp-json\/wp\/v2\/posts"}],"about":[{"href":"https:\/\/www.freiburg-schwarzwald.de\/blog\/wp-json\/wp\/v2\/types\/post"}],"author":[{"embeddable":true,"href":"https:\/\/www.freiburg-schwarzwald.de\/blog\/wp-json\/wp\/v2\/users\/2"}],"replies":[{"embeddable":true,"href":"https:\/\/www.freiburg-schwarzwald.de\/blog\/wp-json\/wp\/v2\/comments?post=101363"}],"version-history":[{"count":3,"href":"https:\/\/www.freiburg-schwarzwald.de\/blog\/wp-json\/wp\/v2\/posts\/101363\/revisions"}],"predecessor-version":[{"id":101366,"href":"https:\/\/www.freiburg-schwarzwald.de\/blog\/wp-json\/wp\/v2\/posts\/101363\/revisions\/101366"}],"wp:attachment":[{"href":"https:\/\/www.freiburg-schwarzwald.de\/blog\/wp-json\/wp\/v2\/media?parent=101363"}],"wp:term":[{"taxonomy":"category","embeddable":true,"href":"https:\/\/www.freiburg-schwarzwald.de\/blog\/wp-json\/wp\/v2\/categories?post=101363"},{"taxonomy":"post_tag","embeddable":true,"href":"https:\/\/www.freiburg-schwarzwald.de\/blog\/wp-json\/wp\/v2\/tags?post=101363"}],"curies":[{"name":"wp","href":"https:\/\/api.w.org\/{rel}","templated":true}]}}