{"id":10129,"date":"2012-08-31T15:01:12","date_gmt":"2012-08-31T13:01:12","guid":{"rendered":"https:\/\/www.freiburg-schwarzwald.de\/blog\/?p=10129"},"modified":"2012-08-31T15:01:12","modified_gmt":"2012-08-31T13:01:12","slug":"diese-wunderbare-band-in-talvogtei-in-kirchzarten","status":"publish","type":"post","link":"https:\/\/www.freiburg-schwarzwald.de\/blog\/diese-wunderbare-band-in-talvogtei-in-kirchzarten\/","title":{"rendered":"Diese wunderbare Band in Talvogtei in Kirchzarten"},"content":{"rendered":"<p>\u201edreisam\u201c, die \u201eKlein Kunst B\u00fchne Burg\u201c, l\u00e4dt in den Innenhof der Talvogtei Kirchzarten: \u201eFreiburg kann dir \u00fcberall passieren! \u2013 Selbst in Kirchzarten.\u201c Zum Beispiel am 14. September 2012 um 19 Uhr im Innenhof der Talvogtei in Kirchzarten. Dann l\u00e4dt \u201eDiese wunderbare Band\u201c zu einer F\u00fchrung durch Freiburger Seelenlandschaften und Stadteile. Auf diesen verschlungenen Pfaden bahnt sich die <a title=\"Musik\" href=\"https:\/\/www.freiburg-schwarzwald.de\/blog\/kultur\/musik\/\">Kultband<\/a> seit zehn Jahren ihren Weg, der musikalisch mittlerweile so breit ist wie die ausgebaute B 31 \u2013 nur muss die sich n\u00f6rdlich von Kirchzarten versch\u00e4mt hinter L\u00e4rmschutzw\u00e4llen verbergen. Das hat \u201eDiese wunderbare Band\u201c <!--more-->mit ihren deftigen Rocknummern nicht n\u00f6tig und erst recht nicht mit den leisen Akustikgitarrensongs. Als Gradmesser der Regio- und \u00d6ko-Befindlichkeit zahlt sie es der Nachhaltigkeit der Gesundheitsschuhfraktion mit hinterh\u00e4ltigen Texten und Reimen heim \u2013 sorgf\u00e4ltig recherchiert in den Weinkellern der Wiehre und auf den Solard\u00e4chern im <a title=\"Vauban\" href=\"https:\/\/www.freiburg-schwarzwald.de\/blog\/regio\/freiburg\/vauban\/\">Vauban<\/a>. Die B\u00fchne in der Talvogtei ist also bereitet an diesem Abend f\u00fcr den \u201eOchsen in Z\u00e4hringen\u201c, den \u201eTee-Peter\u201c aus der Innenstadt oder den Lehrer aus Gundelfingen. Aber auch alle anderen werden drankommen, wenn es an diesem Abend hei\u00dft: \u201eGuten Morgen, Freiburg!\u201c Und auch Kirchzarten, das nach Erkenntnis der Band \u201eauch nicht der Nabel der Welt\u201c sei.<\/p>\n<div id=\"attachment_10130\" style=\"width: 190px\" class=\"wp-caption alignnone\"><a href=\"https:\/\/www.freiburg-schwarzwald.de\/blog\/diese-wunderbare-band-in-talvogtei-in-kirchzarten\/diesewunderbareband1208\/\" rel=\"attachment wp-att-10130\"><img loading=\"lazy\" decoding=\"async\" aria-describedby=\"caption-attachment-10130\" class=\"size-thumbnail wp-image-10130\" title=\"diesewunderbareband1208\" src=\"https:\/\/www.freiburg-schwarzwald.de\/blog\/wp-content\/uploads\/2012\/08\/diesewunderbareband1208-180x119.jpg\" alt=\"\" width=\"180\" height=\"119\" srcset=\"https:\/\/www.freiburg-schwarzwald.de\/blog\/wp-content\/uploads\/2012\/08\/diesewunderbareband1208-180x119.jpg 180w, https:\/\/www.freiburg-schwarzwald.de\/blog\/wp-content\/uploads\/2012\/08\/diesewunderbareband1208.jpg 640w\" sizes=\"auto, (max-width: 180px) 100vw, 180px\" \/><\/a><p id=\"caption-attachment-10130\" class=\"wp-caption-text\">Sie sind \u201eDiese wunderbare Band\u201c: Dennis Sch\u00e4licke, Jack Huttmann, Hans Brugger, Mike Sillmann und Georg Marschall (v.l.). Foto: Lena B\u00f6hm<\/p><\/div>\n<p>Der Kartenvorverkauf (14 Euro, erm\u00e4\u00dfigt 11 Euro) l\u00e4uft bereits in den Sparkassen Kirchzarten und Burg sowie in der Tourist-Info-Dreisamtal. M\u00f6glich gemacht hat diesen \u201egenussvollen\u201c Abend \u201edreisam, die \u201eKlein Kunst B\u00fchne Burg\u201c, eine Initiative des B\u00fcrgervereins Kirchzarten-Burg. Und mit Blick nach vorn weist dessen Intendantin Petra Zentgraf bereits auf die n\u00e4chste Veranstaltung hin: \u201eAm 27. Oktober kommt Olaf Creutzburg mit seinem Programm \u201aEroszoten\u2018 in die Gro\u00dfe Stube der Talvogtei. Dann erwarten Sie eindeutige Geschichten mit frivolen Gedichten eingebettet in musikalisches Rot.\u201c<br \/>\n30.8.3012, gerhard L\u00fcck, <a href=\"https:\/\/www.dreisamtaeler.de\">www.dreisamtaeler.de<\/a><\/p>\n","protected":false},"excerpt":{"rendered":"<p>\u201edreisam\u201c, die \u201eKlein Kunst B\u00fchne Burg\u201c, l\u00e4dt in den Innenhof der Talvogtei Kirchzarten: \u201eFreiburg kann dir \u00fcberall passieren! \u2013 Selbst in Kirchzarten.\u201c Zum Beispiel am 14. September 2012 um 19 Uhr im Innenhof der Talvogtei in Kirchzarten. Dann l\u00e4dt \u201eDiese &hellip; <a href=\"https:\/\/www.freiburg-schwarzwald.de\/blog\/diese-wunderbare-band-in-talvogtei-in-kirchzarten\/\">Weiterlesen <span class=\"meta-nav\">&rarr;<\/span><\/a><\/p>\n","protected":false},"author":4,"featured_media":0,"comment_status":"open","ping_status":"closed","sticky":false,"template":"","format":"standard","meta":{"footnotes":""},"categories":[50,120],"tags":[32,398],"class_list":["post-10129","post","type-post","status-publish","format-standard","hentry","category-dreisamtal","category-musik","tag-jugendmusik","tag-konzert"],"_links":{"self":[{"href":"https:\/\/www.freiburg-schwarzwald.de\/blog\/wp-json\/wp\/v2\/posts\/10129","targetHints":{"allow":["GET"]}}],"collection":[{"href":"https:\/\/www.freiburg-schwarzwald.de\/blog\/wp-json\/wp\/v2\/posts"}],"about":[{"href":"https:\/\/www.freiburg-schwarzwald.de\/blog\/wp-json\/wp\/v2\/types\/post"}],"author":[{"embeddable":true,"href":"https:\/\/www.freiburg-schwarzwald.de\/blog\/wp-json\/wp\/v2\/users\/4"}],"replies":[{"embeddable":true,"href":"https:\/\/www.freiburg-schwarzwald.de\/blog\/wp-json\/wp\/v2\/comments?post=10129"}],"version-history":[{"count":0,"href":"https:\/\/www.freiburg-schwarzwald.de\/blog\/wp-json\/wp\/v2\/posts\/10129\/revisions"}],"wp:attachment":[{"href":"https:\/\/www.freiburg-schwarzwald.de\/blog\/wp-json\/wp\/v2\/media?parent=10129"}],"wp:term":[{"taxonomy":"category","embeddable":true,"href":"https:\/\/www.freiburg-schwarzwald.de\/blog\/wp-json\/wp\/v2\/categories?post=10129"},{"taxonomy":"post_tag","embeddable":true,"href":"https:\/\/www.freiburg-schwarzwald.de\/blog\/wp-json\/wp\/v2\/tags?post=10129"}],"curies":[{"name":"wp","href":"https:\/\/api.w.org\/{rel}","templated":true}]}}