{"id":10107,"date":"2011-07-20T13:22:56","date_gmt":"2011-07-20T11:22:56","guid":{"rendered":"https:\/\/www.freiburg-schwarzwald.de\/blog\/?p=10107"},"modified":"2012-08-31T13:29:57","modified_gmt":"2012-08-31T11:29:57","slug":"san-marino-ristorante-in-fr-waldsee-25-jahre","status":"publish","type":"post","link":"https:\/\/www.freiburg-schwarzwald.de\/blog\/san-marino-ristorante-in-fr-waldsee-25-jahre\/","title":{"rendered":"San Marino Ristorante in FR-Waldsee 25 Jahre"},"content":{"rendered":"<p>25 Jahre Vergangene Woche feierte Francesco Caridi mit Familie und Mitarbeitern das 25-j\u00e4hrige Bestehen des von ihm gegr\u00fcndeten <a title=\"Gastro\" href=\"https:\/\/www.freiburg-schwarzwald.de\/blog\/tourismus\/gastro\/\">Ristorante San Marino<\/a> in der Hansjakobstra\u00dfe 110 in Freiburg-Waldsee. Caridi kam eher aus Zufall in die Gastronomie. Mit gerade mal DM 1,20 in der Tasche heuerte er in den sp\u00e4ten 1970er Jahren als Aushilfskellner in einer Freiburger Pizzeria an. Dem folgten T\u00e4tigkeiten in weiteren Pizzerien, auch in Breisach und Umkirch, ehe er sich im Juli 1986 in Freiburgs Hansjakobstra\u00dfe niederlie\u00df und <!--more-->das San Marino er\u00f6ffnete. Das Ristorante San Marino geh\u00f6rt ohne Zweifel zu den besseren Adressen italienischer Esskultur im Raum Freiburg. Zu den Spezialit\u00e4ten z\u00e4hlen Fischgerichte in verschiedenen Variationen, hausgemachte Pastaspezialit\u00e4ten sowie eine gut best\u00fcckte Antipasti-Vitrine. Auch die Steinofen-Pizza hat zahlreiche Liebhaber. \u00dcberhaupt lebt das San Marino zu einem Gutteil von treuen Stammkunden. \u201eManche G\u00e4ste kennen wir schon seit unserer Anfangszeit\u201c, sagt Francesco Caridi nicht ohne Stolz. Im Gespr\u00e4ch mit dem Dreisamt\u00e4ler bedankt er sich bei bei den Freunden seines Hauses auch sehr herzlich f\u00fcr ihre Treue. Noch bis Ende Juli offeriert Familie Caridi und ihr f\u00fcnfk\u00f6pfiges Team ein 4-g\u00e4ngige Jubil\u00e4umsmen\u00fc mit Fleisch- oder Fisch-Hauptgang zum Jubil\u00e4umspreis von \u2013 nat\u00fcrlich \u2013 25 Euro.<br \/>\nGe\u00f6ffnet ist das San Marino t\u00e4glich von 11.30 \u2013 14.30 und von 17.30 \u2013 24 Uhr. Tel. 0761 \/ 6 94 20.<\/p>\n<div id='gallery-1' class='gallery galleryid-10107 gallery-columns-3 gallery-size-thumbnail'><dl class='gallery-item'>\n\t\t\t<dt class='gallery-icon portrait'>\n\t\t\t\t<a href='https:\/\/www.freiburg-schwarzwald.de\/blog\/san-marino-ristorante-in-fr-waldsee-25-jahre\/san-marino25-1208\/'><img loading=\"lazy\" decoding=\"async\" width=\"119\" height=\"180\" src=\"https:\/\/www.freiburg-schwarzwald.de\/blog\/wp-content\/uploads\/2012\/08\/san-marino25-1208-119x180.jpg\" class=\"attachment-thumbnail size-thumbnail\" alt=\"\" aria-describedby=\"gallery-1-10108\" srcset=\"https:\/\/www.freiburg-schwarzwald.de\/blog\/wp-content\/uploads\/2012\/08\/san-marino25-1208-119x180.jpg 119w, https:\/\/www.freiburg-schwarzwald.de\/blog\/wp-content\/uploads\/2012\/08\/san-marino25-1208.jpg 425w\" sizes=\"auto, (max-width: 119px) 100vw, 119px\" \/><\/a>\n\t\t\t<\/dt>\n\t\t\t\t<dd class='wp-caption-text gallery-caption' id='gallery-1-10108'>\n\t\t\t\tJuli 2011: Vater Francesco Caridi und Sohn Francesco jun. vor dem San Marino in der Hansjakobstra\u00dfe 110\n\t\t\t\t<\/dd><\/dl><dl class='gallery-item'>\n\t\t\t<dt class='gallery-icon portrait'>\n\t\t\t\t<a href='https:\/\/www.freiburg-schwarzwald.de\/blog\/san-marino-ristorante-in-fr-waldsee-25-jahre\/san-marino1208\/'><img loading=\"lazy\" decoding=\"async\" width=\"119\" height=\"180\" src=\"https:\/\/www.freiburg-schwarzwald.de\/blog\/wp-content\/uploads\/2012\/08\/san-marino1208-119x180.jpg\" class=\"attachment-thumbnail size-thumbnail\" alt=\"\" aria-describedby=\"gallery-1-10109\" srcset=\"https:\/\/www.freiburg-schwarzwald.de\/blog\/wp-content\/uploads\/2012\/08\/san-marino1208-119x180.jpg 119w, https:\/\/www.freiburg-schwarzwald.de\/blog\/wp-content\/uploads\/2012\/08\/san-marino1208.jpg 425w\" sizes=\"auto, (max-width: 119px) 100vw, 119px\" \/><\/a>\n\t\t\t<\/dt>\n\t\t\t\t<dd class='wp-caption-text gallery-caption' id='gallery-1-10109'>\n\t\t\t\t2006 &#8211; 20 Jahre San Marino in der Hansjakobstra\u00dfe 110\n\t\t\t\t<\/dd><\/dl>\n\t\t\t<br style='clear: both' \/>\n\t\t<\/div>\n\n<p>20.7.2011, , Gisela Heizler-Ries, <a href=\"https:\/\/www.dreisamtaeler.de\">www.dreisamtaeler.de<\/a><\/p>\n","protected":false},"excerpt":{"rendered":"<p>25 Jahre Vergangene Woche feierte Francesco Caridi mit Familie und Mitarbeitern das 25-j\u00e4hrige Bestehen des von ihm gegr\u00fcndeten Ristorante San Marino in der Hansjakobstra\u00dfe 110 in Freiburg-Waldsee. Caridi kam eher aus Zufall in die Gastronomie. Mit gerade mal DM 1,20 &hellip; <a href=\"https:\/\/www.freiburg-schwarzwald.de\/blog\/san-marino-ristorante-in-fr-waldsee-25-jahre\/\">Weiterlesen <span class=\"meta-nav\">&rarr;<\/span><\/a><\/p>\n","protected":false},"author":4,"featured_media":0,"comment_status":"open","ping_status":"closed","sticky":false,"template":"","format":"standard","meta":{"footnotes":""},"categories":[138,283],"tags":[331],"class_list":["post-10107","post","type-post","status-publish","format-standard","hentry","category-gastro","category-littenweiler","tag-tourist"],"_links":{"self":[{"href":"https:\/\/www.freiburg-schwarzwald.de\/blog\/wp-json\/wp\/v2\/posts\/10107","targetHints":{"allow":["GET"]}}],"collection":[{"href":"https:\/\/www.freiburg-schwarzwald.de\/blog\/wp-json\/wp\/v2\/posts"}],"about":[{"href":"https:\/\/www.freiburg-schwarzwald.de\/blog\/wp-json\/wp\/v2\/types\/post"}],"author":[{"embeddable":true,"href":"https:\/\/www.freiburg-schwarzwald.de\/blog\/wp-json\/wp\/v2\/users\/4"}],"replies":[{"embeddable":true,"href":"https:\/\/www.freiburg-schwarzwald.de\/blog\/wp-json\/wp\/v2\/comments?post=10107"}],"version-history":[{"count":0,"href":"https:\/\/www.freiburg-schwarzwald.de\/blog\/wp-json\/wp\/v2\/posts\/10107\/revisions"}],"wp:attachment":[{"href":"https:\/\/www.freiburg-schwarzwald.de\/blog\/wp-json\/wp\/v2\/media?parent=10107"}],"wp:term":[{"taxonomy":"category","embeddable":true,"href":"https:\/\/www.freiburg-schwarzwald.de\/blog\/wp-json\/wp\/v2\/categories?post=10107"},{"taxonomy":"post_tag","embeddable":true,"href":"https:\/\/www.freiburg-schwarzwald.de\/blog\/wp-json\/wp\/v2\/tags?post=10107"}],"curies":[{"name":"wp","href":"https:\/\/api.w.org\/{rel}","templated":true}]}}