{"id":100912,"date":"2022-05-14T08:48:35","date_gmt":"2022-05-14T06:48:35","guid":{"rendered":"https:\/\/www.freiburg-schwarzwald.de\/blog\/?p=100912"},"modified":"2022-05-14T08:48:35","modified_gmt":"2022-05-14T06:48:35","slug":"bka-verschleiert-antisemitismus","status":"publish","type":"post","link":"https:\/\/www.freiburg-schwarzwald.de\/blog\/bka-verschleiert-antisemitismus\/","title":{"rendered":"BKA verschleiert Antisemitismus"},"content":{"rendered":"<p>Seit sp\u00e4testens <a href=\"https:\/\/www.freiburg-schwarzwald.de\/blog\/global\/eu\/budapest-dublin2015\/\">9\/2015<\/a> geht aus den allj\u00e4hrlichen <a href=\"https:\/\/www.freiburg-schwarzwald.de\/blog\/bka-zur-fluechtlingskriminalitaet\/\">BKA-Berichten<\/a> zum <a href=\"https:\/\/www.freiburg-schwarzwald.de\/blog\/religion\/juden\/antisemitismus\/\">Antisemitismus<\/a> hervor, die <a href=\"https:\/\/www.freiburg-schwarzwald.de\/blog\/global\/deutschland\/deutschland2020\/\">Deutschen<\/a> seien immer <a href=\"https:\/\/www.freiburg-schwarzwald.de\/blog\/religion\/juden\/judenhass2021\/\">judenfeindlicher<\/a> gesinnt. Eine unwahre Unterstellung, die umgekehrt zu der Vermutung f\u00fchrt, da\u00df bei einigen staatlichen Institutionen der <a href=\"https:\/\/www.freiburg-schwarzwald.de\/blog\/engagement\/zukunft\/selbsthass\/\">Hass aufs Eigene<\/a>, auf die <a href=\"https:\/\/www.freiburg-schwarzwald.de\/blog\/global\/deutschland\/deutsche-kultur\/\">deutsche Kultur<\/a>, zunimmt.<br \/>\n<!--more--><br \/>\nWill man einen Mi\u00dfstand beheben, mu\u00df man dessen Ursachen klar und differenziert benennen. <a href=\"https:\/\/www.freiburg-schwarzwald.de\/blog\/religion\/islam\/islam-antisemitismus\/\">Antisemitismus<\/a> ist ein Mi\u00dfstand. So stiegen laut BKA-Bericht die antisemitischen Delikte von 2351 im Jahr 2020 auf 3027 in 2021 an. Schlimm, diese traurige neue Rekordzahl! Daraus folgert die Regierung bzw. Innenministerin <a href=\"https:\/\/www.freiburg-schwarzwald.de\/blog\/faeser-ramadan-ja-ostern-nein\/\">Nancy Faeser<\/a>, da\u00df die Deutschen im vergangenen Jahr wieder antisemitischer geworden seien und der &#8222;<a href=\"https:\/\/www.freiburg-schwarzwald.de\/blog\/kultur\/medien\/kampf-gegen-rechts\/\">Kampf gegen Rechts<\/a>&#8220; intensiviert werden m\u00fcsse. Wer sind diese Deutschen? Laut BKA-Bericht zu 96% <a href=\"https:\/\/www.freiburg-schwarzwald.de\/blog\/engagement\/zukunft\/demokratie\/extremismus\/\">Rechtsextreme<\/a>.<\/p>\n<p>Genau hier zeigt sich folgender Widerspruch: Einerseits ergab die letzte gro\u00dfe Umfrage bei in Deutschland lebenden Juden, da\u00df 81% der k\u00f6rperlichen \u00dcbergriffe auf sie von Muslimen ausgegangen sind. Auch die vorhergegangenen Studien ergaben ein \u00e4hnliches Bild.<br \/>\nAndererseits nennt der o.a. BKA-Bericht, da\u00df \u00fcber 90% der Taten von Rechtsextremen ausgingen.<br \/>\nWie ist diese Diskrepanz zu erkl\u00e4ren? 1) Das BKA erfasst nur Alter und Geschlecht, nicht aber die Religion. 2) Zudem wird jeder unklare Sachverhalt automatisch der Kategorie &#8222;rechtsextrem motiviert&#8220; zugeordnet. Diese beiden statistischen Unzul\u00e4nglichkeiten &#8211; darf man sie als Tricks bezeichnen? &#8211; f\u00fchren zu BKA-Statistiken, die ungeeignet sind, den Mi\u00dfstand des Antisemitismus hierzulande wirksam zu bek\u00e4mpfen. Die <a href=\"https:\/\/www.freiburg-schwarzwald.de\/blog\/religion\/juden\/judenhass2021\/\">antisemitischen Ausschreitungen in Berlin<\/a> in j\u00fcngster Zeit unterstreichen dies.<\/p>\n<p>Was ist zu tun? Die drei Antisemitismus-Kategorien <a href=\"https:\/\/www.freiburg-schwarzwald.de\/blog\/engagement\/zukunft\/demokratie\/extremismus\/\">rechtsextrem<\/a>-, <a href=\"https:\/\/www.freiburg-schwarzwald.de\/blog\/engagement\/zukunft\/demokratie\/extremismus\/linksextremismus\/\">linksextrem<\/a>&#8211; und <a href=\"https:\/\/www.freiburg-schwarzwald.de\/blog\/religion\/islam\/islam-antisemitismus\/\">muslimisch-<\/a>motiviert trennen und Straftaten diesen Kategorien exakt zuweisen. Au\u00dferdem mu\u00df man das Problem &#8211; jenseits der <a href=\"https:\/\/www.freiburg-schwarzwald.de\/blog\/kultur\/medien\/political-correctness\/\">Political correctness<\/a> &#8211; klar benennen: der <a href=\"https:\/\/www.freiburg-schwarzwald.de\/blog\/religion\/islam\/islam-antisemitismus\/\">Islam-motivierte Antisemitismus<\/a>. Darauf bauend k\u00f6nnen dann endlich breite Ma\u00dfnahmen zur Pr\u00e4vention starten.<br \/>\n\u00dcbrigens: Alle mir bekannten <a href=\"https:\/\/www.freiburg-schwarzwald.de\/blog\/global\/integration\/muslime\/\">Muslime<\/a> &#8211; und das sind viele &#8211; fordern seit Jahren ein Ende der <a href=\"https:\/\/www.freiburg-schwarzwald.de\/blog\/engagement\/zukunft\/demokratie\/tabu\/\">Tabuisierung<\/a> des muslimisch-motivierten Antisemitismus hierzulande. Sie beklagen, da\u00df das Vertuschen der staatlichen Beh\u00f6rden nur den <a href=\"https:\/\/www.freiburg-schwarzwald.de\/blog\/religion\/islam\/islamismus\/\">Islamisten<\/a> Vorschub leistet.<br \/>\n14.5.2022<\/p>\n<p>.<\/p>\n<p><strong>Tabuthema \u201eMuslimischer Antisemitismus in Deutschland\u201c<\/strong><br \/>\n<strong>Die Zahl antisemitisch motivierter Straftaten steigt auf Rekordniveau<\/strong><br \/>\nAm Dienstag stellten Bundesinnenministerin Nancy Faeser (SPD) und Bayerns Justizminister Georg Eisenreich (CSU) die aktuellen Zahlen f\u00fcr antisemitische Straftaten vor. Sowohl in Deutschland als auch ganz Europa ist seit Jahren eine teilweise stark steigende Tendenz von gegen Juden gerichtete Straftaten zu beobachten. Im Jahr 2021 erreichten diese mit 3.027 offiziell erfassten Delikten einen traurigen H\u00f6chststand, nachdem bereits die im Vorjahr gemeldeten 2.351 antisemitischen Straftaten einen Rekord bedeutet hatten.<br \/>\n&#8230;<br \/>\nSo werden in der BKA-Statistik alle gegen Juden gerichtete Straftaten, bei denen die Motivlage unklar ist, automatisch als \u201erechtsextrem motiviert\u201c eingestuft. Dasselbe gilt, wenn Anh\u00e4nger muslimischer Terrororganisationen auf einer Demonstration den Hitlergru\u00df zeigen oder ein Vater in K\u00f6nigs Wusterhausen seine Familie ausl\u00f6scht und im Abschiedsbrief gegen Juden hetzt. Interessant ist in diesem Zusammenhang auch die Tatsache, dass bei antisemitischen Straftaten in Deutschland zwar Alter und Geschlecht der T\u00e4ter, sofern sie ermittelt werden k\u00f6nnen, aufgef\u00fchrt werden, nicht aber die Religionszugeh\u00f6rigkeit. Dass die vom BKA gef\u00fchrte Statistik lediglich dazu dient, die von der Politik gew\u00fcnschten Zahlen zu liefern, dar\u00fcber ist man sich nat\u00fcrlich auch in Berlin im Klaren.<br \/>\n&#8230;.<br \/>\nLaut einer offiziellen Statistik des Bundesinnenministeriums (BMI) sind die antisemitischen Straftaten in Deutschland in den vergangenen Jahren von 1.366 (2015) auf zuletzt 3.027 (2022) angestiegen. Ist Deutschland quasi \u201e\u00fcber Nacht\u201c zu einem von Rechtsextremen dominierten Land geworden oder wie ist diese Steigerung um 221 Prozent innerhalb von nur sieben Jahren zu erkl\u00e4ren? Auff\u00e4llig ist zudem, dass die Kurve in den Jahren 2015 bis 2017 zun\u00e4chst nur sehr langsam ansteigt, um dann ab 2018 exponentiell nach oben zu schie\u00dfen. Parallel zu dieser besorgniserregenden Entwicklung begann im Jahr 2015 die Fl\u00fcchtlingskrise, in deren Verlauf Deutschland und Europa in einem nie gekannten Ausma\u00df mit Fl\u00fcchtlingen aus dem muslimischen Kulturraum \u00fcberschwemmt worden sind. Laut Statista lag der Anteil der Muslime unter allen im Jahr 2021 registrierten Asylbewerbern bei 74,7 Prozent.<br \/>\n<a href=\"https:\/\/de.statista.com\/statistik\/daten\/studie\/452202\/umfrage\/asylbewerber-in-deutschland-nach-religionszugehoerigkeit\/\">https:\/\/de.statista.com\/statistik\/daten\/studie\/452202\/umfrage\/asylbewerber-in-deutschland-nach-religionszugehoerigkeit\/<\/a><br \/>\nSeit Beginn der Fl\u00fcchtlingskrise ist die Zahl der in Deutschland lebenden Muslime um 900.000 auf zuletzt rund 5,5 Millionen gestiegen, wie aus der Studie \u201eMuslimisches Leben in Deutschland\u201c<br \/>\n<a href=\"https:\/\/www.bamf.de\/SharedDocs\/Anlagen\/DE\/Forschung\/Forschungsberichte\/fb38-muslimisches-leben.pdf;jsessionid=ECF36D7B14060F4A85B61C7DFE93694D.internet551\">https:\/\/www.bamf.de\/SharedDocs\/Anlagen\/DE\/Forschung\/Forschungsberichte\/fb38-muslimisches-leben.pdf;jsessionid=ECF36D7B14060F4A85B61C7DFE93694D.internet551<\/a><br \/>\nhervorgeht.<br \/>\n&#8230; Alles vom 13.5.2022 bitte lesen auf<br \/>\n<a href=\"https:\/\/reitschuster.de\/post\/tabuthema-muslimischer-antisemitismus-in-deutschland\/\">https:\/\/reitschuster.de\/post\/tabuthema-muslimischer-antisemitismus-in-deutschland\/<\/a><\/p>\n<p>Einige Kommentare:<br \/>\n<strong>Solange der Zentralrat der Juden und viele weiter j\u00fcdische Vereine<\/strong><br \/>\nnicht offen um Klarstellung bem\u00fcht sind, scheint es wohl eher kein Problem mit muslimischem Antisemitismus zu geben.<br \/>\nOder sind diese Vereine nur ruhig, weil viele von Ihnen mit Steuergeld gef\u00f6rdert und unterst\u00fctzt werden?<br \/>\n13.5.2022, L.F.<\/p>\n<p><strong>Wie bestellt, so geliefert.<\/strong><br \/>\nWer erwartet von diesen Statistiken etwas anderes als L\u00fcgen? Alle Zahlen, ob im Zusammenhang mit der Pandemie, mit dem Antisemitismus oder Rechtsextremismus dienen nur dazu, die offiziellen Narrative zu best\u00e4tigen. Dazu werden sie erhoben und wenn sie nicht passen, wird getrickst.<br \/>\nDie Realit\u00e4t bildet keine einzige dieser Zahlen ab. Und je nach Einsatzgebiet gibt es dann Figuren wie Montgomery oder Faeser, die diese Zahlen zur Untermauerung ihrer L\u00fcgen benutzen.<br \/>\n13.5.2022, Hans-Hasso Stamer<\/p>\n<p>Ich selbst bin kein Jude und auch kein Anh\u00e4nger irgendeiner anderen Religion und finde es wunderlich wenn die Vorsitzenden der j\u00fcdischen Organisationen jubeln wenn die einzige Partei die die muslimische Einwanderung begrenzen will bei Wahlen Stimmen verliert und diese Partei sogar als Gefahr f\u00fcr die Demokratie bezeichnet.<br \/>\n13.5.2022, Ale<\/p>\n<p>&#8222;Eisenreich schaffte es, w\u00e4hrend der gesamten Pressekonferenz, den muslimischen Antisemitismus in Deutschland mit keiner Silbe zu erw\u00e4hnen. Stattdessen verwies er auf Judensterne mit der Aufschrift \u201eUngeimpft\u201c, die bei einigen Corona-Demonstrationen zu sehen gewesen seien.&#8220;<br \/>\nUnd dass die Judensterne mit der Aufschrift &#8222;Ungeimpft&#8220; ein politisches Statement sind (ob angemessen oder unangemessen ist eine andere Frage) &#8211; welches eine Ausgrenzung von Anderslebenden ins Bewu\u00dftsein bringen soll, so wie es damals bei Mitmenschen j\u00fcdischen Glaubens begann &#8211; wird wider besseren Wissens kategorisch in Abrede gestellt und v\u00f6llig anders interpretiert und am Ende pervertiert.<br \/>\nEin Paradebeispiel f\u00fcr &#8222;betreutes Denken&#8220;, mit Antisemitismus hat das nun objektiv und wirklich gar nichts zu tun.<br \/>\n13.5.2022, Eis<\/p>\n<p><strong>&#8222;Der Judenhass hat ein erschreckendes Ausma\u00df erreicht. Wir in Deutschland haben eine besondere Verantwortung f\u00fcr J\u00fcdinnen und Juden.&#8220;<\/strong><br \/>\nVerlogener geht&#8217;s kaum. In Berlin haben weder SPD noch Gr\u00fcne und auch Linke Probleme mit klar antisemitischen Demos mit Hassparolen. Wo die gleichen Parteien sonst mit Demoverboten um sich werfen.<br \/>\nUnd da war noch der neue Vorsitzende der Gr\u00fcnen, der gute Kontakte zur antisemitischen BDS pflegt und auch schon gemeinsame Aktionen durchgezogen hat.<br \/>\nLinksgr\u00fcn ist ein Katalysator f\u00fcr Antisemitismus in Deutschland. Deswegen kann sich Faeser, SPD, solche Auftritte sparen. Schweigen und Sch\u00e4men.<br \/>\n13.5.20222, R.L.<\/p>\n<p><strong>Diese Statistik zeichnet ein falsches Bild<\/strong><br \/>\nLaut BKA gehen fast 94 Prozent der antisemitischen Straftaten auf das Konto von &#8222;Rechtsextremisten&#8220;, also allen Personen, die nicht linksextrem sind.<br \/>\n&#8222;Diese Statistik zeichnet ein falsches Bild. Dass die Polizei die antisemitischen Straftaten vor allem rechtsextremistischen Kreisen zuordnet, ist schlicht irref\u00fchrend. Alle F\u00e4lle, bei denen sich kein T\u00e4ter finden l\u00e4sst, werden automatisch dem Rechtsextremismus zugeschlagen. Das geschieht etwa bei der H\u00e4lfte der Delikte. Daher resultiert der eklatante \u00dcberhang Richtung Rechts. Diese Statistik widerspricht aber eindeutig den Befragungen j\u00fcdischer Opfer. Ich glaube, dass die Strafverfolgungsbeh\u00f6rden hier ziemlich im Dunkeln tappen.&#8220;<br \/>\nSagt die Frankfurter Professorin Susanne Schr\u00f6ter, Leiterin des Forschungszentrums &#8222;Globaler Islam&#8220;. Straftaten, die man keinem T\u00e4ter zuordnen kann, werden also pauschal als rechtsextrem einstuft, um dann daraus eine &#8222;Bedrohung von rechts&#8220; herbeizufantasieren. Selbst der H-Gru\u00df eines Hisbollah-Anh\u00e4ngers auf der islamistischen Al-Kuds-Demonstration in Berlin und der H-Gru\u00df des linken Agent Provocateurs mit dem RAF-Tattoo auf der Demo 2018 in Chemnitz landen in der &#8222;rechten&#8220; Statistik.<\/p>\n<p>Bei den antisemitischen Demonstrationen und Ausschreitungen in NRW im Mai 2021 waren 111 Tatverd\u00e4chtige erfasst und 36 von ihnen namentlich identifiziert worden. Sie alle sind laut Ministerium arabischst\u00e4mmig und teilweise in Deutschland geboren, sodass sie die deutsche Staatsb\u00fcrgerschaft haben. Einmal darf man raten, in welcher Statistik deren Delikte landen. Scheint ja wenig los zu sein mit den ganzen &#8222;Rechten&#8220;, wenn das Regime sich mit solchen Taschenspielertricks behelfen muss, um die Fassade zu wahren. Die Aufrechterhaltung der imagin\u00e4ren Bedrohung von Rechts ist die Existenzgrundlage des Regimes, welches inzwischen ganz offen AntiFa-Sympathisanten, Kommunisten und Islamisten in oberste Positionen putscht. Zudem braucht man die Statistik, um muslimischen und migrantischen Antisemitismus zu bagatellisieren. Wo sind denn die ganzen &#8222;rechten&#8220; Delikte? Bitte d\u00e4mmern Sie weiter, hier gibt es nichts zu sehen.<br \/>\n13.5.2022, Nic<\/p>\n<p><strong>Muslim mit deutschem Pass ist Rechtsextremist?<\/strong><br \/>\nWar es denn nicht so, dass sobald ein arabischst\u00e4mmiger Muslim einen deutschen Pass besitzt, seine antisemitischen Straftaten als rechtsextrem eingestuft werden? Muslimischer Antisemitismus kann nach der Definition dann nur von &#8222;nicht-deutschen&#8220; Muslimen begangen werden.<br \/>\n13.5.2022, A.D.<br \/>\nEnde Kommentare<\/p>\n","protected":false},"excerpt":{"rendered":"<p>Seit sp\u00e4testens 9\/2015 geht aus den allj\u00e4hrlichen BKA-Berichten zum Antisemitismus hervor, die Deutschen seien immer judenfeindlicher gesinnt. Eine unwahre Unterstellung, die umgekehrt zu der Vermutung f\u00fchrt, da\u00df bei einigen staatlichen Institutionen der Hass aufs Eigene, auf die deutsche Kultur, zunimmt.<\/p>\n","protected":false},"author":2,"featured_media":0,"comment_status":"open","ping_status":"closed","sticky":false,"template":"","format":"standard","meta":{"footnotes":""},"categories":[18,210,61,13,19],"tags":[325,732,421,420,622],"class_list":["post-100912","post","type-post","status-publish","format-standard","hentry","category-bildung","category-gewalt","category-kinder","category-kultur","category-religion","tag-demo","tag-gewalt","tag-islam","tag-juden","tag-migration"],"_links":{"self":[{"href":"https:\/\/www.freiburg-schwarzwald.de\/blog\/wp-json\/wp\/v2\/posts\/100912","targetHints":{"allow":["GET"]}}],"collection":[{"href":"https:\/\/www.freiburg-schwarzwald.de\/blog\/wp-json\/wp\/v2\/posts"}],"about":[{"href":"https:\/\/www.freiburg-schwarzwald.de\/blog\/wp-json\/wp\/v2\/types\/post"}],"author":[{"embeddable":true,"href":"https:\/\/www.freiburg-schwarzwald.de\/blog\/wp-json\/wp\/v2\/users\/2"}],"replies":[{"embeddable":true,"href":"https:\/\/www.freiburg-schwarzwald.de\/blog\/wp-json\/wp\/v2\/comments?post=100912"}],"version-history":[{"count":1,"href":"https:\/\/www.freiburg-schwarzwald.de\/blog\/wp-json\/wp\/v2\/posts\/100912\/revisions"}],"predecessor-version":[{"id":100913,"href":"https:\/\/www.freiburg-schwarzwald.de\/blog\/wp-json\/wp\/v2\/posts\/100912\/revisions\/100913"}],"wp:attachment":[{"href":"https:\/\/www.freiburg-schwarzwald.de\/blog\/wp-json\/wp\/v2\/media?parent=100912"}],"wp:term":[{"taxonomy":"category","embeddable":true,"href":"https:\/\/www.freiburg-schwarzwald.de\/blog\/wp-json\/wp\/v2\/categories?post=100912"},{"taxonomy":"post_tag","embeddable":true,"href":"https:\/\/www.freiburg-schwarzwald.de\/blog\/wp-json\/wp\/v2\/tags?post=100912"}],"curies":[{"name":"wp","href":"https:\/\/api.w.org\/{rel}","templated":true}]}}