{"id":100787,"date":"2022-05-10T12:22:39","date_gmt":"2022-05-10T10:22:39","guid":{"rendered":"https:\/\/www.freiburg-schwarzwald.de\/blog\/?p=100787"},"modified":"2022-05-10T14:48:13","modified_gmt":"2022-05-10T12:48:13","slug":"scholz-zum-8-mai-manipulation","status":"publish","type":"post","link":"https:\/\/www.freiburg-schwarzwald.de\/blog\/scholz-zum-8-mai-manipulation\/","title":{"rendered":"Scholz zum 8.Mai: Manipulation"},"content":{"rendered":"<p>In seiner Rede zum Jahrestag der deutschen Kapitulation vom 8.Mai 1945 hat Bundeskanzler Olaf Scholz irritierende bzw. unwahre Aussagen gemacht. Anla\u00df zur Sorge bereitet, da\u00df seitens der <a href=\"https:\/\/www.freiburg-schwarzwald.de\/blog\/kultur\/medien\/mainstream\/\">Medien<\/a> Kritik und Zweifel an der <a href=\"https:\/\/www.freiburg-schwarzwald.de\/blog\/kultur\/medien\/manipulation\/\">manipulativen<\/a> Darstellung des Kriegs in der <a href=\"https:\/\/www.freiburg-schwarzwald.de\/blog\/global\/ukraine\/\">Ukraine<\/a> weitgehend ausbleiben.<br \/>\n<!--more--><br \/>\n(1) Scholz manipuliert, indem er Geschichte verk\u00fcrzt darstellt: <em>&#8222;Russland hat diesen Krieg entfesselt&#8220;<\/em> stimmt nicht. Der Krieg hat seine Vorgeschichte in der Ausdehnung der <a href=\"https:\/\/www.freiburg-schwarzwald.de\/blog\/global\/eu\/europa\/nato\/\">NATO<\/a>, im <a href=\"https:\/\/www.freiburg-schwarzwald.de\/blog\/diplomatie-anstelle-von-krieg\/\">Putsch vom Maidan<\/a>, in der Aufr\u00fcstung der Ukraine durch USA und NATO sowie in seinen Beginn nach dem Minsker Abkommen 2014 mit dem jahrelangen Beschuss der Oblasten <a href=\"https:\/\/www.freiburg-schwarzwald.de\/blog\/global\/ukraine\/ukraine-russland\/\">Luchansk und Donezk<\/a> mit 14000 Toten als Folge des Verbotes von Russisch als Amtssprache. Mehr dazu von Jacques Baud <a href=\"https:\/\/www.freiburg-schwarzwald.de\/blog\/global\/ukraine\/donbass\/\">hier<\/a>.<\/p>\n<p>(2) Scholz manipuliert durch Verschweigen: <em>&#8222;&#8230; wir haben erstmals \u00fcberhaupt in der Geschichte der Bundesrepublik Waffen in ein solches Kriegsgebiet geschickt, in gro\u00dfem Umfang \u2013 und immer sorgf\u00e4ltig abw\u00e4gend auch schweres Ger\u00e4t&#8220;. <\/em>Erstmals? Diese Geschichtsf\u00e4lschung verschweigt den Golfkrieg 1990, den Irakkrieg 1993 (D war beteiligt durch <a href=\"https:\/\/www.freiburg-schwarzwald.de\/blog\/global\/deutschland\/deutschland-ukraine\/\">Ramstein<\/a>), den Kosovokrieg (D bombardiert in Serbien) und den Afghanistankrieg (D schickt Truppen).<\/p>\n<p>(3) Scholz manipuliert durch \u00dcbertreiben: Putin wolle <em>&#8222;die Ukraine unterwerfen, ihre Kultur und Identit\u00e4t vernichten&#8220;.\u00a0<\/em><br \/>\n(4) Scholz manipuliert durch gezieltes Einsetzen von Emotionen: <em>&#8222;&#8230; wie Russlands Armee in der Ukraine M\u00e4nner, Frauen und Kinder umbringt, ja selbst Fl\u00fcchtende angreift&#8220;<\/em>. Dabei sind Kriege auf allen Seiten furchtbar.<\/p>\n<p>(5) Scholz manipuliert durch &#8222;Wie sind die Guten&#8220;: Dieses Grundgef\u00fchl &#8218;Gut gegen B\u00f6se&#8216; durchzieht die gesamte Rede.<br \/>\n(6) Scholz manipuliert durch schlichte F\u00e4lschung: <em>&#8222;Wir werden keine Entscheidung treffen, die die NATO Kriegspartei werden l\u00e4\u00dft.&#8220;<\/em> Mit der Lieferung schwerer Waffen wie <a href=\"https:\/\/www.freiburg-schwarzwald.de\/blog\/engagement\/zukunft\/krieg\/panzer\/\">Panzer<\/a> und mit der Ausbildung ukrainischer Soldaten auf deutschem Boden sind wir de facto Kriegspartei. Zur Erinnerung: <em><strong>&#8222;Panzer sind keine Verteidigungsfahrzeuge&#8220;<\/strong><\/em> (Winfried Hermann (Gr\u00fcne), Verkehrsminister in BW).<br \/>\n.<br \/>\nDie Rede des Bundeskanzlers vom 8.5.2022 im Original:<br \/>\n<a href=\"https:\/\/www.mdr.de\/nachrichten\/deutschland\/politik\/video-620532.html\">https:\/\/www.mdr.de\/nachrichten\/deutschland\/politik\/video-620532.html<\/a><br \/>\nNicht einmal die Rede selbst, sondern die ausbleibende Kritik daran macht nachdenklich:<br \/>\nNimmt Olaf Scholz damit, derart dreiste Manipulationen vornehmen zu k\u00f6nnen, an, die Deutschen seien <a href=\"https:\/\/www.freiburg-schwarzwald.de\/blog\/bildung\/bildungsmisere\/\">ungebildet<\/a> oder gar <a href=\"https:\/\/www.freiburg-schwarzwald.de\/blog\/engagement\/zukunft\/dummheit\/\">dumm<\/a> und <a href=\"https:\/\/www.freiburg-schwarzwald.de\/blog\/bildung\/verbloedung\/\">verbl\u00f6det<\/a>?<br \/>\nDie \u00f6ffentlichen wie privaten reichweitenstarken Medien applaudieren ergeben &#8211; kaum <a href=\"https:\/\/www.freiburg-schwarzwald.de\/blog\/kultur\/medien\/kritik\/\">Kritik,<\/a> ohne Nachfrage, kein Zweifel. Ist eine <a href=\"https:\/\/www.freiburg-schwarzwald.de\/blog\/engagement\/zukunft\/demokratie\/demokratie-nation\/\">Demokratie<\/a> ohne <a href=\"https:\/\/www.freiburg-schwarzwald.de\/blog\/kultur\/medien\/meinungsfreiheit\/eigene-meinung\/\">abweichende Meinung<\/a> und Skepsis \u00fcberhaupt m\u00f6glich?<br \/>\n10.5.2022<br \/>\n.<\/p>\n<p><strong>Geschichtsf\u00e4lscher Scholz \u2013 unser Bundeskanzler, ein Meister der Manipulation<\/strong><br \/>\nVorweg eine pers\u00f6nliche Bemerkung: Ich frage mich, ob es noch Sinn macht, aufzukl\u00e4ren. Ich frage dies, weil in der Reaktion der meisten Medien auf die gestrige Ansprache des Bundeskanzlers klar wurde: Man kann hierzulande geballt die Unwahrheit sagen und als Bundeskanzler die eigenen Mitb\u00fcrger manipulieren, und wird daf\u00fcr belobigt. Eigentlich hoffnungslos. Und dennoch, wir haben keine Alternative. Im konkreten Fall kann ich die Kurzanalyse der Manipulationen, die die Fernsehansprache des Bundeskanzlers zum 8. Mai pr\u00e4gen, mit der Vorstellung einer erweiterten Fassung meines Buches zu den Methoden der Manipulation, zu <a href=\"https:\/\/www.freiburg-schwarzwald.de\/blog\/kultur\/medien\/manipulation\/\">\u201eGlaube wenig. Hinterfrage alles. Denke selbst\u201c<\/a> verbinden (mehr hier).<br \/>\n&#8230; Alles vom 9.5.2022 von Albrecht M\u00fcller bitte lesen auf<br \/>\n<a href=\"https:\/\/www.nachdenkseiten.de\/?p=83648\">https:\/\/www.nachdenkseiten.de\/?p=83648<\/a><br \/>\n.<br \/>\n<em>Albrecht M\u00fcller (* 16. Mai 1938 in Heidelberg) ist ein deutscher Volkswirt, Publizist und ehemaliger Politiker (SPD). M\u00fcller war Planungschef im Bundeskanzleramt unter den Bundeskanzlern Willy Brandt und Helmut Schmidt. Weiter war er von 1987 bis 1994 f\u00fcr die SPD Mitglied des Deutschen Bundestages und ist seit 2003 als Autor und Mitherausgeber der NachDenkSeiten <a href=\"https:\/\/www.nachdenkseiten.de\">https:\/\/www.nachdenkseiten.de<\/a> t\u00e4tig.<\/em><\/p>\n<p>&nbsp;<\/p>\n<p><strong>Geschichten verk\u00fcrzt erz\u00e4hlen. Das ist die f\u00fcr die Erz\u00e4hlungen zum Ukrainekrieg wohl wichtigste Manipulationsmethode<\/strong><br \/>\nIn allen Hauptmedien und von allen Politikern mit Einfluss wird so getan, als habe der Krieg in der Ukraine mit der Invasion Russlands am 24. Februar 2022 begonnen. Der Krieg wurde jedoch sp\u00e4testens mit der Ausdehnung der NATO, mit dem Putsch vom Maidan, der systematischen Aufr\u00fcstung der Ukraine durch NATO und USA u.a.m. vorbereitet und dann ab 2014 mit dem unentwegten Beschuss der abtr\u00fcnnigen Provinzen im Osten der Ukraine fortgesetzt. Russland hat seine Invasion mit diesem milit\u00e4rischen Terror begr\u00fcndet. Die Mehrheit unseres Volkes hat dank der \u00fcblichen Vorgehensweise, die Geschichte verk\u00fcrzt zu erz\u00e4hlen, keine Ahnung von der Grausamkeit der Milit\u00e4raktionen gegen die Menschen im Osten der Ukraine.<br \/>\nJetzt gibt es ein Video von Wilhelm Domke-Schulz: \u201eLeben und Sterben im <a href=\"https:\/\/www.freiburg-schwarzwald.de\/blog\/global\/ukraine\/donbass\/\">Donbass<\/a>\u201c.<a href=\"https:\/\/www.youtube.com\/watch?v=jx2O4SZnNIU&amp;t=3804s\"> https:\/\/www.youtube.com\/watch?v=jx2O4SZnNIU&amp;t=3804s<\/a><br \/>\n.. Alles vom 5.5.2022 bitte lesen auf<br \/>\n<a href=\"https:\/\/www.nachdenkseiten.de\/?p=83564\">https:\/\/www.nachdenkseiten.de\/?p=83564<\/a><\/p>\n","protected":false},"excerpt":{"rendered":"<p>In seiner Rede zum Jahrestag der deutschen Kapitulation vom 8.Mai 1945 hat Bundeskanzler Olaf Scholz irritierende bzw. unwahre Aussagen gemacht. Anla\u00df zur Sorge bereitet, da\u00df seitens der Medien Kritik und Zweifel an der manipulativen Darstellung des Kriegs in der Ukraine &hellip; <a href=\"https:\/\/www.freiburg-schwarzwald.de\/blog\/scholz-zum-8-mai-manipulation\/\">Weiterlesen <span class=\"meta-nav\">&rarr;<\/span><\/a><\/p>\n","protected":false},"author":2,"featured_media":0,"comment_status":"open","ping_status":"closed","sticky":false,"template":"","format":"standard","meta":{"footnotes":""},"categories":[18,36,210,14,162,63,80],"tags":[633,520,667,525,86],"class_list":["post-100787","post","type-post","status-publish","format-standard","hentry","category-bildung","category-engagement","category-gewalt","category-global","category-internet","category-krise","category-medien","tag-demokratie","tag-frieden","tag-krieg","tag-politik","tag-waffen"],"_links":{"self":[{"href":"https:\/\/www.freiburg-schwarzwald.de\/blog\/wp-json\/wp\/v2\/posts\/100787","targetHints":{"allow":["GET"]}}],"collection":[{"href":"https:\/\/www.freiburg-schwarzwald.de\/blog\/wp-json\/wp\/v2\/posts"}],"about":[{"href":"https:\/\/www.freiburg-schwarzwald.de\/blog\/wp-json\/wp\/v2\/types\/post"}],"author":[{"embeddable":true,"href":"https:\/\/www.freiburg-schwarzwald.de\/blog\/wp-json\/wp\/v2\/users\/2"}],"replies":[{"embeddable":true,"href":"https:\/\/www.freiburg-schwarzwald.de\/blog\/wp-json\/wp\/v2\/comments?post=100787"}],"version-history":[{"count":5,"href":"https:\/\/www.freiburg-schwarzwald.de\/blog\/wp-json\/wp\/v2\/posts\/100787\/revisions"}],"predecessor-version":[{"id":100801,"href":"https:\/\/www.freiburg-schwarzwald.de\/blog\/wp-json\/wp\/v2\/posts\/100787\/revisions\/100801"}],"wp:attachment":[{"href":"https:\/\/www.freiburg-schwarzwald.de\/blog\/wp-json\/wp\/v2\/media?parent=100787"}],"wp:term":[{"taxonomy":"category","embeddable":true,"href":"https:\/\/www.freiburg-schwarzwald.de\/blog\/wp-json\/wp\/v2\/categories?post=100787"},{"taxonomy":"post_tag","embeddable":true,"href":"https:\/\/www.freiburg-schwarzwald.de\/blog\/wp-json\/wp\/v2\/tags?post=100787"}],"curies":[{"name":"wp","href":"https:\/\/api.w.org\/{rel}","templated":true}]}}