{"id":100611,"date":"2022-05-03T13:37:03","date_gmt":"2022-05-03T11:37:03","guid":{"rendered":"https:\/\/www.freiburg-schwarzwald.de\/blog\/?p=100611"},"modified":"2022-05-03T13:39:34","modified_gmt":"2022-05-03T11:39:34","slug":"querfront-zu-waffenlieferungen","status":"publish","type":"post","link":"https:\/\/www.freiburg-schwarzwald.de\/blog\/querfront-zu-waffenlieferungen\/","title":{"rendered":"Querfront zu Waffenlieferungen"},"content":{"rendered":"<p>Die <a href=\"https:\/\/www.freiburg-schwarzwald.de\/blog\/keine-schweren-waffen-liefern\/\">Lieferung schwerer Waffen<\/a> in die <a href=\"https:\/\/www.freiburg-schwarzwald.de\/blog\/global\/ukraine\/\">Ukraine<\/a> wurde im Bundestag am 28.4.2022 von SPD, Gr\u00fcne, FDP und CDU\/CSU beschlossen. Die Parteien <a href=\"https:\/\/www.freiburg-schwarzwald.de\/blog\/engagement\/zukunft\/demokratie\/linke\/\">Linke<\/a> und <a href=\"https:\/\/www.freiburg-schwarzwald.de\/blog\/vereine\/partei\/afd\/\">AfD<\/a> stimmten dagegen &#8211; eine <a href=\"https:\/\/www.freiburg-schwarzwald.de\/blog\/engagement\/zukunft\/demokratie\/querfront\/\">Querfront<\/a>-Konstellation, in der sich die politische <a href=\"https:\/\/www.freiburg-schwarzwald.de\/blog\/engagement\/zukunft\/demokratie\/links\/\">Linke<\/a> und <a href=\"https:\/\/www.freiburg-schwarzwald.de\/blog\/vereine\/partei\/rechte-partei\/\">Rechte<\/a> zusammentun.<br \/>\n<!--more-->In der Weimarer Zeit sprach man von &#8222;linken Leuten von Rechts&#8220; bzw. &#8222;rechten Leuten von Links&#8220;. Querfront ist ein Zeichen von mangelndem &#8222;<a href=\"https:\/\/www.freiburg-schwarzwald.de\/blog\/global\/deutschland\/consent-of-the-governed\/\">Consent of th Governed&#8220;<\/a> (Volk bzw. Volksvertreter haben das Vertrauen in die <a href=\"https:\/\/www.freiburg-schwarzwald.de\/blog\/engagement\/zukunft\/demokratie\/ampel\/\">Exekutive<\/a> verloren) bzw. <a href=\"https:\/\/www.freiburg-schwarzwald.de\/blog\/engagement\/zukunft\/demokratie\/post-demokratie\/\">postdemokratischen<\/a> Zust\u00e4nden (die Probleme werden im Parlament nicht gen\u00fcgend offen und lange ausdiskutiert bzw. au\u00dferparlamentarisch per Verordnungen und Ma\u00dfnahmen geregelt).<br \/>\n.<br \/>\nVier Beispiele zur Querfront der \u00e4u\u00dfersten Rechten und Linken aus der j\u00fcngsten Zeit:<br \/>\n1) Alexander Gauland (MdB AfD) hielt anl\u00e4\u00dflich der Bundestagsdebatte um die Lieferung schwerer Waffen an die Ukraine am 28.4.2022 eine Rede &#8222;Schwere Waffen behindern Kompromiss&#8220; (Textskript <a href=\"https:\/\/www.freiburg-schwarzwald.de\/blog\/deutsche-panzer-gegen-russen\/\">hier<\/a>), die auch aus dem linken Lager breite Zustimmung erhielt.<br \/>\n2) Der Beitrag &#8222;Amerika treibt Europa in einen Atomkrieg&#8220; von Oskar Lafontaine (Linke) in der Z\u00fcricher Weltwoche vom 29.4.2022 (bitte <a href=\"https:\/\/www.freiburg-schwarzwald.de\/blog\/usa-europa-russland-china\/\">hier<\/a> lesen) k\u00f6nnte von der <a href=\"https:\/\/www.freiburg-schwarzwald.de\/blog\/vereine\/partei\/cdu\/\">Alt-CDU<\/a> vor dem Jahr 2002 stammen und findet auch bei der AfD in positive Resonanz.<\/p>\n<p>3) <a href=\"https:\/\/www.freiburg-schwarzwald.de\/blog\/engagement\/zukunft\/demokratie\/links\/wagenknecht\/\">Sahra Wagenknecht<\/a> (MdB Linke) begr\u00fcndet in ihrer Wochenschau vom 19.11.2021 mit &#8222;2G und Impfpflicht? Wie die Politik die Realit\u00e4t ausblendet&#8220; (mehr <a href=\"https:\/\/www.freiburg-schwarzwald.de\/blog\/business\/gesund\/corona-virus\/impfzwang\/\">hier<\/a>) die Sinnlosigkeit jeglichen <a href=\"https:\/\/www.freiburg-schwarzwald.de\/blog\/business\/gesund\/corona-virus\/impfzwang\/\">Impfzwangs<\/a>. Reger Zuspruch u.a. von der rechten AfD.<br \/>\n4) Bei ihrer Rede zur Ablehnung der Impfpflicht am 7.4.2022 im Bundestag (mehr <a href=\"https:\/\/www.freiburg-schwarzwald.de\/blog\/bundestag-lehnt-impfpflicht-ab\/\">hier<\/a>) erhielt Alice Weidel (AfD) auch von MdBs anderer Parteien Beifall &#8211; erstaunlich, wo doch AfDler im Deutschen Parlamentarismus als &#8222;Unber\u00fchrbare&#8220; nicht-applaudierbar gelten.<br \/>\n.<br \/>\nAuch auf Demos wie Spazierg\u00e4ngen f\u00fcr Freiheit und <a href=\"https:\/\/www.freiburg-schwarzwald.de\/blog\/engagement\/buergerinitiativen\/grundrechte-demo\/\">Grundrechte<\/a> laufen zunehmend Linke und Rechte nebeneinander (mehr hier). Da stellt sich die Frage, ob die politische <a href=\"https:\/\/www.freiburg-schwarzwald.de\/blog\/engagement\/zukunft\/demokratie\/rechts\/rechts-links\/\">Links-Rechts-Dichotomie<\/a> in der <a href=\"https:\/\/www.freiburg-schwarzwald.de\/blog\/engagement\/zukunft\/demokratie\/parteienstaat\/\">Parteienlandschaft<\/a> nicht veraltet ist. Womit die sog. Querfront in einem positiven Sinne &#8222;quer&#8220; w\u00e4re.<br \/>\n3.5.2022<\/p>\n","protected":false},"excerpt":{"rendered":"<p>Die Lieferung schwerer Waffen in die Ukraine wurde im Bundestag am 28.4.2022 von SPD, Gr\u00fcne, FDP und CDU\/CSU beschlossen. Die Parteien Linke und AfD stimmten dagegen &#8211; eine Querfront-Konstellation, in der sich die politische Linke und Rechte zusammentun.<\/p>\n","protected":false},"author":2,"featured_media":0,"comment_status":"open","ping_status":"closed","sticky":false,"template":"","format":"standard","meta":{"footnotes":""},"categories":[36,63,13,172],"tags":[700,633,667,649,626,525,780],"class_list":["post-100611","post","type-post","status-publish","format-standard","hentry","category-engagement","category-krise","category-kultur","category-zukunft","tag-corona","tag-demokratie","tag-krieg","tag-links","tag-partei","tag-politik","tag-rechts"],"_links":{"self":[{"href":"https:\/\/www.freiburg-schwarzwald.de\/blog\/wp-json\/wp\/v2\/posts\/100611","targetHints":{"allow":["GET"]}}],"collection":[{"href":"https:\/\/www.freiburg-schwarzwald.de\/blog\/wp-json\/wp\/v2\/posts"}],"about":[{"href":"https:\/\/www.freiburg-schwarzwald.de\/blog\/wp-json\/wp\/v2\/types\/post"}],"author":[{"embeddable":true,"href":"https:\/\/www.freiburg-schwarzwald.de\/blog\/wp-json\/wp\/v2\/users\/2"}],"replies":[{"embeddable":true,"href":"https:\/\/www.freiburg-schwarzwald.de\/blog\/wp-json\/wp\/v2\/comments?post=100611"}],"version-history":[{"count":3,"href":"https:\/\/www.freiburg-schwarzwald.de\/blog\/wp-json\/wp\/v2\/posts\/100611\/revisions"}],"predecessor-version":[{"id":100614,"href":"https:\/\/www.freiburg-schwarzwald.de\/blog\/wp-json\/wp\/v2\/posts\/100611\/revisions\/100614"}],"wp:attachment":[{"href":"https:\/\/www.freiburg-schwarzwald.de\/blog\/wp-json\/wp\/v2\/media?parent=100611"}],"wp:term":[{"taxonomy":"category","embeddable":true,"href":"https:\/\/www.freiburg-schwarzwald.de\/blog\/wp-json\/wp\/v2\/categories?post=100611"},{"taxonomy":"post_tag","embeddable":true,"href":"https:\/\/www.freiburg-schwarzwald.de\/blog\/wp-json\/wp\/v2\/tags?post=100611"}],"curies":[{"name":"wp","href":"https:\/\/api.w.org\/{rel}","templated":true}]}}