{"id":100455,"date":"2022-04-26T13:48:56","date_gmt":"2022-04-26T11:48:56","guid":{"rendered":"https:\/\/www.freiburg-schwarzwald.de\/blog\/?p=100455"},"modified":"2022-04-26T13:50:06","modified_gmt":"2022-04-26T11:50:06","slug":"gruene-und-fdp-fuer-kriegseintritt","status":"publish","type":"post","link":"https:\/\/www.freiburg-schwarzwald.de\/blog\/gruene-und-fdp-fuer-kriegseintritt\/","title":{"rendered":"Gr\u00fcne und FDP f\u00fcr Kriegseintritt"},"content":{"rendered":"<p>Der <a href=\"https:\/\/www.freiburg-schwarzwald.de\/blog\/vereine\/partei\/gruene\/gruene2021\/\">Gr\u00fcnen<\/a>-Europapolitiker Anton Hofreiter moniert im <a href=\"https:\/\/www.freiburg-schwarzwald.de\/blog\/kultur\/medien\/gez-medien\/zdf\/\">ZDF<\/a>-Morgenmagazin, \u201edass wir bei den <a href=\"https:\/\/www.freiburg-schwarzwald.de\/blog\/business\/wirtschaft\/sanktionen\/\">Sanktionen<\/a> bremsen, bei den <a href=\"https:\/\/www.freiburg-schwarzwald.de\/blog\/global\/waffen\/\">Waffenlieferungen<\/a> bremsen, und damit die Gefahr droht, dass der Krieg sich immer l\u00e4nger hinzieht\u201c. Dadurch ist zu bef\u00fcrchten, \u201edass weitere L\u00e4nder \u00fcberfallen werden <!--more-->und wir dann am Ende in einen erweiterten de facto <a href=\"https:\/\/www.freiburg-schwarzwald.de\/blog\/engagement\/zukunft\/krieg\/atomkrieg\/\">Dritten Weltkrieg<\/a> rutschen\u201c.<\/p>\n<p>Was f\u00fcr eine furchterregende, weil naive Logik: Deutschland soll <a href=\"https:\/\/www.freiburg-schwarzwald.de\/blog\/keine-schweren-waffen-liefern\/\">schwere Waffen<\/a> liefern, um ein schnelles Kriegsende zu erreichen (durch einen Sieg der <a href=\"https:\/\/www.freiburg-schwarzwald.de\/blog\/global\/ukraine\/\">Ukraine<\/a> \u00fcber <a href=\"https:\/\/www.freiburg-schwarzwald.de\/blog\/global\/ukraine\/ukraine-russland\/\">Russland<\/a>) und so einen 3. Weltkrieg zu verhindern. <a href=\"https:\/\/www.freiburg-schwarzwald.de\/blog\/friedens-statt-kriegsrhetorik\/\">Kriegsrhetorik<\/a> pur &#8211; kein Wort von Verhandlungen.<br \/>\nNach der Wahl 9\/2021 sollte Hofreiter Landwirtschaftsminister werden, dann Verkehrsminister, vor kurzem Familienminister, und nun ist er pl\u00f6tzlich zum Milit\u00e4rexperten mutiert, der Deutschland den Kriegseintritt mit schweren Waffen empfiehlt. Was kommt danach &#8211; Wiederaufbauminister? Eine solche <a href=\"https:\/\/www.freiburg-schwarzwald.de\/blog\/engagement\/zukunft\/demokratie\/politik\/\">Politik<\/a> macht Angst.<\/p>\n<p>Marie-Agnes Strack-Zimmermann (<a href=\"https:\/\/www.freiburg-schwarzwald.de\/blog\/vereine\/partei\/fdp\/\">FDP<\/a>), Vorsitzende des Verteidigungsausschusses im Bundestag, fordert ebenfalls die sofortige Lieferung schwerer Waffen (Panzer, Flugzeuge) in die Ukraine und somit den Kriegseintritt von Deutschland &#8211; mit dieser Begr\u00fcndung: \u201eSie (die russischen Soldaten) morden Zivilisten, vergewaltigen Frauen, verschleppen Kinder und sind v\u00f6llig entmenschlicht.\u201c<br \/>\n<a href=\"https:\/\/www.welt.de\/politik\/ausland\/video238230325\/Ukraine-Krieg-Strack-Zimmermann-kritisiert-zoegerliche-Verhalten-von-Olaf-Scholz.html\">https:\/\/www.welt.de\/politik\/ausland\/video238230325\/Ukraine-Krieg-Strack-Zimmermann-kritisiert-zoegerliche-Verhalten-von-Olaf-Scholz.html<\/a><br \/>\n.<br \/>\n<a href=\"https:\/\/www.freiburg-schwarzwald.de\/blog\/engagement\/zukunft\/krieg\/\">Krieg<\/a> ist falsch. Kriegseintritt ebenso. Es erschaudert, wenn Politiker so leichtfertig \u00fcber Krieg und Kriegseintritt daherreden. Und <a href=\"https:\/\/www.freiburg-schwarzwald.de\/blog\/kultur\/medien\/mainstream\/\">Medien<\/a> dies nicht kritisieren.<br \/>\n26.4.2022<br \/>\n.<\/p>\n<p><strong>Anton Hofreiter warnt vor \u201ede facto Drittem Weltkrieg\u201c<\/strong><br \/>\nDer Gr\u00fcnen-Politiker kritisiert die deutsche Haltung gegen\u00fcber der Ukraine als \u201epaternalistisch\u201c. Es k\u00f6nne zu einer weiteren Eskalation kommen.<br \/>\n&#8230; Hofreiter wies das unter anderem von Bundeskanzler Olaf Scholz (SPD) angef\u00fchrte Argument zur\u00fcck, Deutschlands M\u00f6glichkeiten zu Waffenlieferungen seien begrenzt, weil die ukrainische Armee nicht an den modernen Waffensystemen ausgebildet sei. \u201eIch finde es etwas paternalistisch, dem ukrainischen Milit\u00e4r zu sagen, ihr k\u00f6nnt damit nicht umgehen\u201c, sagte Hofreiter. Die ukrainische Armee leiste \u201eheldenhaften Widerstand\u201c.<br \/>\nAls \u201egut\u201c bezeichnete Hofreiter \u00dcberlegungen der Bundesregierung, dass osteurop\u00e4ische L\u00e4nder vertraute Waffensysteme russischer und sowjetischer Bauart an die Ukraine liefern und Deutschland dann die entstehenden L\u00fccken mit modernem Material f\u00fcllt. Zeitgleich m\u00fcsse aber eine Ausbildung ukrainischer Kr\u00e4fte an modernem Ger\u00e4t erfolgen f\u00fcr die Zeit, \u201ewenn das russische und sowjetische Material kaputtgeschossen ist\u201c.<br \/>\n&#8230; Alles vom 20.4.2022 bitte lesen auf<br \/>\n<a href=\"https:\/\/www.berliner-zeitung.de\/news\/hofreiter-warnt-vor-de-facto-drittem-weltkrieg-li.223415\">https:\/\/www.berliner-zeitung.de\/news\/hofreiter-warnt-vor-de-facto-drittem-weltkrieg-li.223415<\/a><br \/>\n.<br \/>\n.<br \/>\n<strong>Oberst a.D. Pazderski zu Hofreiters &#8222;Schwere Waffen&#8220;<\/strong><br \/>\n\u201eImmer wieder wird der Ruf \u2013 auch hier in den Facebook-Kommentaren \u2013 nach \u201eschweren Waffen\u201c f\u00fcr die Ukraine laut. Zuletzt von Gr\u00fcner Seite, von Hofreiter, Roth und Strack-Zimmerman. Ernsthaft auseinandergesetzt mit dieser Forderung haben sich die meisten jedoch nicht. Es hat den Anschein, dass viele diese Forderung stellen, weil sie glauben, mit der Lieferung \u201eschwerer Waffen\u201c k\u00f6nnte man das Problem l\u00f6sen, vor allem aber beruhigt es das eigene Gewissen, da man ja das vermeintlich Richtige fordert. Dringt man jedoch tiefer in die Materie ein, wird es deutlich komplizierter.<\/p>\n<p>Ich wage zu behaupten, dass viele die diese Forderung jetzt aufstellen nicht einmal genau wissen, was \u201eschwere Waffen\u201c eigentlich sind. Ist die \u201eSchwere\u201c abh\u00e4ngig vom Gewicht, vom Kaliber, von der Reichweite der Waffen, von der Panzerung, von der Reichweite der Fahrzeuge oder gar allem zusammen? Zudem stellt sich die Frage, wie sinnvoll es ist, jetzt solche Waffen an die Ukraine zu liefern und wie lange w\u00fcrde es voraussichtlich dauern, bis diese so zum Einsatz kommen, dass sie auch wirkungsvoll eingesetzt werden k\u00f6nnten?<\/p>\n<p>Vorweg: Wenn es sich um gepanzerte Transportfahrzeuge, wie die Transportpanzer M113, Fuchs o.\u00e4. oder um russisches Gro\u00dfger\u00e4t handelt, an dem die Ukrainer ausgebildet sind, gibt es relativ geringe Ausbildungsprobleme und eine Lieferung w\u00fcrde vermutlich sofort den Ukrainern nutzen. Sobald es sich allerdings um komplexe Waffensysteme handelt, mit denen die Ukrainer nicht vertraut sind, wie z.B. dem Leopard 1 oder Sch\u00fctzenpanzer Marder, wird es deutlich komplizierter.<br \/>\nUm diese Waffen effizient einsetzen zu k\u00f6nnen, m\u00fcssen die Besatzung, bestehend aus Kommandant, Richtsch\u00fctze, Kraftfahrer und im Kampfpanzer auch dem Ladesch\u00fctzen, ausgebildet sein und harmonieren, um das Waffensystem richtig zu bedienen und im besten Falle zu beherrschen.<br \/>\nUm laden, zielen und treffen zu k\u00f6nnen, sowohl gegen Erd- und Luftfeind, um St\u00f6rungen beseitigen, das Ger\u00e4t warten und ggfs. instandsetzen zu k\u00f6nnen, sowohl Waffe als auch Fahrzeug und den Panzer in jedem Gel\u00e4nde und bei jedem Wetter fahren zu k\u00f6nnen, ist eine umfassende Ausbildung aller Besatzungsmitglieder erforderlich. Ohne an den Fahrzeugen und am Ger\u00e4t ausgebildete Elektroniker, Kfz- und Waffenmechaniker wird das Gro\u00dfger\u00e4t zur Einmal- oder gar zur Wegwerfwaffe. Sobald n\u00e4mlich St\u00f6rungen auftreten oder das Fahrzeug ausgefallen ist, muss es stehengelassen und aufgegeben werden. Das kann nicht im Interesse der Ukrainer und derjenigen sein, die unbedingt helfen wollen.<\/p>\n<p>Bei diesen aufgezeigten Herausforderungen wurde noch nicht \u00fcber das harmonische Zusammenwirken der Besatzung gesprochen, das auszubildende taktische Verhalten, wie z.B. der Sch\u00fctzenpanzer Marder oder Leopard 1 im Gefecht \u2013 auch im Verbund und im Gefecht der verbundenen Waffen \u2013 am effizientesten eingesetzt werden. Jeder, der eine Ausbildung an einem Kampfpanzer Leopard 1, 2 oder Sch\u00fctzenpanzer Marder erfahren hat, wei\u00df, wie komplex und deshalb kompliziert die Systeme sind und sein k\u00f6nnen, und dass sie einen erheblichen Ausbildungsaufwand ben\u00f6tigen. Um noch ein weiteres Problem aufzuzeigen: Neben den Technikern w\u00fcrden f\u00fcr die gelieferten Fahrzeuge jegliche Ersatzteile fehlen, da keine Ersatzteilbest\u00e4nde vorhanden sind. Schon der Ausfall eines kleinen entscheidenden Teils, k\u00f6nnte den Stillstand und die Nichtmehr-Nutzung des Fahrzeuges bedeuten.<br \/>\nDar\u00fcberhinaus d\u00fcrfte auch die Munitionsversorgung sowohl f\u00fcr Leopard 1 und Marder ebenfalls ein erhebliches Problem darstellen. Allein am Sch\u00fctzenpanzer Marder werden im Kampf 1.250 Schu\u00df 20mm-Munition und 5.600 Schuss 7,62mm-Munition mitgef\u00fchrt. Die Munitionsbest\u00e4nde der Bundeswehr sind aber laut offiziellen Angaben aktuell auf einem Tiefststand. Ehrlicherweise muss die Frage gestellt werden, w\u00e4re Deutschland \u00fcberhaupt in der Lage eine ausreichende Munitionsversorgung f\u00fcr die gelieferten \u201eschweren Waffen\u201c zu gew\u00e4hrleisten?<\/p>\n<p>Der Verfasser war 2 Jahre Panzergrenadier-Zugf\u00fchrer (Marder), fast 5 Jahre Chef einer Panzergrenadier-Kompanie (Marder) und 2 Jahre Bataillonskommandeur eines Panzergrenadierbataillons (Marder). Ich war Schie\u00dflehrer f\u00fcr Handwaffen, Panzerabwehrhandwaffen und den Sch\u00fctzenpanzer Marder (20 mm). In meiner Laufbahn habe ich Tausende Soldaten, darunter Kompaniechefs, Zugf\u00fchrer, viele Kommandanten, Richtsch\u00fctzen, Kraftfahrer und Infanteristen\/Panzergrenadiere ausgebildet. Ich kenne die T\u00fccken und die Schwierigkeiten bei der Ausbildung und beim Einsatz dieses komplexen Ger\u00e4ts. Und \u2014 am Ger\u00e4t ausgebildet zu sein bedeutet noch lange nicht, dass man es beherrscht.\u201c<br \/>\n,,, Alles vom 21.4.2022 von Georg Pazderski bitte lesen auf<br \/>\n<a href=\"https:\/\/de-de.facebook.com\/Pazderski.Georg\">https:\/\/de-de.facebook.com\/Pazderski.Georg<\/a><\/p>\n<p>&nbsp;<\/p>\n","protected":false},"excerpt":{"rendered":"<p>Der Gr\u00fcnen-Europapolitiker Anton Hofreiter moniert im ZDF-Morgenmagazin, \u201edass wir bei den Sanktionen bremsen, bei den Waffenlieferungen bremsen, und damit die Gefahr droht, dass der Krieg sich immer l\u00e4nger hinzieht\u201c. Dadurch ist zu bef\u00fcrchten, \u201edass weitere L\u00e4nder \u00fcberfallen werden<\/p>\n","protected":false},"author":2,"featured_media":0,"comment_status":"open","ping_status":"closed","sticky":false,"template":"","format":"standard","meta":{"footnotes":""},"categories":[195,210,14,63,80,172],"tags":[732,667,525],"class_list":["post-100455","post","type-post","status-publish","format-standard","hentry","category-eu","category-gewalt","category-global","category-krise","category-medien","category-zukunft","tag-gewalt","tag-krieg","tag-politik"],"_links":{"self":[{"href":"https:\/\/www.freiburg-schwarzwald.de\/blog\/wp-json\/wp\/v2\/posts\/100455","targetHints":{"allow":["GET"]}}],"collection":[{"href":"https:\/\/www.freiburg-schwarzwald.de\/blog\/wp-json\/wp\/v2\/posts"}],"about":[{"href":"https:\/\/www.freiburg-schwarzwald.de\/blog\/wp-json\/wp\/v2\/types\/post"}],"author":[{"embeddable":true,"href":"https:\/\/www.freiburg-schwarzwald.de\/blog\/wp-json\/wp\/v2\/users\/2"}],"replies":[{"embeddable":true,"href":"https:\/\/www.freiburg-schwarzwald.de\/blog\/wp-json\/wp\/v2\/comments?post=100455"}],"version-history":[{"count":2,"href":"https:\/\/www.freiburg-schwarzwald.de\/blog\/wp-json\/wp\/v2\/posts\/100455\/revisions"}],"predecessor-version":[{"id":100457,"href":"https:\/\/www.freiburg-schwarzwald.de\/blog\/wp-json\/wp\/v2\/posts\/100455\/revisions\/100457"}],"wp:attachment":[{"href":"https:\/\/www.freiburg-schwarzwald.de\/blog\/wp-json\/wp\/v2\/media?parent=100455"}],"wp:term":[{"taxonomy":"category","embeddable":true,"href":"https:\/\/www.freiburg-schwarzwald.de\/blog\/wp-json\/wp\/v2\/categories?post=100455"},{"taxonomy":"post_tag","embeddable":true,"href":"https:\/\/www.freiburg-schwarzwald.de\/blog\/wp-json\/wp\/v2\/tags?post=100455"}],"curies":[{"name":"wp","href":"https:\/\/api.w.org\/{rel}","templated":true}]}}