{"id":100193,"date":"2022-04-17T09:09:09","date_gmt":"2022-04-17T07:09:09","guid":{"rendered":"https:\/\/www.freiburg-schwarzwald.de\/blog\/?p=100193"},"modified":"2025-04-21T16:45:57","modified_gmt":"2025-04-21T14:45:57","slug":"raetschen-bei-osterfeier-in-ebnet","status":"publish","type":"post","link":"https:\/\/www.freiburg-schwarzwald.de\/blog\/raetschen-bei-osterfeier-in-ebnet\/","title":{"rendered":"R\u00e4tschen bei Osterfeier in Ebnet"},"content":{"rendered":"<p>Feier der <a href=\"https:\/\/www.freiburg-schwarzwald.de\/blog\/religion\/kirchen\/ostern\/\">Osternacht<\/a> am 16.4.2022 in St. Hilarius in<a href=\"https:\/\/www.freiburg-schwarzwald.de\/blog\/regio\/freiburg\/ebnet\/\"> Freiburg-Ebnet<\/a>: Als es noch hell war, wurde die gro\u00dfe mobile R\u00e4tsche in den <a href=\"https:\/\/www.freiburg-schwarzwald.de\/blog\/kultur\/friedhoefe\/\">Friedhof<\/a> neben der <a href=\"https:\/\/www.freiburg-schwarzwald.de\/blog\/religion\/kirchen\/\">Pfarrkirche<\/a> <a href=\"https:\/\/www.freiburg-schwarzwald.de\/blog\/ebnet-feiert-900-jahre\/\">St. Hilarius<\/a> gerollt und mit Seilen am Gel\u00e4nder fixiert. Dann trafen auch die elf <a href=\"https:\/\/www.freiburg-schwarzwald.de\/blog\/raetschen-am-karfreitag-ebnet\/\">R\u00e4tschenbuben<\/a> ein, um sich mit ihren <a href=\"https:\/\/www.freiburg-schwarzwald.de\/blog\/ostern-raetschen-statt-glocken\/\">R\u00e4tschen<\/a> auf der Friedhofmauer zu postieren.<br \/>\n<!--more-->Um 20.45 Uhr begann das &#8222;Konzert&#8220; &#8211; laut, eindringlich und bei der einbrechenden Dunkelheit fast unheimlich. Nach dem Verstummen der R\u00e4tschen konnte die Osterfeier um 21 Uhr mit der ums Feuer versammelten Gemeinde auf dem Friedhof beginnen. &#8222;Lumen Christi&#8220;. Sogar der Mond lugte rechts von der Kirche hervor. Jeder konnte seine Kerze am Osterfeuer entz\u00fcnden, ans Grab bringen bzw. mit in die Kirche hineintragen, um dort die Auferstehungsfeier zu beginnen.<\/p>\n<h5><a href=\"https:\/\/www.freiburg-schwarzwald.de\/blog\/wp-content\/uploads\/2022\/04\/ostern1freiburg-ebnet220416.jpg\"><img loading=\"lazy\" decoding=\"async\" class=\"alignnone size-thumbnail wp-image-100194\" src=\"https:\/\/www.freiburg-schwarzwald.de\/blog\/wp-content\/uploads\/2022\/04\/ostern1freiburg-ebnet220416-180x135.jpg\" alt=\"\" width=\"180\" height=\"135\" srcset=\"https:\/\/www.freiburg-schwarzwald.de\/blog\/wp-content\/uploads\/2022\/04\/ostern1freiburg-ebnet220416-180x135.jpg 180w, https:\/\/www.freiburg-schwarzwald.de\/blog\/wp-content\/uploads\/2022\/04\/ostern1freiburg-ebnet220416-640x480.jpg 640w, https:\/\/www.freiburg-schwarzwald.de\/blog\/wp-content\/uploads\/2022\/04\/ostern1freiburg-ebnet220416-768x576.jpg 768w, https:\/\/www.freiburg-schwarzwald.de\/blog\/wp-content\/uploads\/2022\/04\/ostern1freiburg-ebnet220416.jpg 900w\" sizes=\"auto, (max-width: 180px) 100vw, 180px\" \/><\/a>\u00a0 \u00a0 \u00a0 \u00a0 \u00a0 \u00a0 <a href=\"https:\/\/www.freiburg-schwarzwald.de\/blog\/wp-content\/uploads\/2022\/04\/ostern2freiburg-ebnet220416.jpg\"><img loading=\"lazy\" decoding=\"async\" class=\"alignnone size-thumbnail wp-image-100195\" src=\"https:\/\/www.freiburg-schwarzwald.de\/blog\/wp-content\/uploads\/2022\/04\/ostern2freiburg-ebnet220416-180x135.jpg\" alt=\"\" width=\"180\" height=\"135\" srcset=\"https:\/\/www.freiburg-schwarzwald.de\/blog\/wp-content\/uploads\/2022\/04\/ostern2freiburg-ebnet220416-180x135.jpg 180w, https:\/\/www.freiburg-schwarzwald.de\/blog\/wp-content\/uploads\/2022\/04\/ostern2freiburg-ebnet220416-640x480.jpg 640w, https:\/\/www.freiburg-schwarzwald.de\/blog\/wp-content\/uploads\/2022\/04\/ostern2freiburg-ebnet220416-768x576.jpg 768w, https:\/\/www.freiburg-schwarzwald.de\/blog\/wp-content\/uploads\/2022\/04\/ostern2freiburg-ebnet220416.jpg 1000w\" sizes=\"auto, (max-width: 180px) 100vw, 180px\" \/><\/a><br \/>\n(1) Gro\u00dfe R\u00e4tsche 16.4.2022\u00a0 \u00a0 \u00a0 \u00a0(2) R\u00e4tschenbuben auf der Mauer<\/h5>\n<h5><a href=\"https:\/\/www.freiburg-schwarzwald.de\/blog\/wp-content\/uploads\/2022\/04\/ostern3freiburg-ebnet220416.jpg\"><img loading=\"lazy\" decoding=\"async\" class=\"alignnone size-thumbnail wp-image-100196\" src=\"https:\/\/www.freiburg-schwarzwald.de\/blog\/wp-content\/uploads\/2022\/04\/ostern3freiburg-ebnet220416-180x135.jpg\" alt=\"\" width=\"180\" height=\"135\" srcset=\"https:\/\/www.freiburg-schwarzwald.de\/blog\/wp-content\/uploads\/2022\/04\/ostern3freiburg-ebnet220416-180x135.jpg 180w, https:\/\/www.freiburg-schwarzwald.de\/blog\/wp-content\/uploads\/2022\/04\/ostern3freiburg-ebnet220416-640x480.jpg 640w, https:\/\/www.freiburg-schwarzwald.de\/blog\/wp-content\/uploads\/2022\/04\/ostern3freiburg-ebnet220416-1024x768.jpg 1024w, https:\/\/www.freiburg-schwarzwald.de\/blog\/wp-content\/uploads\/2022\/04\/ostern3freiburg-ebnet220416-768x576.jpg 768w, https:\/\/www.freiburg-schwarzwald.de\/blog\/wp-content\/uploads\/2022\/04\/ostern3freiburg-ebnet220416.jpg 1265w\" sizes=\"auto, (max-width: 180px) 100vw, 180px\" \/><\/a>\u00a0 \u00a0 \u00a0 \u00a0 \u00a0 \u00a0 <a href=\"https:\/\/www.freiburg-schwarzwald.de\/blog\/wp-content\/uploads\/2022\/04\/ostern4freiburg-ebnet220416.jpg\"><img loading=\"lazy\" decoding=\"async\" class=\"alignnone size-thumbnail wp-image-100197\" src=\"https:\/\/www.freiburg-schwarzwald.de\/blog\/wp-content\/uploads\/2022\/04\/ostern4freiburg-ebnet220416-180x135.jpg\" alt=\"\" width=\"180\" height=\"135\" srcset=\"https:\/\/www.freiburg-schwarzwald.de\/blog\/wp-content\/uploads\/2022\/04\/ostern4freiburg-ebnet220416-180x135.jpg 180w, https:\/\/www.freiburg-schwarzwald.de\/blog\/wp-content\/uploads\/2022\/04\/ostern4freiburg-ebnet220416-640x480.jpg 640w, https:\/\/www.freiburg-schwarzwald.de\/blog\/wp-content\/uploads\/2022\/04\/ostern4freiburg-ebnet220416-1024x768.jpg 1024w, https:\/\/www.freiburg-schwarzwald.de\/blog\/wp-content\/uploads\/2022\/04\/ostern4freiburg-ebnet220416-768x576.jpg 768w, https:\/\/www.freiburg-schwarzwald.de\/blog\/wp-content\/uploads\/2022\/04\/ostern4freiburg-ebnet220416.jpg 1265w\" sizes=\"auto, (max-width: 180px) 100vw, 180px\" \/><\/a><br \/>\n(3) Osterfeuer &#8222;Lumen Christi&#8220;\u00a0 (4) Feuer und Mond<\/h5>\n<h5>In Ebnet wird der <a href=\"https:\/\/www.freiburg-schwarzwald.de\/blog\/regio\/heimat\/brauchtum\/\">uralte Brauch<\/a> des <a href=\"https:\/\/www.freiburg-schwarzwald.de\/blog\/religion\/kirchen\/raetschen\/\">R\u00e4tschens<\/a> noch gelebt. W\u00e4hrend die Glocken schweigen, r\u00e4tschen die Buben mittags und abends zum Angelusgebet und vor der Karfreitags- und Osternachtsliturgie auf den Friedhofsmauern und der Kirchentreppe von St.Hilarius . Zus\u00e4tzlich laufen sie durch das Dorf und erinnern die B\u00fcrger alle 100 Meter mit lautem Rufen nach jedem R\u00e4tschen &#8222;S&#8216; erste mal in&#8217;d Kirch&#8220; und dann &#8222;S&#8217;zweite mal in&#8217;d Mett&#8220;.<\/h5>\n<h5><a href=\"https:\/\/www.freiburg-schwarzwald.de\/blog\/wp-content\/uploads\/2022\/04\/raetschen-freiburg-ebnet220415.jpg\"><img loading=\"lazy\" decoding=\"async\" class=\"alignnone size-thumbnail wp-image-100208\" src=\"https:\/\/www.freiburg-schwarzwald.de\/blog\/wp-content\/uploads\/2022\/04\/raetschen-freiburg-ebnet220415-180x149.jpg\" alt=\"\" width=\"180\" height=\"149\" srcset=\"https:\/\/www.freiburg-schwarzwald.de\/blog\/wp-content\/uploads\/2022\/04\/raetschen-freiburg-ebnet220415-180x149.jpg 180w, https:\/\/www.freiburg-schwarzwald.de\/blog\/wp-content\/uploads\/2022\/04\/raetschen-freiburg-ebnet220415-640x530.jpg 640w, https:\/\/www.freiburg-schwarzwald.de\/blog\/wp-content\/uploads\/2022\/04\/raetschen-freiburg-ebnet220415-768x636.jpg 768w, https:\/\/www.freiburg-schwarzwald.de\/blog\/wp-content\/uploads\/2022\/04\/raetschen-freiburg-ebnet220415.jpg 834w\" sizes=\"auto, (max-width: 180px) 100vw, 180px\" \/><\/a>\u00a0 Zwei Buben mit den R\u00e4tschen Karfreitag 13 Uhr in Ebnet<\/h5>\n<p>Dr. David Berger, wegen seinem Schwulsein entlassener Priester, geht in seinem Beitrag &#8222;Karfreitag: Klappern und Klapperspatzen&#8220;<a href=\"https:\/\/philosophia-perennis.com\/2022\/04\/15\/karfreitag-klappern-muezzin\/\"> https:\/\/philosophia-perennis.com\/2022\/04\/15\/karfreitag-klappern-muezzin\/<\/a> auf die Historie des Klapperns bzw. R\u00e4tschens ein und erinnert: &#8222;Bis heute klingt der ernste Ton der Holzklappern, der durch die Gassen des Dorfes hallte, in meinem Ged\u00e4chtnis nach. Und wenn ich ganz ehrlich sein soll, ist er f\u00fcr mich keine blo\u00dfe leere \u00c4u\u00dferlichkeit, sondern geh\u00f6rt ganz wesentlich mit zu jenen Br\u00e4uchen des Abendlandes, die wir wie unseren Augapfel h\u00fcten sollten. Sonst werden andere mit ihren Br\u00e4uchen kommen. Und ich m\u00f6chte um nichts in der Welt den Ton der Karfreitagsklappern durch den <a href=\"https:\/\/www.freiburg-schwarzwald.de\/blog\/religion\/islam\/moscheen\/\">Minarett-Ruf<\/a> des Muezzin eintauschen.&#8220;<br \/>\nAuch in diesem Sinne gilt, was einer der R\u00e4tschenbuben mir sagte: &#8222;Wir r\u00e4tschen f\u00fcr den Frieden&#8220;.<br \/>\n16.4.2022<br \/>\n.<\/p>\n<div id=\"attachment_100200\" style=\"width: 650px\" class=\"wp-caption alignnone\"><a href=\"https:\/\/www.freiburg-schwarzwald.de\/blog\/wp-content\/uploads\/2022\/04\/ostern5freiburg-ebnet-pan220416.jpg\"><img loading=\"lazy\" decoding=\"async\" aria-describedby=\"caption-attachment-100200\" class=\"size-full wp-image-100200\" src=\"https:\/\/www.freiburg-schwarzwald.de\/blog\/wp-content\/uploads\/2022\/04\/ostern5freiburg-ebnet-pan220416.jpg\" alt=\"\" width=\"640\" height=\"389\" srcset=\"https:\/\/www.freiburg-schwarzwald.de\/blog\/wp-content\/uploads\/2022\/04\/ostern5freiburg-ebnet-pan220416.jpg 640w, https:\/\/www.freiburg-schwarzwald.de\/blog\/wp-content\/uploads\/2022\/04\/ostern5freiburg-ebnet-pan220416-180x109.jpg 180w\" sizes=\"auto, (max-width: 640px) 100vw, 640px\" \/><\/a><p id=\"caption-attachment-100200\" class=\"wp-caption-text\">Karsamstagnacht in Freiburg-Ebnet 16.4.2022: Osterfeuer, Kirche, Gr\u00e4ber und Mond<\/p><\/div>\n<p><strong>.<br \/>\nKarfreitag: Klappern und Klapperspatze<\/strong>n<br \/>\nLediglich an drei Tagen im Kirchenjahr verstummen alle Glocken (und die Orgel) in der katholischen Kirche ganz. Von Gr\u00fcndonnerstag nach dem Gloria der Messe vom letzten Abendmahl \u00fcber den Karfreitag bis zum Gloria in der Osternacht von Karsamstag auf Ostersonntag.<br \/>\nUnd hier kommt unsere \u201evergessene Kostbarkeit\u201c dieser Woche zum Einsatz: Die Klapper oder Ratsche. Sie soll die feierlichen Glocken mit ihrem ernsten Ton ersetzen. Und das nicht nur w\u00e4hrend der Elevation von Hostie und Kelch sowie der \u00dcbertragung des Allerheiligsten weg vom Hochaltar in der Gr\u00fcndonnerstagsliturgie, sondern auch um zum Gottesdienst und zum dreimaligen Gebet zu rufen.<br \/>\n&#8230; Alles vom 15.4.20222 bitte lesen auf<br \/>\n<a href=\"https:\/\/philosophia-perennis.com\/2022\/04\/15\/karfreitag-klappern-muezzin\/\">https:\/\/philosophia-perennis.com\/2022\/04\/15\/karfreitag-klappern-muezzin\/<\/a><\/p>\n<p>Kommentare:<br \/>\nBei uns im Dorf (Krottensee) ist dieser Brauch noch lebendig. Heute fr\u00fch um sechs zogen 6 Raatschlerer durch das Dorf und verk\u00fcndeten in den &#8222;Absetzen&#8220; den &#8222;Englischen Gru\u00df&#8220;.<br \/>\n15.4.2022, Doc<\/p>\n<p>In meinem Wahlheimatort Schmalnau in der hessischen Rh\u00f6n sind die Klapperjungs bis heute unterwegs.<br \/>\n15.4.2022, Sch<\/p>\n","protected":false},"excerpt":{"rendered":"<p>Feier der Osternacht am 16.4.2022 in St. Hilarius in Freiburg-Ebnet: Als es noch hell war, wurde die gro\u00dfe mobile R\u00e4tsche in den Friedhof neben der Pfarrkirche St. Hilarius gerollt und mit Seilen am Gel\u00e4nder fixiert. Dann trafen auch die elf &hellip; <a href=\"https:\/\/www.freiburg-schwarzwald.de\/blog\/raetschen-bei-osterfeier-in-ebnet\/\">Weiterlesen <span class=\"meta-nav\">&rarr;<\/span><\/a><\/p>\n","protected":false},"author":2,"featured_media":0,"comment_status":"open","ping_status":"closed","sticky":false,"template":"","format":"standard","meta":{"footnotes":""},"categories":[212,50,36,235,60,261,13,19,6],"tags":[511,281,248,765,503,301,175],"class_list":["post-100193","post","type-post","status-publish","format-standard","hentry","category-alemannisch","category-dreisamtal","category-engagement","category-geschichte","category-jugend","category-katholisch","category-kultur","category-religion","category-vereine","tag-brauchtum","tag-burgerinitiativen","tag-feste","tag-kath","tag-church","tag-culture","tag-ortsgeschichte"],"_links":{"self":[{"href":"https:\/\/www.freiburg-schwarzwald.de\/blog\/wp-json\/wp\/v2\/posts\/100193","targetHints":{"allow":["GET"]}}],"collection":[{"href":"https:\/\/www.freiburg-schwarzwald.de\/blog\/wp-json\/wp\/v2\/posts"}],"about":[{"href":"https:\/\/www.freiburg-schwarzwald.de\/blog\/wp-json\/wp\/v2\/types\/post"}],"author":[{"embeddable":true,"href":"https:\/\/www.freiburg-schwarzwald.de\/blog\/wp-json\/wp\/v2\/users\/2"}],"replies":[{"embeddable":true,"href":"https:\/\/www.freiburg-schwarzwald.de\/blog\/wp-json\/wp\/v2\/comments?post=100193"}],"version-history":[{"count":5,"href":"https:\/\/www.freiburg-schwarzwald.de\/blog\/wp-json\/wp\/v2\/posts\/100193\/revisions"}],"predecessor-version":[{"id":133036,"href":"https:\/\/www.freiburg-schwarzwald.de\/blog\/wp-json\/wp\/v2\/posts\/100193\/revisions\/133036"}],"wp:attachment":[{"href":"https:\/\/www.freiburg-schwarzwald.de\/blog\/wp-json\/wp\/v2\/media?parent=100193"}],"wp:term":[{"taxonomy":"category","embeddable":true,"href":"https:\/\/www.freiburg-schwarzwald.de\/blog\/wp-json\/wp\/v2\/categories?post=100193"},{"taxonomy":"post_tag","embeddable":true,"href":"https:\/\/www.freiburg-schwarzwald.de\/blog\/wp-json\/wp\/v2\/tags?post=100193"}],"curies":[{"name":"wp","href":"https:\/\/api.w.org\/{rel}","templated":true}]}}